{"id":186464,"date":"2025-06-02T20:26:42","date_gmt":"2025-06-02T17:26:42","guid":{"rendered":"https:\/\/www.tgrthaber.com\/mavikadin\/?p=186464"},"modified":"2025-06-02T20:26:43","modified_gmt":"2025-06-02T17:26:43","slug":"survivordan-elenen-semadan-bomba-gibi-pinar-saka-itirafi","status":"publish","type":"post","link":"https:\/\/www.tgrthaber.com\/mavikadin\/survivordan-elenen-semadan-bomba-gibi-pinar-saka-itirafi\/","title":{"rendered":"Survivor&#8217;dan elenen Sema&#8217;dan bomba gibi P\u0131nar Saka itiraf\u0131!"},"content":{"rendered":"<p class=\"p1\">Survivor All Star 2025\u2019te b\u00fcy\u00fck finale say\u0131l\u0131 g\u00fcnler kala, adada veda r\u00fczgarlar\u0131 esmeye devam ediyor. Yar\u0131\u015fman\u0131n g\u00fc\u00e7l\u00fc kad\u0131n fig\u00fcrlerinden biri olan Sema Aydemir, 27 May\u0131s ak\u015fam\u0131 yay\u0131nlanan d\u00fcello b\u00f6l\u00fcm\u00fcnde s\u00fcrpriz bir \u015fekilde yar\u0131\u015fmadan elendi. Vedas\u0131n\u0131n ard\u0131ndan yapt\u0131\u011f\u0131 a\u00e7\u0131klamalar ise dikkat \u00e7ekti. \u00d6zellikle tart\u0131\u015fmal\u0131 oldu\u011fu isim P\u0131nar Saka hakk\u0131nda s\u00f6yledikleri dikkat \u00e7ekti.<\/p>\n<h3>SURV\u0130VOR&#8217;DAN ELENEN SEMA&#8217;DAN BOMBA G\u0130B\u0130 PINAR SAKA \u0130T\u0130RAFI<\/h3>\n<p class=\"p1\">Ge\u00e7ti\u011fimiz sezon tart\u0131\u015fmal\u0131 olaylarla s\u0131k s\u0131k g\u00fcndeme gelen Sema, bu y\u0131l daha sakin ama kararl\u0131 bir profil \u00e7izmi\u015fti. Ancak bireysel rekabetin t\u0131rmand\u0131\u011f\u0131 bu d\u00f6nemde, rakibi Aycan Yana\u00e7\u2019a kar\u015f\u0131 \u00e7\u0131kt\u0131\u011f\u0131 d\u00fcellodan ma\u011flubiyetle ayr\u0131ld\u0131 ve hayallerine veda etti.<\/p>\n<p><img loading=\"lazy\" decoding=\"async\" class=\"alignnone wp-image-186467 \" src=\"https:\/\/www.tgrthaber.com\/mavikadin\/wp-content\/uploads\/Ekran-Resmi-2025-06-02-20.18.04.png\" alt=\"\" width=\"978\" height=\"596\" title=\"\" srcset=\"https:\/\/www.tgrthaber.com\/mavikadin\/wp-content\/uploads\/Ekran-Resmi-2025-06-02-20.18.04.png 962w, https:\/\/www.tgrthaber.com\/mavikadin\/wp-content\/uploads\/Ekran-Resmi-2025-06-02-20.18.04-300x183.png 300w, https:\/\/www.tgrthaber.com\/mavikadin\/wp-content\/uploads\/Ekran-Resmi-2025-06-02-20.18.04-768x468.png 768w\" sizes=\"(max-width: 978px) 100vw, 978px\" \/><\/p>\n<hr \/>\n<p class=\"p1\">Haftan\u0131n eleme potas\u0131nda yer alan d\u00f6rt isim Aycan Yana\u00e7, Hikmet Tu\u011fsuz, Adem K\u0131l\u0131\u00e7c\u0131 ve Sema Aydemir olmu\u015ftu. Zorlu ge\u00e7en m\u00fccadelelerin ard\u0131ndan final d\u00fcellosunda Sema ve Aycan kar\u015f\u0131 kar\u015f\u0131ya geldi. Nefes kesen anlar\u0131n sonunda kazanan Aycan oldu, Sema ise veda eden isim olarak Survivor tarihine bir kez daha not d\u00fc\u015ft\u00fc. Adaya veda ettikten sonra duygular\u0131n\u0131 payla\u015fan Sema, &#8216;Her \u015feyin bir sonu var, elimden geleni yapt\u0131m&#8217; diyerek sakin bir a\u00e7\u0131klama yapt\u0131. Ayr\u0131ca final yolunda kendi favori d\u00f6rtl\u00fcs\u00fcn\u00fc de payla\u015ft\u0131. Sema\u2019n\u0131n bu s\u00f6zleri, sosyal medyada destek\u00e7ileri aras\u0131nda yeni bir tart\u0131\u015fma ba\u015flatt\u0131.<\/p>\n<p><img loading=\"lazy\" decoding=\"async\" class=\"alignnone wp-image-186468 size-large\" src=\"https:\/\/www.tgrthaber.com\/mavikadin\/wp-content\/uploads\/Ekran-Resmi-2025-06-02-20.17.32-1024x549.png\" alt=\"\" width=\"1024\" height=\"549\" title=\"\" srcset=\"https:\/\/www.tgrthaber.com\/mavikadin\/wp-content\/uploads\/Ekran-Resmi-2025-06-02-20.17.32-1024x549.png 1024w, https:\/\/www.tgrthaber.com\/mavikadin\/wp-content\/uploads\/Ekran-Resmi-2025-06-02-20.17.32-300x161.png 300w, https:\/\/www.tgrthaber.com\/mavikadin\/wp-content\/uploads\/Ekran-Resmi-2025-06-02-20.17.32-768x412.png 768w, https:\/\/www.tgrthaber.com\/mavikadin\/wp-content\/uploads\/Ekran-Resmi-2025-06-02-20.17.32.png 1294w\" sizes=\"(max-width: 1024px) 100vw, 1024px\" \/><\/p>\n<hr \/>\n<p class=\"p1\">Sezonda beni d\u00fc\u015f\u00fcnd\u00fcren olay P\u0131nar&#8217;\u0131n sonradan gelmesi. Ortal\u0131k sakinle\u015fti, bana olan tav\u0131rlar\u0131 farkl\u0131yd\u0131. Giderken elini uzatt\u0131\u011f\u0131 i\u00e7in elimi uzatt\u0131m. Bu \u015fekilde olmas\u0131 benim i\u00e7in de iyi oldu. El s\u0131kmayla beraber onun benim hayat\u0131mdaki yeri tamamen bitti&#8217; a\u00e7\u0131klamas\u0131yla g\u00fcndem oldu.\u00a0 Ge\u00e7en sene Survivor&#8217;da P\u0131nar ile kavga eden ve diskalifiye olan Sema, &#8216;Survivor 2025&#8217;e gelirken \u00e7ok farkl\u0131 sezon olaca\u011f\u0131n\u0131n fark\u0131ndayd\u0131m. Ge\u00e7en sene \u00e7ok k\u00f6t\u00fc \u015feyler ya\u015fad\u0131m ve benim maceram b\u00f6yle bitsin istemedim&#8217; dedi.<\/p>\n<p><img loading=\"lazy\" decoding=\"async\" class=\"alignnone wp-image-186469 size-large\" src=\"https:\/\/www.tgrthaber.com\/mavikadin\/wp-content\/uploads\/Ekran-Resmi-2025-06-02-20.17.41-1024x563.png\" alt=\"\" width=\"1024\" height=\"563\" title=\"\" srcset=\"https:\/\/www.tgrthaber.com\/mavikadin\/wp-content\/uploads\/Ekran-Resmi-2025-06-02-20.17.41-1024x563.png 1024w, https:\/\/www.tgrthaber.com\/mavikadin\/wp-content\/uploads\/Ekran-Resmi-2025-06-02-20.17.41-300x165.png 300w, https:\/\/www.tgrthaber.com\/mavikadin\/wp-content\/uploads\/Ekran-Resmi-2025-06-02-20.17.41-768x422.png 768w, https:\/\/www.tgrthaber.com\/mavikadin\/wp-content\/uploads\/Ekran-Resmi-2025-06-02-20.17.41.png 1270w\" sizes=\"(max-width: 1024px) 100vw, 1024px\" \/><\/p>\n<hr \/>\n<h3 class=\"p1\"><b>&#8216;BA\u015eARISIZ B\u0130R SEZONDU&#8217;<\/b><\/h3>\n<p class=\"p1\">Kendisi i\u00e7in ba\u015far\u0131s\u0131z bir sezon oldu\u011funu dile getiren Sema, &#8216;Bu macera son 1 ayda benim i\u00e7in \u00e7ok k\u00f6t\u00fc ilerliyordu. Arkada\u015flar\u0131n gitme kavgas\u0131ndan bir t\u00fcrl\u00fc bana s\u0131ra gelmiyordu.<\/p>\n<p><img loading=\"lazy\" decoding=\"async\" class=\"alignnone wp-image-186470 size-large\" src=\"https:\/\/www.tgrthaber.com\/mavikadin\/wp-content\/uploads\/Ekran-Resmi-2025-06-02-18.32.28-1024x593.png\" alt=\"\" width=\"1024\" height=\"593\" title=\"\" srcset=\"https:\/\/www.tgrthaber.com\/mavikadin\/wp-content\/uploads\/Ekran-Resmi-2025-06-02-18.32.28-1024x593.png 1024w, https:\/\/www.tgrthaber.com\/mavikadin\/wp-content\/uploads\/Ekran-Resmi-2025-06-02-18.32.28-300x174.png 300w, https:\/\/www.tgrthaber.com\/mavikadin\/wp-content\/uploads\/Ekran-Resmi-2025-06-02-18.32.28-768x445.png 768w, https:\/\/www.tgrthaber.com\/mavikadin\/wp-content\/uploads\/Ekran-Resmi-2025-06-02-18.32.28.png 1026w\" sizes=\"(max-width: 1024px) 100vw, 1024px\" \/><\/p>\n<hr \/>\n<p class=\"p1\">Gitme kavgas\u0131 yapan b\u00fct\u00fcn arkada\u015flar bir anda \u0130stanbul&#8217;a gitmek istemi\u015fler. Biz hep yaz\u0131ld\u0131k Sema korunuyor demeleri \u00e7ok zoruma gitti. Bir ayd\u0131r ba\u015far\u0131l\u0131 olamad\u0131m. Benim i\u00e7in ba\u015far\u0131s\u0131z bir sezondu&#8217;\u00a0 ifadelerini kulland\u0131.<\/p>\n","protected":false},"excerpt":{"rendered":"<p>Survivor All Star 2025\u2019te adaya veda eden Sema Aydemir, elenmesinin ard\u0131ndan yapt\u0131\u011f\u0131 a\u00e7\u0131klamalarla g\u00fcndeme oturdu. \u00d6zellikle ge\u00e7mi\u015fte gerilim ya\u015fad\u0131\u011f\u0131 P\u0131nar Saka hakk\u0131nda s\u00f6yledikleri dikkat \u00e7ekti. Sema\u2019n\u0131n bu \u00e7\u0131k\u0131\u015f\u0131, sosyal medyada yeni bir tart\u0131\u015fman\u0131n fitilini ate\u015fledi.<\/p>\n","protected":false},"author":16,"featured_media":186471,"comment_status":"closed","ping_status":"closed","sticky":false,"template":"","format":"standard","meta":{"rank_math_lock_modified_date":false,"footnotes":""},"categories":[76],"tags":[],"class_list":["post-186464","post","type-post","status-publish","format-standard","has-post-thumbnail","hentry","category-magazin"],"_links":{"self":[{"href":"https:\/\/www.tgrthaber.com\/mavikadin\/wp-json\/wp\/v2\/posts\/186464"}],"collection":[{"href":"https:\/\/www.tgrthaber.com\/mavikadin\/wp-json\/wp\/v2\/posts"}],"about":[{"href":"https:\/\/www.tgrthaber.com\/mavikadin\/wp-json\/wp\/v2\/types\/post"}],"author":[{"embeddable":true,"href":"https:\/\/www.tgrthaber.com\/mavikadin\/wp-json\/wp\/v2\/users\/16"}],"replies":[{"embeddable":true,"href":"https:\/\/www.tgrthaber.com\/mavikadin\/wp-json\/wp\/v2\/comments?post=186464"}],"version-history":[{"count":1,"href":"https:\/\/www.tgrthaber.com\/mavikadin\/wp-json\/wp\/v2\/posts\/186464\/revisions"}],"predecessor-version":[{"id":186472,"href":"https:\/\/www.tgrthaber.com\/mavikadin\/wp-json\/wp\/v2\/posts\/186464\/revisions\/186472"}],"wp:featuredmedia":[{"embeddable":true,"href":"https:\/\/www.tgrthaber.com\/mavikadin\/wp-json\/wp\/v2\/media\/186471"}],"wp:attachment":[{"href":"https:\/\/www.tgrthaber.com\/mavikadin\/wp-json\/wp\/v2\/media?parent=186464"}],"wp:term":[{"taxonomy":"category","embeddable":true,"href":"https:\/\/www.tgrthaber.com\/mavikadin\/wp-json\/wp\/v2\/categories?post=186464"},{"taxonomy":"post_tag","embeddable":true,"href":"https:\/\/www.tgrthaber.com\/mavikadin\/wp-json\/wp\/v2\/tags?post=186464"}],"curies":[{"name":"wp","href":"https:\/\/api.w.org\/{rel}","templated":true}]}}