{"id":186481,"date":"2025-06-02T21:43:07","date_gmt":"2025-06-02T18:43:07","guid":{"rendered":"https:\/\/www.tgrthaber.com\/mavikadin\/?p=186481"},"modified":"2025-06-02T21:43:08","modified_gmt":"2025-06-02T18:43:08","slug":"icardi-ile-wanda-nara-sosyal-medyada-birbirine-girdi-johnny-depp-detayi-gundemde","status":"publish","type":"post","link":"https:\/\/www.tgrthaber.com\/mavikadin\/icardi-ile-wanda-nara-sosyal-medyada-birbirine-girdi-johnny-depp-detayi-gundemde\/","title":{"rendered":"Icardi ile Wanda Nara sosyal medyada birbirine girdi! Johnny Depp detay\u0131 g\u00fcndemde"},"content":{"rendered":"<p>Bir d\u00f6nem tutkulu birliktelikleriyle konu\u015fulan Mauro Icardi ve Wanda Nara cephesinde sular durulmuyor. Bo\u015fanman\u0131n ard\u0131ndan farkl\u0131 yollar\u0131 se\u00e7mi\u015f olsalar da, sosyal medya \u00fczerinden birbirlerine g\u00f6nderilen mesajlar, aralar\u0131ndaki gerginli\u011fi yeniden g\u00fcn y\u00fcz\u00fcne \u00e7\u0131kard\u0131. \u00d6zellikle son d\u00f6nemde yapt\u0131klar\u0131 dikkat \u00e7ekici payla\u015f\u0131mlar, magazin d\u00fcnyas\u0131nda yeni bir so\u011fuk sava\u015f\u0131n ba\u015flad\u0131\u011f\u0131 yorumlar\u0131na neden oldu. \u0130\u015fte detaylar&#8230;<\/p>\n<h3>ICARDI \u0130LE WANDA NARA SOSYAL MEDYADA B\u0130RB\u0130R\u0130NE G\u0130RD\u0130!<\/h3>\n<p>Wanda Nara\u2019n\u0131n son d\u00f6nemde art arda yapt\u0131\u011f\u0131 l\u00fcks ya\u015fam payla\u015f\u0131mlar\u0131, sosyal medyada geni\u015f yank\u0131 uyand\u0131rd\u0131.<\/p>\n<p><img loading=\"lazy\" decoding=\"async\" class=\"alignnone wp-image-186482\" src=\"https:\/\/www.tgrthaber.com\/mavikadin\/wp-content\/uploads\/mauro-icardi-ile-wanda-nara-bosandi-geriye-tek-bir-konu-kaldi-3209315_202503211221_1-300x194.webp\" alt=\"\" width=\"1208\" height=\"781\" title=\"\" srcset=\"https:\/\/www.tgrthaber.com\/mavikadin\/wp-content\/uploads\/mauro-icardi-ile-wanda-nara-bosandi-geriye-tek-bir-konu-kaldi-3209315_202503211221_1-300x194.webp 300w, https:\/\/www.tgrthaber.com\/mavikadin\/wp-content\/uploads\/mauro-icardi-ile-wanda-nara-bosandi-geriye-tek-bir-konu-kaldi-3209315_202503211221_1-1024x662.webp 1024w, https:\/\/www.tgrthaber.com\/mavikadin\/wp-content\/uploads\/mauro-icardi-ile-wanda-nara-bosandi-geriye-tek-bir-konu-kaldi-3209315_202503211221_1-768x497.webp 768w, https:\/\/www.tgrthaber.com\/mavikadin\/wp-content\/uploads\/mauro-icardi-ile-wanda-nara-bosandi-geriye-tek-bir-konu-kaldi-3209315_202503211221_1.webp 1280w\" sizes=\"(max-width: 1208px) 100vw, 1208px\" \/><\/p>\n<hr \/>\n<p>Gerek iddial\u0131 k\u0131yafetleriyle verdi\u011fi pozlar, gerekse pahal\u0131 otomobiller \u00f6n\u00fcnde sergiledi\u011fi kareler, takip\u00e7iler taraf\u0131ndan Mauro Icardi\u2019ye g\u00f6nderme olarak yorumland\u0131. \u00d6zellikle pembe arabas\u0131yla verdi\u011fi g\u00f6steri\u015fli poz, magazin g\u00fcndemine damga vurdu. Ancak bu payla\u015f\u0131m\u0131n ard\u0131ndan Mauro Icardi\u2019nin Johnny Depp g\u00f6ndermeli \u00e7\u0131k\u0131\u015f\u0131, adeta t\u00fcm dikkatleri \u00fczerine \u00e7ekti.<\/p>\n<p><img loading=\"lazy\" decoding=\"async\" class=\"alignnone wp-image-186483\" src=\"https:\/\/www.tgrthaber.com\/mavikadin\/wp-content\/uploads\/Adsiz-tasarim-3-30-300x169.png\" alt=\"\" width=\"1208\" height=\"680\" title=\"\" srcset=\"https:\/\/www.tgrthaber.com\/mavikadin\/wp-content\/uploads\/Adsiz-tasarim-3-30-300x169.png 300w, https:\/\/www.tgrthaber.com\/mavikadin\/wp-content\/uploads\/Adsiz-tasarim-3-30-1024x576.png 1024w, https:\/\/www.tgrthaber.com\/mavikadin\/wp-content\/uploads\/Adsiz-tasarim-3-30-768x432.png 768w, https:\/\/www.tgrthaber.com\/mavikadin\/wp-content\/uploads\/Adsiz-tasarim-3-30-1536x864.png 1536w, https:\/\/www.tgrthaber.com\/mavikadin\/wp-content\/uploads\/Adsiz-tasarim-3-30.png 1920w\" sizes=\"(max-width: 1208px) 100vw, 1208px\" \/><\/p>\n<hr \/>\n<h3>JOHNNY DEPP DETAYI G\u00dcNDEMDE<\/h3>\n<p>Galatasaray\u2019\u0131n y\u0131ld\u0131z futbolcusu Mauro Icardi, bir yapay zeka uygulamas\u0131 arac\u0131l\u0131\u011f\u0131yla olu\u015fturulmu\u015f Johnny Depp\u2019le yan yana oldu\u011fu bir g\u00f6rsel payla\u015ft\u0131.<\/p>\n<p>Bu payla\u015f\u0131m\u0131na \u201cBir aya Johnny, bizi pembe bir arabada g\u00f6receksin! Bay\u0131ld\u0131m!\u201d notunu d\u00fc\u015ferek esprili ama bariz bir \u015fekilde eski e\u015fine g\u00f6nderme yapt\u0131. Depp g\u00f6ndermesi ise, ge\u00e7mi\u015fte ya\u015fad\u0131\u011f\u0131 \u00e7alkant\u0131l\u0131 evlilikle benzerlik kuranlar\u0131n dikkatinden ka\u00e7mad\u0131.<\/p>\n<p><img loading=\"lazy\" decoding=\"async\" class=\"alignnone wp-image-186484\" src=\"https:\/\/www.tgrthaber.com\/mavikadin\/wp-content\/uploads\/Adsiz-tasarim-2-30-300x169.png\" alt=\"\" width=\"1208\" height=\"680\" title=\"\" srcset=\"https:\/\/www.tgrthaber.com\/mavikadin\/wp-content\/uploads\/Adsiz-tasarim-2-30-300x169.png 300w, https:\/\/www.tgrthaber.com\/mavikadin\/wp-content\/uploads\/Adsiz-tasarim-2-30-1024x576.png 1024w, https:\/\/www.tgrthaber.com\/mavikadin\/wp-content\/uploads\/Adsiz-tasarim-2-30-768x432.png 768w, https:\/\/www.tgrthaber.com\/mavikadin\/wp-content\/uploads\/Adsiz-tasarim-2-30-1536x864.png 1536w, https:\/\/www.tgrthaber.com\/mavikadin\/wp-content\/uploads\/Adsiz-tasarim-2-30.png 1920w\" sizes=\"(max-width: 1208px) 100vw, 1208px\" \/><\/p>\n<hr \/>\n<p>Icardi\u2019nin bu payla\u015f\u0131m\u0131na kar\u015f\u0131l\u0131k sessiz kal\u0131r gibi g\u00f6r\u00fcnen Wanda Nara, k\u0131sa s\u00fcre sonra cevab\u0131n\u0131 yine pozlar\u0131yla verdi. Bu kez elinde birden fazla araba anahtar\u0131n\u0131n oldu\u011fu bir kareyle takip\u00e7ilerinin kar\u015f\u0131s\u0131na \u00e7\u0131kan Nara, hem l\u00fcks i\u00e7inde ya\u015f\u0131yorum mesaj\u0131 verdi hem de \u201ctek ba\u015f\u0131ma da gayet iyiyim\u201d g\u00f6ndermesi yapt\u0131.<\/p>\n<p><img loading=\"lazy\" decoding=\"async\" class=\"alignnone wp-image-186485\" src=\"https:\/\/www.tgrthaber.com\/mavikadin\/wp-content\/uploads\/5666565-cwy6_cover-300x169.webp\" alt=\"\" width=\"1208\" height=\"680\" title=\"\" srcset=\"https:\/\/www.tgrthaber.com\/mavikadin\/wp-content\/uploads\/5666565-cwy6_cover-300x169.webp 300w, https:\/\/www.tgrthaber.com\/mavikadin\/wp-content\/uploads\/5666565-cwy6_cover-1024x576.webp 1024w, https:\/\/www.tgrthaber.com\/mavikadin\/wp-content\/uploads\/5666565-cwy6_cover-768x432.webp 768w, https:\/\/www.tgrthaber.com\/mavikadin\/wp-content\/uploads\/5666565-cwy6_cover.webp 1280w\" sizes=\"(max-width: 1208px) 100vw, 1208px\" \/><\/p>\n<hr \/>\n<p>Sosyal medyada ikilinin sava\u015f\u0131 s\u00fcrerken, Mauro Icardi\u2019nin oyuncu China Su\u00e1rez ile birlikte \u0130biza\u2019da g\u00f6r\u00fcnt\u00fclenmesi dikkatleri yeniden \u00f6zel hayat\u0131na \u00e7evirdi. Romantik anlar ya\u015fanan tekne turunda, \u00e7iftin mutlulu\u011fu g\u00f6zlerinden okunurken, hemen ard\u0131ndan Wanda Nara\u2019n\u0131n da \u0130biza\u2019dan payla\u015ft\u0131\u011f\u0131 foto\u011fraflar, tesad\u00fcf m\u00fc yoksa ince bir takip mi sorusunu da g\u00fcndeme ta\u015f\u0131d\u0131.<\/p>\n<p><img loading=\"lazy\" decoding=\"async\" class=\"alignnone wp-image-186486\" src=\"https:\/\/www.tgrthaber.com\/mavikadin\/wp-content\/uploads\/mauro-icardi-esi-wanda-nara-nin-actigi-davanin-durusmasina-katilmadi-1731703830-439_large-300x200.webp\" alt=\"\" width=\"1208\" height=\"805\" title=\"\" srcset=\"https:\/\/www.tgrthaber.com\/mavikadin\/wp-content\/uploads\/mauro-icardi-esi-wanda-nara-nin-actigi-davanin-durusmasina-katilmadi-1731703830-439_large-300x200.webp 300w, https:\/\/www.tgrthaber.com\/mavikadin\/wp-content\/uploads\/mauro-icardi-esi-wanda-nara-nin-actigi-davanin-durusmasina-katilmadi-1731703830-439_large.webp 734w\" sizes=\"(max-width: 1208px) 100vw, 1208px\" \/><\/p>\n<hr \/>\n<p>Birbirinden ba\u011f\u0131ms\u0131z gibi g\u00f6r\u00fcnen bu sosyal medya hareketleri, asl\u0131nda Mauro Icardi ve Wanda Nara aras\u0131ndaki hesapla\u015fman\u0131n farkl\u0131 bir y\u00fcz\u00fcn\u00fc ortaya koyuyor. \u0130kilinin aras\u0131ndaki bu g\u00f6r\u00fcnmeyen \u00e7eki\u015fme, magazin d\u00fcnyas\u0131nda uzun s\u00fcre daha konu\u015fulaca\u011fa benziyor.<\/p>\n","protected":false},"excerpt":{"rendered":"<p>Mauro Icardi ve eski e\u015fi Wanda Nara, bu kez sosyal medyada kar\u015f\u0131 kar\u015f\u0131ya geldi. Ayr\u0131l\u0131k sonras\u0131 bir s\u00fcre sessiz kalan \u00e7ift, son g\u00fcnlerde yapt\u0131klar\u0131 g\u00f6ndermelerle yeniden g\u00fcndeme oturdu. \u00d6zellikle Johnny Depp vurgulu payla\u015f\u0131m ve l\u00fcks ya\u015fam pozlar\u0131, ikili aras\u0131ndaki eski hesaplar\u0131n hala kapanmad\u0131\u011f\u0131n\u0131 ortaya koydu. \u0130\u015fte detaylar&#8230;<\/p>\n","protected":false},"author":35,"featured_media":186487,"comment_status":"closed","ping_status":"closed","sticky":false,"template":"","format":"standard","meta":{"rank_math_lock_modified_date":false,"footnotes":""},"categories":[76],"tags":[2221,23618,3474,133,2222],"class_list":["post-186481","post","type-post","status-publish","format-standard","has-post-thumbnail","hentry","category-magazin","tag-icardi","tag-icardi-ile-wanda-nara-sosyal-medya","tag-johnny-depp","tag-magazin","tag-wanda-nara"],"_links":{"self":[{"href":"https:\/\/www.tgrthaber.com\/mavikadin\/wp-json\/wp\/v2\/posts\/186481"}],"collection":[{"href":"https:\/\/www.tgrthaber.com\/mavikadin\/wp-json\/wp\/v2\/posts"}],"about":[{"href":"https:\/\/www.tgrthaber.com\/mavikadin\/wp-json\/wp\/v2\/types\/post"}],"author":[{"embeddable":true,"href":"https:\/\/www.tgrthaber.com\/mavikadin\/wp-json\/wp\/v2\/users\/35"}],"replies":[{"embeddable":true,"href":"https:\/\/www.tgrthaber.com\/mavikadin\/wp-json\/wp\/v2\/comments?post=186481"}],"version-history":[{"count":2,"href":"https:\/\/www.tgrthaber.com\/mavikadin\/wp-json\/wp\/v2\/posts\/186481\/revisions"}],"predecessor-version":[{"id":186489,"href":"https:\/\/www.tgrthaber.com\/mavikadin\/wp-json\/wp\/v2\/posts\/186481\/revisions\/186489"}],"wp:featuredmedia":[{"embeddable":true,"href":"https:\/\/www.tgrthaber.com\/mavikadin\/wp-json\/wp\/v2\/media\/186487"}],"wp:attachment":[{"href":"https:\/\/www.tgrthaber.com\/mavikadin\/wp-json\/wp\/v2\/media?parent=186481"}],"wp:term":[{"taxonomy":"category","embeddable":true,"href":"https:\/\/www.tgrthaber.com\/mavikadin\/wp-json\/wp\/v2\/categories?post=186481"},{"taxonomy":"post_tag","embeddable":true,"href":"https:\/\/www.tgrthaber.com\/mavikadin\/wp-json\/wp\/v2\/tags?post=186481"}],"curies":[{"name":"wp","href":"https:\/\/api.w.org\/{rel}","templated":true}]}}