{"id":186491,"date":"2025-06-02T22:33:59","date_gmt":"2025-06-02T19:33:59","guid":{"rendered":"https:\/\/www.tgrthaber.com\/mavikadin\/?p=186491"},"modified":"2025-06-02T22:34:00","modified_gmt":"2025-06-02T19:34:00","slug":"sarkici-simalin-esi-necati-aricidan-sitem-dolu-paylasim-satirlari-yurek-dagladi","status":"publish","type":"post","link":"https:\/\/www.tgrthaber.com\/mavikadin\/sarkici-simalin-esi-necati-aricidan-sitem-dolu-paylasim-satirlari-yurek-dagladi\/","title":{"rendered":"\u015eark\u0131c\u0131 \u015eimal&#8217;in e\u015fi Necati Ar\u0131c\u0131&#8217;dan sitem dolu payla\u015f\u0131m! Sat\u0131rlar\u0131 y\u00fcrek da\u011flad\u0131"},"content":{"rendered":"<p>Ge\u00e7ti\u011fimiz g\u00fcnlerde hayat\u0131n\u0131 kaybeden \u015fark\u0131c\u0131 \u015eimal&#8217;in ard\u0131ndan e\u015fi Necati Ar\u0131c\u0131\u2019dan gelen duygusal sat\u0131rlar y\u00fcrekleri da\u011flad\u0131. Sosyal medyada yapt\u0131\u011f\u0131 payla\u015f\u0131mda hem te\u015fekk\u00fcr etti hem de i\u00e7ini uzun s\u00fcredir kemiren sessiz k\u0131rg\u0131nl\u0131klar\u0131 payla\u015ft\u0131. \u0130\u015fte Necati Arc\u0131&#8217;dan sitem dolu \u015eimal payla\u015f\u0131m\u0131..<\/p>\n<h3>\u015eARKICI \u015e\u0130MAL&#8217;\u0130N E\u015e\u0130 NECAT\u0130 ARICI&#8217;NIN S\u0130TEM DOLU PAYLA\u015eIMI Y\u00dcREK DA\u011eLADI<\/h3>\n<p>Hayat\u0131n\u0131 kaybeden \u015fark\u0131c\u0131 \u015eimal\u2019in ard\u0131ndan y\u00fcrek burkan bir payla\u015f\u0131m da e\u015fi Necati Ar\u0131c\u0131\u2019dan geldi. Zorlu tedavi s\u00fcreci boyunca e\u015fini bir an olsun yaln\u0131z b\u0131rakmayan Ar\u0131c\u0131, sosyal medya hesab\u0131ndan yapt\u0131\u011f\u0131 a\u00e7\u0131klamayla hem te\u015fekk\u00fcr etti hem de \u201cdost bildikleri\u201d i\u00e7in a\u011f\u0131r s\u00f6zler sarf etti.<\/p>\n<p><img loading=\"lazy\" decoding=\"async\" class=\"alignnone wp-image-186493\" src=\"https:\/\/www.tgrthaber.com\/mavikadin\/wp-content\/uploads\/simal-evli-esi-kim-sarkici-simalin-soyadi-ne-aslen-nereli-cocugu-var-mi-540x360-1-300x200.webp\" alt=\"\" width=\"1208\" height=\"805\" title=\"\" srcset=\"https:\/\/www.tgrthaber.com\/mavikadin\/wp-content\/uploads\/simal-evli-esi-kim-sarkici-simalin-soyadi-ne-aslen-nereli-cocugu-var-mi-540x360-1-300x200.webp 300w, https:\/\/www.tgrthaber.com\/mavikadin\/wp-content\/uploads\/simal-evli-esi-kim-sarkici-simalin-soyadi-ne-aslen-nereli-cocugu-var-mi-540x360-1.webp 540w\" sizes=\"(max-width: 1208px) 100vw, 1208px\" \/><\/p>\n<hr \/>\n<p>\u015eimal\u2019in \u00f6l\u00fcm\u00fcn\u00fcn ard\u0131ndan ilk kez sessizli\u011fini bozan Necati Ar\u0131c\u0131, e\u015fiyle birlikte ge\u00e7irdi\u011fi son g\u00fcnleri ve ya\u015fad\u0131\u011f\u0131 k\u0131rg\u0131nl\u0131klar\u0131 sat\u0131rlar\u0131na yans\u0131tt\u0131. \u00d6zellikle baz\u0131 yak\u0131n \u00e7evrenin ilgisizli\u011fine dikkat \u00e7eken Ar\u0131c\u0131, bu derin ac\u0131 i\u00e7inde ger\u00e7ekleri g\u00f6rmenin ne kadar sars\u0131c\u0131 oldu\u011funu dile getirdi.<\/p>\n<p><img loading=\"lazy\" decoding=\"async\" class=\"alignnone wp-image-186494\" src=\"https:\/\/www.tgrthaber.com\/mavikadin\/wp-content\/uploads\/0x0-sarkici-simalin-esi-necati-aricidan-yeni-aciklama-durumu-kritik-oldu-haberlerini-yalanladi-1748595394422-300x157.webp\" alt=\"\" width=\"1208\" height=\"632\" title=\"\" srcset=\"https:\/\/www.tgrthaber.com\/mavikadin\/wp-content\/uploads\/0x0-sarkici-simalin-esi-necati-aricidan-yeni-aciklama-durumu-kritik-oldu-haberlerini-yalanladi-1748595394422-300x157.webp 300w, https:\/\/www.tgrthaber.com\/mavikadin\/wp-content\/uploads\/0x0-sarkici-simalin-esi-necati-aricidan-yeni-aciklama-durumu-kritik-oldu-haberlerini-yalanladi-1748595394422.webp 705w\" sizes=\"(max-width: 1208px) 100vw, 1208px\" \/><\/p>\n<hr \/>\n<h3>\u201cDUALARINI ES\u0130RGEMEYENLERE M\u0130NNETTARIM AMA&#8230;\u201d<\/h3>\n<p>Necati Ar\u0131c\u0131, payla\u015f\u0131m\u0131nda \u015fu ifadelere yer verdi: \u201c\u00d6l\u00fcm, her ne kadar hayat\u0131n ka\u00e7\u0131n\u0131lmaz bir par\u00e7as\u0131 olsa da, bu ger\u00e7e\u011fi kabullenmek tarifsiz bir ac\u0131 b\u0131rak\u0131yor. 30 May\u0131s Cuma g\u00fcn\u00fc, per\u015fembe gecesi \u015fifa dilekleriyle dua etti\u011fim e\u015fim i\u00e7in ertesi g\u00fcn rahmet diledim. B\u00f6ylesine a\u011f\u0131r bir duyguyu ya\u015farken, yan\u0131m\u0131zda olan dostlara, bizleri hi\u00e7 tan\u0131madan sab\u0131r dileyen insanlara sonsuz te\u015fekk\u00fcr ediyorum.\u201d<\/p>\n<p><img loading=\"lazy\" decoding=\"async\" class=\"alignnone wp-image-186495\" src=\"https:\/\/www.tgrthaber.com\/mavikadin\/wp-content\/uploads\/683d4019651bfdc11b9b3bd4-300x165.webp\" alt=\"\" width=\"1208\" height=\"663\" title=\"\" srcset=\"https:\/\/www.tgrthaber.com\/mavikadin\/wp-content\/uploads\/683d4019651bfdc11b9b3bd4-300x165.webp 300w, https:\/\/www.tgrthaber.com\/mavikadin\/wp-content\/uploads\/683d4019651bfdc11b9b3bd4-768x422.webp 768w, https:\/\/www.tgrthaber.com\/mavikadin\/wp-content\/uploads\/683d4019651bfdc11b9b3bd4.webp 869w\" sizes=\"(max-width: 1208px) 100vw, 1208px\" \/><\/p>\n<hr \/>\n<p>Ancak s\u00f6zlerine buruk bir sitem de ekleyen Ar\u0131c\u0131, \u201c\u015eimal\u2019in hastal\u0131\u011f\u0131 s\u00fcrecinde can ci\u011fer bildi\u011fimiz, sofram\u0131z\u0131 payla\u015ft\u0131\u011f\u0131m\u0131z kimi insanlar\u0131n yoklu\u011funu \u00e7ok derinden hissettik. O, bunu i\u00e7inde tutsa da rahats\u0131z olurdu; ben ise ancak \u015fimdi, onu topra\u011fa verdikten sonra anl\u0131yorum ne hissetti\u011fini. Vefa, her insandan beklenmiyormu\u015f; bu ac\u0131 bize bunu \u00f6\u011fretti\u201d diyerek hayal k\u0131r\u0131kl\u0131\u011f\u0131n\u0131 dile getirdi.<\/p>\n<p><img loading=\"lazy\" decoding=\"async\" class=\"alignnone wp-image-186496\" src=\"https:\/\/www.tgrthaber.com\/mavikadin\/wp-content\/uploads\/Adsiz-tasarim-4-29-300x169.png\" alt=\"\" width=\"1208\" height=\"680\" title=\"\" srcset=\"https:\/\/www.tgrthaber.com\/mavikadin\/wp-content\/uploads\/Adsiz-tasarim-4-29-300x169.png 300w, https:\/\/www.tgrthaber.com\/mavikadin\/wp-content\/uploads\/Adsiz-tasarim-4-29-1024x576.png 1024w, https:\/\/www.tgrthaber.com\/mavikadin\/wp-content\/uploads\/Adsiz-tasarim-4-29-768x432.png 768w, https:\/\/www.tgrthaber.com\/mavikadin\/wp-content\/uploads\/Adsiz-tasarim-4-29-1536x864.png 1536w, https:\/\/www.tgrthaber.com\/mavikadin\/wp-content\/uploads\/Adsiz-tasarim-4-29.png 1920w\" sizes=\"(max-width: 1208px) 100vw, 1208px\" \/><\/p>\n<hr \/>\n<h3>\u201cVEFA HERKES\u0130N HARCI DE\u011e\u0130LM\u0130\u015e\u201d<\/h3>\n<p>\u015eark\u0131c\u0131n\u0131n 31 May\u0131s\u2019ta Ayd\u0131n Ku\u015fadas\u0131\u2019nda d\u00fczenlenen cenazesinde olduk\u00e7a duygusal anlar ya\u015fanm\u0131\u015ft\u0131. E\u015finin mezar\u0131na \u201cMekan\u0131n cennet olsun g\u00fczel y\u00fczl\u00fcm\u201d notuyla veda eden Necati Ar\u0131c\u0131, son payla\u015f\u0131m\u0131nda kalp emojili bir \u015eimal foto\u011fraf\u0131 yay\u0131nlayarak herkesi duyguland\u0131rm\u0131\u015ft\u0131.<\/p>\n<p><img loading=\"lazy\" decoding=\"async\" class=\"alignnone wp-image-186497\" src=\"https:\/\/www.tgrthaber.com\/mavikadin\/wp-content\/uploads\/Adsiz-tasarim-6-24-300x169.png\" alt=\"\" width=\"1208\" height=\"680\" title=\"\" srcset=\"https:\/\/www.tgrthaber.com\/mavikadin\/wp-content\/uploads\/Adsiz-tasarim-6-24-300x169.png 300w, https:\/\/www.tgrthaber.com\/mavikadin\/wp-content\/uploads\/Adsiz-tasarim-6-24-1024x576.png 1024w, https:\/\/www.tgrthaber.com\/mavikadin\/wp-content\/uploads\/Adsiz-tasarim-6-24-768x432.png 768w, https:\/\/www.tgrthaber.com\/mavikadin\/wp-content\/uploads\/Adsiz-tasarim-6-24-1536x864.png 1536w, https:\/\/www.tgrthaber.com\/mavikadin\/wp-content\/uploads\/Adsiz-tasarim-6-24.png 1920w\" sizes=\"(max-width: 1208px) 100vw, 1208px\" \/><\/p>\n<hr \/>\n<p>\u015eimdi ise Ar\u0131c\u0131\u2019n\u0131n bu son payla\u015f\u0131m\u0131, \u015eimal\u2019in ard\u0131ndan ya\u015fad\u0131\u011f\u0131 duygular\u0131 ve k\u0131rg\u0131nl\u0131klar\u0131n\u0131 a\u00e7\u0131k\u00e7a dile getirdi. Sessizli\u011fini bozan bu sat\u0131rlar, onun ya\u015fad\u0131\u011f\u0131 sitemi bir kez daha ortaya koydu.<\/p>\n","protected":false},"excerpt":{"rendered":"<p>\u015eimal\u2019in vedas\u0131yla b\u00fcy\u00fck bir sessizlik \u00e7\u00f6kerken, e\u015fi Necati Ar\u0131c\u0131\u2019dan gelen duygusal payla\u015f\u0131m dikkat \u00e7ekti. Zor g\u00fcnlerde yanlar\u0131nda olmayanlara g\u00f6nderme yapan Ar\u0131c\u0131, \u201cVefa herkese yak\u0131\u015fm\u0131yor\u201d diyerek sessizli\u011fini bozdu. \u0130\u015fte Necati Ar\u0131c\u0131\u2019n\u0131n sitem dolu s\u00f6zleri&#8230;<\/p>\n","protected":false},"author":35,"featured_media":186492,"comment_status":"closed","ping_status":"closed","sticky":false,"template":"","format":"standard","meta":{"rank_math_lock_modified_date":false,"footnotes":""},"categories":[76],"tags":[133,20573,23619,4124,23620],"class_list":["post-186491","post","type-post","status-publish","format-standard","has-post-thumbnail","hentry","category-magazin","tag-magazin","tag-necati-arici","tag-necati-arici-paylasimi","tag-sarkici-simal","tag-simal-vefati"],"_links":{"self":[{"href":"https:\/\/www.tgrthaber.com\/mavikadin\/wp-json\/wp\/v2\/posts\/186491"}],"collection":[{"href":"https:\/\/www.tgrthaber.com\/mavikadin\/wp-json\/wp\/v2\/posts"}],"about":[{"href":"https:\/\/www.tgrthaber.com\/mavikadin\/wp-json\/wp\/v2\/types\/post"}],"author":[{"embeddable":true,"href":"https:\/\/www.tgrthaber.com\/mavikadin\/wp-json\/wp\/v2\/users\/35"}],"replies":[{"embeddable":true,"href":"https:\/\/www.tgrthaber.com\/mavikadin\/wp-json\/wp\/v2\/comments?post=186491"}],"version-history":[{"count":1,"href":"https:\/\/www.tgrthaber.com\/mavikadin\/wp-json\/wp\/v2\/posts\/186491\/revisions"}],"predecessor-version":[{"id":186498,"href":"https:\/\/www.tgrthaber.com\/mavikadin\/wp-json\/wp\/v2\/posts\/186491\/revisions\/186498"}],"wp:featuredmedia":[{"embeddable":true,"href":"https:\/\/www.tgrthaber.com\/mavikadin\/wp-json\/wp\/v2\/media\/186492"}],"wp:attachment":[{"href":"https:\/\/www.tgrthaber.com\/mavikadin\/wp-json\/wp\/v2\/media?parent=186491"}],"wp:term":[{"taxonomy":"category","embeddable":true,"href":"https:\/\/www.tgrthaber.com\/mavikadin\/wp-json\/wp\/v2\/categories?post=186491"},{"taxonomy":"post_tag","embeddable":true,"href":"https:\/\/www.tgrthaber.com\/mavikadin\/wp-json\/wp\/v2\/tags?post=186491"}],"curies":[{"name":"wp","href":"https:\/\/api.w.org\/{rel}","templated":true}]}}