{"id":186499,"date":"2025-06-02T22:52:43","date_gmt":"2025-06-02T19:52:43","guid":{"rendered":"https:\/\/www.tgrthaber.com\/mavikadin\/?p=186499"},"modified":"2025-06-02T22:52:43","modified_gmt":"2025-06-02T19:52:43","slug":"guzellik-uykusu-bilimle-kanitlandi-uzmanlar-o-saat-araligina-dikkat-cekiyor","status":"publish","type":"post","link":"https:\/\/www.tgrthaber.com\/mavikadin\/guzellik-uykusu-bilimle-kanitlandi-uzmanlar-o-saat-araligina-dikkat-cekiyor\/","title":{"rendered":"G\u00fczellik uykusu bilimle kan\u0131tland\u0131! Uzmanlar o saat aral\u0131\u011f\u0131na dikkat \u00e7ekiyor"},"content":{"rendered":"<p>Uykunun yaln\u0131zca dinlenmekten ibaret olmad\u0131\u011f\u0131n\u0131 art\u0131k hepimiz biliyoruz. Ancak son ara\u015ft\u0131rmalar, v\u00fccut sa\u011fl\u0131\u011f\u0131n\u0131n yan\u0131 s\u0131ra cilt g\u00f6r\u00fcn\u00fcm\u00fcn\u00fc de do\u011frudan etkileyen \u201cg\u00fczellik uykusu\u201dnun d\u00fc\u015f\u00fcnd\u00fc\u011f\u00fcm\u00fczden \u00e7ok daha \u00f6nemli bir s\u00fcre\u00e7 oldu\u011funu ortaya koyuyor. Bilim insanlar\u0131, \u00f6zellikle belli saat aral\u0131klar\u0131nda uyuman\u0131n cilt yenilenmesini ve genel ya\u015flanma belirtilerini belirgin \u015fekilde etkiledi\u011fine dikkat \u00e7ekiyor. Peki, g\u00fczellik uykusu ne zaman olur? \u0130\u015fte g\u00fczellik uykusunun bilimle de kan\u0131tlanan o saat aral\u0131\u011f\u0131&#8230;<\/p>\n<h3>G\u00dcZELL\u0130K UYKUSU NE ZAMAN OLUR?<\/h3>\n<p>Bilim insanlar\u0131na g\u00f6re uykunun en de\u011ferli k\u0131sm\u0131, ilk 3.5 saatlik dilimde gizli. Bu s\u00fcre zarf\u0131nda v\u00fccut, \u00f6zellikle cilt h\u00fccrelerini yenilemek i\u00e7in en yo\u011fun \u00e7al\u0131\u015fmay\u0131 ger\u00e7ekle\u015ftiriyor.<\/p>\n<p><img loading=\"lazy\" decoding=\"async\" class=\"alignnone wp-image-186501\" src=\"https:\/\/www.tgrthaber.com\/mavikadin\/wp-content\/uploads\/i-1-19-300x139.webp\" alt=\"\" width=\"1208\" height=\"561\" title=\"\" srcset=\"https:\/\/www.tgrthaber.com\/mavikadin\/wp-content\/uploads\/i-1-19-300x139.webp 300w, https:\/\/www.tgrthaber.com\/mavikadin\/wp-content\/uploads\/i-1-19.webp 480w\" sizes=\"(max-width: 1208px) 100vw, 1208px\" \/><\/p>\n<hr \/>\n<p>Uzmanlar, bu s\u00fcrecin gece 23.00 ile 03.00 aras\u0131nda ba\u015flad\u0131\u011f\u0131n\u0131 ve bu saatlerde derin uykuya ge\u00e7menin, cilt sa\u011fl\u0131\u011f\u0131 a\u00e7\u0131s\u0131ndan b\u00fcy\u00fck fark olu\u015fturdu\u011funu vurguluyor. Yani g\u00fczellik uykusundan fayda g\u00f6rmek i\u00e7in yaln\u0131zca uyumak de\u011fil, do\u011fru saatte uykuya ge\u00e7mek de kritik \u00f6nem ta\u015f\u0131yor.<\/p>\n<h3><img loading=\"lazy\" decoding=\"async\" class=\"alignnone wp-image-186502\" src=\"https:\/\/www.tgrthaber.com\/mavikadin\/wp-content\/uploads\/5c8cfdbd07291c1d7400ebb1-300x166.webp\" alt=\"\" width=\"1208\" height=\"670\" title=\"\" srcset=\"https:\/\/www.tgrthaber.com\/mavikadin\/wp-content\/uploads\/5c8cfdbd07291c1d7400ebb1-300x166.webp 300w, https:\/\/www.tgrthaber.com\/mavikadin\/wp-content\/uploads\/5c8cfdbd07291c1d7400ebb1.webp 604w\" sizes=\"(max-width: 1208px) 100vw, 1208px\" \/><\/h3>\n<hr \/>\n<h3>G\u00dcZELL\u0130K UYKUSU B\u0130L\u0130MLE KANITLANDI! O SAAT ARALI\u011eINA D\u0130KKAT<\/h3>\n<p>Uyku ara\u015ft\u0131rmalar\u0131 \u00fczerine \u00e7al\u0131\u015fan bilim insanlar\u0131, cilt h\u00fccrelerinin en yo\u011fun onar\u0131m faaliyetini gece 23.00 ile 03.00 saatleri aras\u0131nda ger\u00e7ekle\u015ftirdi\u011fini de ayr\u0131ca kan\u0131tlad\u0131. Bu saat aral\u0131\u011f\u0131nda salg\u0131lanan melatonin hormonu, ciltteki yenilenmeyi destekleyen en g\u00fc\u00e7l\u00fc do\u011fal savunma mekanizmalar\u0131ndan biri olarak \u00f6ne \u00e7\u0131k\u0131yor.<\/p>\n<p><img loading=\"lazy\" decoding=\"async\" class=\"alignnone wp-image-186503\" src=\"https:\/\/www.tgrthaber.com\/mavikadin\/wp-content\/uploads\/Melatonin_Nedir_-300x169.jpg\" alt=\"\" width=\"1208\" height=\"680\" title=\"\" srcset=\"https:\/\/www.tgrthaber.com\/mavikadin\/wp-content\/uploads\/Melatonin_Nedir_-300x169.jpg 300w, https:\/\/www.tgrthaber.com\/mavikadin\/wp-content\/uploads\/Melatonin_Nedir_-768x432.jpg 768w, https:\/\/www.tgrthaber.com\/mavikadin\/wp-content\/uploads\/Melatonin_Nedir_.jpg 960w\" sizes=\"(max-width: 1208px) 100vw, 1208px\" \/><\/p>\n<hr \/>\n<p>Dermatologlara g\u00f6re d\u00fczenli olarak bu saat diliminde uykuda olan ki\u015filer, daha parlak, nem dengesini koruyan ve ya\u015flanma belirtileri geciken bir cilde sahip olabiliyor. \u00d6zellikle g\u00f6z \u00e7evresi k\u0131r\u0131\u015f\u0131kl\u0131klar\u0131 ve mat cilt g\u00f6r\u00fcn\u00fcm\u00fcn\u00fcn azalt\u0131lmas\u0131nda bu s\u00fcrecin etkili oldu\u011fu ifade ediliyor.<\/p>\n<h3><img loading=\"lazy\" decoding=\"async\" class=\"alignnone wp-image-186504\" src=\"https:\/\/www.tgrthaber.com\/mavikadin\/wp-content\/uploads\/cilt-hucrelerini-yenilemek-300x182.jpg\" alt=\"\" width=\"1208\" height=\"734\" title=\"\" srcset=\"https:\/\/www.tgrthaber.com\/mavikadin\/wp-content\/uploads\/cilt-hucrelerini-yenilemek-300x182.jpg 300w, https:\/\/www.tgrthaber.com\/mavikadin\/wp-content\/uploads\/cilt-hucrelerini-yenilemek-1024x622.jpg 1024w, https:\/\/www.tgrthaber.com\/mavikadin\/wp-content\/uploads\/cilt-hucrelerini-yenilemek-768x467.jpg 768w, https:\/\/www.tgrthaber.com\/mavikadin\/wp-content\/uploads\/cilt-hucrelerini-yenilemek.jpg 1050w\" sizes=\"(max-width: 1208px) 100vw, 1208px\" \/><\/h3>\n<hr \/>\n<h3>GE\u00c7 YATMANIN C\u0130LDE OLAN ETK\u0130S\u0130 SANILANDAN FAZLA<\/h3>\n<p>Gece ge\u00e7 saatlere kadar uyan\u0131k kalmak, yaln\u0131zca ruh halini de\u011fil cilt yap\u0131s\u0131n\u0131 da olumsuz etkileyebiliyor. Uykusuzluk sonucu olu\u015fan kortizol hormonundaki art\u0131\u015f, ciltte iltihaplanmalara ve elastikiyet kayb\u0131na neden olabiliyor. Ayr\u0131ca cildin d\u0131\u015f etkenlere kar\u015f\u0131 olan do\u011fal koruyucu bariyeri zay\u0131fl\u0131yor, bu da lekelenme ve tahri\u015f gibi sorunlar\u0131 beraberinde getiriyor.<\/p>\n<p>G\u00fcnl\u00fck cilt bak\u0131m \u00fcr\u00fcnlerinin etkisi, kaliteli uyku ile do\u011frudan ili\u015fkilendiriliyor. Yani en pahal\u0131 kremler bile yeterli uykunun yerini tutam\u0131yor.<\/p>\n<p><img loading=\"lazy\" decoding=\"async\" class=\"alignnone wp-image-186505\" src=\"https:\/\/www.tgrthaber.com\/mavikadin\/wp-content\/uploads\/guzellik-uykusu-300x200.jpg\" alt=\"\" width=\"1208\" height=\"805\" title=\"\" srcset=\"https:\/\/www.tgrthaber.com\/mavikadin\/wp-content\/uploads\/guzellik-uykusu-300x200.jpg 300w, https:\/\/www.tgrthaber.com\/mavikadin\/wp-content\/uploads\/guzellik-uykusu-768x512.jpg 768w, https:\/\/www.tgrthaber.com\/mavikadin\/wp-content\/uploads\/guzellik-uykusu.jpg 870w\" sizes=\"(max-width: 1208px) 100vw, 1208px\" \/><\/p>\n<hr \/>\n<h3>C\u0130LD\u0130N\u0130Z \u0130\u00c7\u0130N SAAT 23.00\u2019TE UYUMAYA \u00c7ALI\u015eIN<\/h3>\n<p>Uykunun kalitesini art\u0131rmak i\u00e7in sadece yata\u011fa gitmek yetmiyor. Uyumadan en az bir saat \u00f6nce ekran \u0131\u015f\u0131\u011f\u0131ndan uzak durmak, hafif bir ak\u015fam \u00f6\u011f\u00fcn\u00fc tercih etmek ve karanl\u0131k, sessiz bir ortam haz\u0131rlamak da en az uyku saatleri kadar \u00f6nemli g\u00f6r\u00fcl\u00fcyor.<\/p>\n<p>Uzmanlar, \u00f6zellikle 22.30 ila 23.00 aras\u0131nda uykuya ge\u00e7menin v\u00fccudun biyolojik saatine en uygun zamanlama oldu\u011funu, bu saatlerde uykuda olan bireylerin hem fiziksel hem ruhsal olarak daha din\u00e7 uyand\u0131\u011f\u0131n\u0131 belirtiyor.<\/p>\n<p><img loading=\"lazy\" decoding=\"async\" class=\"alignnone wp-image-186507\" src=\"https:\/\/www.tgrthaber.com\/mavikadin\/wp-content\/uploads\/i-114-300x153.webp\" alt=\"\" width=\"1208\" height=\"614\" title=\"\" srcset=\"https:\/\/www.tgrthaber.com\/mavikadin\/wp-content\/uploads\/i-114-300x153.webp 300w, https:\/\/www.tgrthaber.com\/mavikadin\/wp-content\/uploads\/i-114.webp 480w\" sizes=\"(max-width: 1208px) 100vw, 1208px\" \/><\/p>\n<hr \/>\n<p>Geceyi uykusuz ge\u00e7irip sabah aynaya yorgun g\u00f6zlerle bakanlar i\u00e7in, bu durumun sadece bir tesad\u00fcf olmad\u0131\u011f\u0131n\u0131 art\u0131k biliyoruz. Ciltteki canl\u0131l\u0131k ve tazelik, pahal\u0131 kremlerden \u00f6nce kaliteli uykuyla ba\u015fl\u0131yor. Ger\u00e7ek bir de\u011fi\u015fim istiyorsan\u0131z, \u00f6nce saatinize bak\u0131n. \u00c7\u00fcnk\u00fc cildiniz, sizin ne zaman uyudu\u011funuzu asl\u0131nda gayet iyi biliyor.<\/p>\n","protected":false},"excerpt":{"rendered":"<p>Her gece ge\u00e7 saatlere kadar ayakta kalmak al\u0131\u015fkanl\u0131\u011fa d\u00f6n\u00fc\u015fm\u00fc\u015f olabilir, ama bu durumun cildinize d\u00fc\u015f\u00fcnd\u00fc\u011f\u00fcn\u00fczden daha fazla zarar verdi\u011fini hi\u00e7 fark ettiniz mi? Sabahlar\u0131 solgun bir y\u00fcz, g\u00f6z alt\u0131 halkalar\u0131 ya da mat bir ciltle uyan\u0131yorsan\u0131z, as\u0131l neden belki de uyku saatinizdir. Peki g\u00fczellik uykusuna ne zaman yatmal\u0131? \u0130\u015fte dikkat etmeniz gereken o saat aral\u0131\u011f\u0131&#8230;<\/p>\n","protected":false},"author":35,"featured_media":186500,"comment_status":"closed","ping_status":"closed","sticky":false,"template":"","format":"standard","meta":{"rank_math_lock_modified_date":false,"footnotes":""},"categories":[95],"tags":[3836,23623,106,23621,23622],"class_list":["post-186499","post","type-post","status-publish","format-standard","has-post-thumbnail","hentry","category-guzellik","tag-cilt-bakimi","tag-gece-uykusu","tag-guzellik","tag-guzellik-uykusu","tag-uyku-saati"],"_links":{"self":[{"href":"https:\/\/www.tgrthaber.com\/mavikadin\/wp-json\/wp\/v2\/posts\/186499"}],"collection":[{"href":"https:\/\/www.tgrthaber.com\/mavikadin\/wp-json\/wp\/v2\/posts"}],"about":[{"href":"https:\/\/www.tgrthaber.com\/mavikadin\/wp-json\/wp\/v2\/types\/post"}],"author":[{"embeddable":true,"href":"https:\/\/www.tgrthaber.com\/mavikadin\/wp-json\/wp\/v2\/users\/35"}],"replies":[{"embeddable":true,"href":"https:\/\/www.tgrthaber.com\/mavikadin\/wp-json\/wp\/v2\/comments?post=186499"}],"version-history":[{"count":1,"href":"https:\/\/www.tgrthaber.com\/mavikadin\/wp-json\/wp\/v2\/posts\/186499\/revisions"}],"predecessor-version":[{"id":186508,"href":"https:\/\/www.tgrthaber.com\/mavikadin\/wp-json\/wp\/v2\/posts\/186499\/revisions\/186508"}],"wp:featuredmedia":[{"embeddable":true,"href":"https:\/\/www.tgrthaber.com\/mavikadin\/wp-json\/wp\/v2\/media\/186500"}],"wp:attachment":[{"href":"https:\/\/www.tgrthaber.com\/mavikadin\/wp-json\/wp\/v2\/media?parent=186499"}],"wp:term":[{"taxonomy":"category","embeddable":true,"href":"https:\/\/www.tgrthaber.com\/mavikadin\/wp-json\/wp\/v2\/categories?post=186499"},{"taxonomy":"post_tag","embeddable":true,"href":"https:\/\/www.tgrthaber.com\/mavikadin\/wp-json\/wp\/v2\/tags?post=186499"}],"curies":[{"name":"wp","href":"https:\/\/api.w.org\/{rel}","templated":true}]}}