{"id":186506,"date":"2025-06-02T23:01:46","date_gmt":"2025-06-02T20:01:46","guid":{"rendered":"https:\/\/www.tgrthaber.com\/mavikadin\/?p=186506"},"modified":"2025-06-02T23:01:46","modified_gmt":"2025-06-02T20:01:46","slug":"survivor-2025-hikmet-tugsuz-yarismayi-birakti-murat-ceylandan-herkesi-sok-eden-haber","status":"publish","type":"post","link":"https:\/\/www.tgrthaber.com\/mavikadin\/survivor-2025-hikmet-tugsuz-yarismayi-birakti-murat-ceylandan-herkesi-sok-eden-haber\/","title":{"rendered":"Survivor 2025 Hikmet Tu\u011fsuz yar\u0131\u015fmay\u0131 b\u0131rakt\u0131! Murat Ceylan&#8217;dan herkesi \u015fok eden haber!"},"content":{"rendered":"<p class=\"p1\">Finale g\u00fcnler kala Survivor All Star 2025\u2019te dengeleri sarsacak bir geli\u015fme ya\u015fand\u0131. G\u00f6n\u00fcll\u00fcler tak\u0131m\u0131n\u0131n iddial\u0131 ismi Hikmet Tu\u011fsuz\u2019un yar\u0131\u015fmadan ani ayr\u0131l\u0131\u011f\u0131, hem adada hem de ekran ba\u015f\u0131ndaki izleyicilerde b\u00fcy\u00fck \u015fa\u015fk\u0131nl\u0131\u011fa neden oldu. Murat Ceylan&#8217;\u0131n a\u00e7\u0131klamalar\u0131 sonras\u0131 Hikmet&#8217;in yar\u0131\u015fmac\u0131 arkada\u015flar\u0131 ve Survivor izleyicileri neye u\u011frad\u0131\u011f\u0131n\u0131 \u015fa\u015f\u0131rd\u0131.<\/p>\n<h3>SURV\u0130VOR 2025 H\u0130KMET TU\u011eSUZ YARI\u015eMAYI BIRAKTI<\/h3>\n<p class=\"p1\">Son d\u00f6nemlerde sessiz tav\u0131rlar\u0131 ve oyunlardaki d\u00fc\u015f\u00fck motivasyonuyla dikkat \u00e7eken Hikmet\u2019in, ailesiyle yapt\u0131\u011f\u0131 telefon g\u00f6r\u00fc\u015fmesinin ard\u0131ndan yar\u0131\u015fmadan \u00e7ekilme karar\u0131 ald\u0131\u011f\u0131 a\u00e7\u0131kland\u0131. Bu karar\u0131n hemen ard\u0131ndan sosyal medyada dola\u015f\u0131ma giren &#8216;T\u00fcrkiye\u2019ye d\u00f6nerse tutuklanacak&#8217; iddialar\u0131 ise ortal\u0131\u011f\u0131 iyice kar\u0131\u015ft\u0131rd\u0131. G\u00f6zler Murat Ceylan\u2019a \u00e7evrilirken, yar\u0131\u015fman\u0131n sunucusundan gelen a\u00e7\u0131klama t\u00fcm soru i\u015faretlerini netle\u015ftirdi.<\/p>\n<p><img loading=\"lazy\" decoding=\"async\" class=\"alignnone wp-image-186509 size-large\" src=\"https:\/\/www.tgrthaber.com\/mavikadin\/wp-content\/uploads\/Ekran-Resmi-2025-06-02-22.56.44-1024x625.png\" alt=\"\" width=\"1024\" height=\"625\" title=\"\" srcset=\"https:\/\/www.tgrthaber.com\/mavikadin\/wp-content\/uploads\/Ekran-Resmi-2025-06-02-22.56.44-1024x625.png 1024w, https:\/\/www.tgrthaber.com\/mavikadin\/wp-content\/uploads\/Ekran-Resmi-2025-06-02-22.56.44-300x183.png 300w, https:\/\/www.tgrthaber.com\/mavikadin\/wp-content\/uploads\/Ekran-Resmi-2025-06-02-22.56.44-768x469.png 768w, https:\/\/www.tgrthaber.com\/mavikadin\/wp-content\/uploads\/Ekran-Resmi-2025-06-02-22.56.44.png 1236w\" sizes=\"(max-width: 1024px) 100vw, 1024px\" \/><\/p>\n<hr \/>\n<h3 class=\"p1\"><b>MURAT CEYLAN CANLI YAYINDA DO\u011eRULADI<\/b><b><\/b><\/h3>\n<p class=\"p1\">Yar\u0131\u015fman\u0131n 2 Haziran tarihli b\u00f6l\u00fcm\u00fcnde konu\u015fan Murat Ceylan, Hikmet\u2019in yar\u0131\u015fmaya veda etti\u011fini resmen duyurdu. Ailesiyle yap\u0131lan g\u00f6r\u00fc\u015fmeler sonras\u0131 al\u0131nan bu karar\u0131n \u00f6zel sebeplere dayand\u0131\u011f\u0131n\u0131 belirten Ceylan, &#8216;Ne yaz\u0131k ki Hikmet art\u0131k Survivor\u2019da olmayacak. Veda etmek i\u00e7in aram\u0131zda bulunamayacak ama bu karar onun ve ailesinin ortak talebiydi&#8217; s\u00f6zleriyle durumu \u00f6zetledi.<\/p>\n<p><img loading=\"lazy\" decoding=\"async\" class=\"alignnone wp-image-186510 size-large\" src=\"https:\/\/www.tgrthaber.com\/mavikadin\/wp-content\/uploads\/Ekran-Resmi-2025-06-02-22.57.00-1024x611.png\" alt=\"\" width=\"1024\" height=\"611\" title=\"\" srcset=\"https:\/\/www.tgrthaber.com\/mavikadin\/wp-content\/uploads\/Ekran-Resmi-2025-06-02-22.57.00-1024x611.png 1024w, https:\/\/www.tgrthaber.com\/mavikadin\/wp-content\/uploads\/Ekran-Resmi-2025-06-02-22.57.00-300x179.png 300w, https:\/\/www.tgrthaber.com\/mavikadin\/wp-content\/uploads\/Ekran-Resmi-2025-06-02-22.57.00-768x458.png 768w, https:\/\/www.tgrthaber.com\/mavikadin\/wp-content\/uploads\/Ekran-Resmi-2025-06-02-22.57.00.png 1294w\" sizes=\"(max-width: 1024px) 100vw, 1024px\" \/><\/p>\n<hr \/>\n<p class=\"p1\">Hikmet\u2019in yar\u0131\u015fmadan ayr\u0131l\u0131\u011f\u0131, kulislerde dola\u015fan baz\u0131 iddialar\u0131 da beraberinde getirdi. T\u00fcrkiye\u2019ye d\u00f6nerse g\u00f6zalt\u0131na al\u0131naca\u011f\u0131na dair ortaya at\u0131lan s\u00f6ylentiler, sosyal medyada k\u0131sa s\u00fcrede g\u00fcndem olurken, hen\u00fcz resmi bir a\u00e7\u0131klama yap\u0131lmad\u0131. Ancak bu iddialar, ayr\u0131l\u0131\u011f\u0131n ard\u0131ndaki gerek\u00e7elere dair kamuoyundaki merak\u0131 daha da art\u0131rd\u0131.<\/p>\n<p><img loading=\"lazy\" decoding=\"async\" class=\"alignnone wp-image-186511 size-large\" src=\"https:\/\/www.tgrthaber.com\/mavikadin\/wp-content\/uploads\/Ekran-Resmi-2025-06-02-22.56.55-1024x601.png\" alt=\"\" width=\"1024\" height=\"601\" title=\"\" srcset=\"https:\/\/www.tgrthaber.com\/mavikadin\/wp-content\/uploads\/Ekran-Resmi-2025-06-02-22.56.55-1024x601.png 1024w, https:\/\/www.tgrthaber.com\/mavikadin\/wp-content\/uploads\/Ekran-Resmi-2025-06-02-22.56.55-300x176.png 300w, https:\/\/www.tgrthaber.com\/mavikadin\/wp-content\/uploads\/Ekran-Resmi-2025-06-02-22.56.55-768x450.png 768w, https:\/\/www.tgrthaber.com\/mavikadin\/wp-content\/uploads\/Ekran-Resmi-2025-06-02-22.56.55.png 1306w\" sizes=\"(max-width: 1024px) 100vw, 1024px\" \/><\/p>\n<hr \/>\n<h3 class=\"p1\"><b>YARI\u015eMANIN G\u0130D\u0130\u015eATI DE\u011e\u0130\u015eEB\u0130L\u0130R<\/b><b><\/b><\/h3>\n<p class=\"p1\">Survivor All Star 2025\u2019in en g\u00fc\u00e7l\u00fc isimlerinden biri olarak g\u00f6r\u00fclen Hikmet\u2019in ayr\u0131l\u0131\u011f\u0131, final \u00f6ncesi g\u00fc\u00e7 dengelerini de etkileyebilir. Hem fiziksel performans\u0131 hem de stratejik hamleleriyle dikkat \u00e7eken yar\u0131\u015fmac\u0131n\u0131n vedas\u0131, di\u011fer yar\u0131\u015fmac\u0131lar i\u00e7in beklenmedik bir avantaj sa\u011flad\u0131.<\/p>\n<p><img loading=\"lazy\" decoding=\"async\" class=\"alignnone wp-image-186512 size-large\" src=\"https:\/\/www.tgrthaber.com\/mavikadin\/wp-content\/uploads\/Ekran-Resmi-2025-06-02-22.57.12-1024x599.png\" alt=\"\" width=\"1024\" height=\"599\" title=\"\" srcset=\"https:\/\/www.tgrthaber.com\/mavikadin\/wp-content\/uploads\/Ekran-Resmi-2025-06-02-22.57.12-1024x599.png 1024w, https:\/\/www.tgrthaber.com\/mavikadin\/wp-content\/uploads\/Ekran-Resmi-2025-06-02-22.57.12-300x176.png 300w, https:\/\/www.tgrthaber.com\/mavikadin\/wp-content\/uploads\/Ekran-Resmi-2025-06-02-22.57.12-768x450.png 768w, https:\/\/www.tgrthaber.com\/mavikadin\/wp-content\/uploads\/Ekran-Resmi-2025-06-02-22.57.12.png 1312w\" sizes=\"(max-width: 1024px) 100vw, 1024px\" \/><\/p>\n<hr \/>\n<h3>SURV\u0130VOR 2025 H\u0130KMET TU\u011eSUZ K\u0130MD\u0130R?<\/h3>\n<p class=\"p1\">16 Kas\u0131m 1986\u2019da Antalya\u2019n\u0131n Akseki il\u00e7esine ba\u011fl\u0131 Bademli kasabas\u0131nda do\u011fan Hikmet Tu\u011fsuz, spora olan ilgisini \u00e7ocuk ya\u015fta ke\u015ffetti. 1.88 metre boyunda ve 93 kilogram a\u011f\u0131rl\u0131\u011f\u0131nda olan Tu\u011fsuz, \u00f6zellikle kondisyonu ve m\u00fccadeleci yap\u0131s\u0131yla Survivor tarihinin unutulmaz yar\u0131\u015fmac\u0131lar\u0131 aras\u0131na ad\u0131n\u0131 yazd\u0131rd\u0131. 2019\u2019daki T\u00fcrkiye-Yunanistan sezonunda g\u00f6sterdi\u011fi performansla geni\u015f bir hayran kitlesi edinen Tu\u011fsuz, 2025 All Star kadrosuna da damga vurdu.<\/p>\n","protected":false},"excerpt":{"rendered":"<p>Survivor All Star 2025\u2019te final \u00f6ncesi beklenmedik bir ayr\u0131l\u0131k ya\u015fand\u0131. G\u00f6n\u00fcll\u00fcler\u2019in g\u00fc\u00e7l\u00fc ismi Hikmet Tu\u011fsuz\u2019un s\u00fcrpriz \u015fekilde yar\u0131\u015fmadan \u00e7ekilmesi, adada ta\u015flar\u0131 yerinden oynatt\u0131. Murat Ceylan\u2019\u0131n canl\u0131 yay\u0131ndaki a\u00e7\u0131klamas\u0131 sonras\u0131 ortal\u0131k adeta buz kesti. \u0130\u015fte Survivor son b\u00f6l\u00fcmde ya\u015fananlar&#8230; <\/p>\n","protected":false},"author":16,"featured_media":186513,"comment_status":"closed","ping_status":"closed","sticky":false,"template":"","format":"standard","meta":{"rank_math_lock_modified_date":false,"footnotes":""},"categories":[76],"tags":[133,2218,23625,23624,23626],"class_list":["post-186506","post","type-post","status-publish","format-standard","has-post-thumbnail","hentry","category-magazin","tag-magazin","tag-magazin-haberleri","tag-survivor-2025-hikmet-tugsuz-elendi-mi","tag-survivor-2025-hikmet-tugsuz-yarismayi-birakti","tag-survivor-2025-hikmet-yarismayi-birakti"],"_links":{"self":[{"href":"https:\/\/www.tgrthaber.com\/mavikadin\/wp-json\/wp\/v2\/posts\/186506"}],"collection":[{"href":"https:\/\/www.tgrthaber.com\/mavikadin\/wp-json\/wp\/v2\/posts"}],"about":[{"href":"https:\/\/www.tgrthaber.com\/mavikadin\/wp-json\/wp\/v2\/types\/post"}],"author":[{"embeddable":true,"href":"https:\/\/www.tgrthaber.com\/mavikadin\/wp-json\/wp\/v2\/users\/16"}],"replies":[{"embeddable":true,"href":"https:\/\/www.tgrthaber.com\/mavikadin\/wp-json\/wp\/v2\/comments?post=186506"}],"version-history":[{"count":1,"href":"https:\/\/www.tgrthaber.com\/mavikadin\/wp-json\/wp\/v2\/posts\/186506\/revisions"}],"predecessor-version":[{"id":186514,"href":"https:\/\/www.tgrthaber.com\/mavikadin\/wp-json\/wp\/v2\/posts\/186506\/revisions\/186514"}],"wp:featuredmedia":[{"embeddable":true,"href":"https:\/\/www.tgrthaber.com\/mavikadin\/wp-json\/wp\/v2\/media\/186513"}],"wp:attachment":[{"href":"https:\/\/www.tgrthaber.com\/mavikadin\/wp-json\/wp\/v2\/media?parent=186506"}],"wp:term":[{"taxonomy":"category","embeddable":true,"href":"https:\/\/www.tgrthaber.com\/mavikadin\/wp-json\/wp\/v2\/categories?post=186506"},{"taxonomy":"post_tag","embeddable":true,"href":"https:\/\/www.tgrthaber.com\/mavikadin\/wp-json\/wp\/v2\/tags?post=186506"}],"curies":[{"name":"wp","href":"https:\/\/api.w.org\/{rel}","templated":true}]}}