{"id":186546,"date":"2025-06-03T00:51:14","date_gmt":"2025-06-02T21:51:14","guid":{"rendered":"https:\/\/www.tgrthaber.com\/mavikadin\/?p=186546"},"modified":"2025-06-03T00:51:14","modified_gmt":"2025-06-02T21:51:14","slug":"emir-can-igrekin-deri-kombini-sosyal-medyayi-karistirdi-basak-dizeri-hedef-aldilar","status":"publish","type":"post","link":"https:\/\/www.tgrthaber.com\/mavikadin\/emir-can-igrekin-deri-kombini-sosyal-medyayi-karistirdi-basak-dizeri-hedef-aldilar\/","title":{"rendered":"Emir Can \u0130\u011frek\u2019in deri kombini sosyal medyay\u0131 kar\u0131\u015ft\u0131rd\u0131! Ba\u015fak Dizer\u2019i hedef ald\u0131lar"},"content":{"rendered":"<p>Emir Can \u0130\u011frek\u2019in Harbiye A\u00e7\u0131khava konserindeki sahne tarz\u0131, sosyal medyada tart\u0131\u015fmalar\u0131n fitilini ate\u015fledi. Deri ceket ve pantolon kombinasyonuyla sahneye \u00e7\u0131kan \u0130\u011frek\u2019in bu se\u00e7imi, takip\u00e7ileri ikiye b\u00f6ld\u00fc. Baz\u0131 kullan\u0131c\u0131lar k\u0131yafeti tarz d\u0131\u015f\u0131 bulurken, kimileri de stil dan\u0131\u015fman\u0131 Ba\u015fak Dizer Tatl\u0131tu\u011f\u2019u hedef ald\u0131. Hatta baz\u0131 kullan\u0131c\u0131lar yorumlarda, \u2018Bilerek k\u00f6t\u00fc giydiriyor ki K\u0131van\u00e7 Tatl\u0131tu\u011f her ortamda parlas\u0131n\u2019 \u015feklinde ifadelerde bulundu. Emir Can \u0130\u011frek\u2019in m\u00fczi\u011fi kadar sahne stili de bu kez ilgi oda\u011f\u0131 olurken, sosyal medyada tarz\u0131na y\u00f6nelik ele\u015ftiriler k\u0131sa s\u00fcrede g\u00fcndemin en \u00e7ok konu\u015fulan konular\u0131 aras\u0131na girdi. \u0130\u015fte Emir Can \u0130\u011frek&#8217;in \u00e7ok konu\u015fulan deri kombinli Harbiye A\u00e7\u0131khava tarz\u0131&#8230;<\/p>\n<h3>EM\u0130R CAN \u0130\u011eREK\u2019\u0130N DER\u0130 KOMB\u0130N\u0130 SOSYAL MEDYAYI KARI\u015eTIRDI! BA\u015eAK D\u0130ZER\u2019\u0130 DE HEDEF ALDILAR<\/h3>\n<p>Emir Can \u0130\u011frek, Harbiye A\u00e7\u0131khava konserindeki k\u0131yafetiyle bu kez \u015fark\u0131lar\u0131ndan \u00e7ok stiliyle g\u00fcndeme geldi.<\/p>\n<p><img loading=\"lazy\" decoding=\"async\" class=\"alignnone wp-image-186548\" src=\"https:\/\/www.tgrthaber.com\/mavikadin\/wp-content\/uploads\/emir-can-igrek-in-fake-bir-hes_1721238559_zqlLx7-300x169.jpg\" alt=\"\" width=\"1208\" height=\"680\" title=\"\" srcset=\"https:\/\/www.tgrthaber.com\/mavikadin\/wp-content\/uploads\/emir-can-igrek-in-fake-bir-hes_1721238559_zqlLx7-300x169.jpg 300w, https:\/\/www.tgrthaber.com\/mavikadin\/wp-content\/uploads\/emir-can-igrek-in-fake-bir-hes_1721238559_zqlLx7-1024x576.jpg 1024w, https:\/\/www.tgrthaber.com\/mavikadin\/wp-content\/uploads\/emir-can-igrek-in-fake-bir-hes_1721238559_zqlLx7-768x432.jpg 768w, https:\/\/www.tgrthaber.com\/mavikadin\/wp-content\/uploads\/emir-can-igrek-in-fake-bir-hes_1721238559_zqlLx7.jpg 1280w\" sizes=\"(max-width: 1208px) 100vw, 1208px\" \/><\/p>\n<hr \/>\n<p>Deri pantolon ve ceket tercih eden sanat\u00e7\u0131n\u0131n sahne kombini, sosyal medyada hararetli yorumlara neden oldu. Baz\u0131 takip\u00e7iler k\u0131yafeti \u2018g\u00f6z yoran\u2019 olarak nitelerken, stilist Ba\u015fak Dizer Tatl\u0131tu\u011f\u2019un se\u00e7imleri ele\u015ftirilerin merkezine yerle\u015fti. \u00d6zellikle K\u0131van\u00e7 Tatl\u0131tu\u011f\u2019a at\u0131fta bulunan \u2018Kocas\u0131 parlas\u0131n diye b\u00f6yle giydiriyor\u2019 tarz\u0131 yorumlar dikkat \u00e7ekti.<\/p>\n<p><img loading=\"lazy\" decoding=\"async\" class=\"alignnone wp-image-186549\" src=\"https:\/\/www.tgrthaber.com\/mavikadin\/wp-content\/uploads\/emircan-igrekin-stil-danismani-basak-dizer.jpeg\" alt=\"\" width=\"1208\" height=\"676\" title=\"\"><\/p>\n<hr \/>\n<p>Konserin ard\u0131ndan payla\u015f\u0131lan g\u00f6r\u00fcnt\u00fclerle ba\u015flayan stil tart\u0131\u015fmas\u0131 b\u00fcy\u00fcyerek sosyal medyada g\u00fcndem oldu. \u0130\u011frek\u2019in tarz\u0131 sosyal medyada \u00e7ok konu\u015fuldu. \u00c7o\u011fu kullan\u0131c\u0131 tarz\u0131n\u0131 be\u011fenmezken baz\u0131lar\u0131 \u2018farkl\u0131 ve ne giyse yak\u0131\u015f\u0131yor\u2019 yorumunda bulundu.<\/p>\n<p><img loading=\"lazy\" decoding=\"async\" class=\"alignnone wp-image-186550\" src=\"https:\/\/www.tgrthaber.com\/mavikadin\/wp-content\/uploads\/Emir-Can-Igrek-1-300x169.jpg\" alt=\"\" width=\"1208\" height=\"680\" title=\"\" srcset=\"https:\/\/www.tgrthaber.com\/mavikadin\/wp-content\/uploads\/Emir-Can-Igrek-1-300x169.jpg 300w, https:\/\/www.tgrthaber.com\/mavikadin\/wp-content\/uploads\/Emir-Can-Igrek-1-1024x576.jpg 1024w, https:\/\/www.tgrthaber.com\/mavikadin\/wp-content\/uploads\/Emir-Can-Igrek-1-768x432.jpg 768w, https:\/\/www.tgrthaber.com\/mavikadin\/wp-content\/uploads\/Emir-Can-Igrek-1.jpg 1200w\" sizes=\"(max-width: 1208px) 100vw, 1208px\" \/><\/p>\n<hr \/>\n<h3>EM\u0130R CAN \u0130\u011eREK K\u0130MD\u0130R?<\/h3>\n<p>Emir Can \u0130\u011frek, son y\u0131llarda T\u00fcrk alternatif m\u00fczi\u011finin dikkat \u00e7eken isimlerinden biri olarak \u00f6ne \u00e7\u0131k\u0131yor. 2 Nisan 1993\u2019te Tekirda\u011f\u2019\u0131n \u00c7erkezk\u00f6y il\u00e7esinde do\u011fan \u0130\u011frek, m\u00fczi\u011fe olan ilgisini hen\u00fcz lise y\u0131llar\u0131nda ke\u015ffetti. \u00c7erkezk\u00f6y Hac\u0131 Fahri Z\u00fcmb\u00fcl Anadolu Lisesi\u2019nden mezun olduktan sonra m\u00fczik ser\u00fcveni onu k\u00fc\u00e7\u00fck sahne gruplar\u0131ndan \u00fclke \u00e7ap\u0131nda tan\u0131nan bir sanat\u00e7\u0131ya d\u00f6n\u00fc\u015ft\u00fcrd\u00fc.<\/p>\n<p><img loading=\"lazy\" decoding=\"async\" class=\"alignnone wp-image-186551\" src=\"https:\/\/www.tgrthaber.com\/mavikadin\/wp-content\/uploads\/emir-emir-can-igrek-300x157.jpeg\" alt=\"\" width=\"1208\" height=\"631\" title=\"\" srcset=\"https:\/\/www.tgrthaber.com\/mavikadin\/wp-content\/uploads\/emir-emir-can-igrek-300x157.jpeg 300w, https:\/\/www.tgrthaber.com\/mavikadin\/wp-content\/uploads\/emir-emir-can-igrek-1024x535.jpeg 1024w, https:\/\/www.tgrthaber.com\/mavikadin\/wp-content\/uploads\/emir-emir-can-igrek-768x401.jpeg 768w, https:\/\/www.tgrthaber.com\/mavikadin\/wp-content\/uploads\/emir-emir-can-igrek.jpeg 1200w\" sizes=\"(max-width: 1208px) 100vw, 1208px\" \/><\/p>\n<hr \/>\n<p>Y\u0131ld\u0131z Teknik \u00dcniversitesi Metalurji ve Malzeme M\u00fchendisli\u011fi b\u00f6l\u00fcm\u00fcnde e\u011fitim g\u00f6ren \u0130\u011frek, son y\u0131l\u0131nda bu e\u011fitimi yar\u0131da b\u0131rakarak rotas\u0131n\u0131 tamamen m\u00fczi\u011fe \u00e7evirdi. Naz\u0131m Hikmet Akademisi\u2019nde \u015fan ve solfej dersleri ald\u0131, ayn\u0131 zamanda d\u00f6rt y\u0131l boyunca akademinin korosunda tenor olarak sahne ald\u0131. Bu deneyim, onun vokal g\u00fcc\u00fcn\u00fc geli\u015ftirmesinde \u00f6nemli rol oynad\u0131. \u0130\u015fte Emir Can \u0130\u011frek&#8217;in Harbiye sahnesindeki dikkat \u00e7eken deri kombinli tarz\u0131&#8230;<\/p>\n<div style=\"width: 640px;\" class=\"wp-video\"><!--[if lt IE 9]><script>document.createElement('video');<\/script><![endif]-->\n<video class=\"wp-video-shortcode\" id=\"video-186546-1\" width=\"640\" height=\"1138\" preload=\"metadata\" controls=\"controls\"><source type=\"video\/mp4\" src=\"https:\/\/www.tgrthaber.com\/mavikadin\/wp-content\/uploads\/Emir-Can-Igrekin-Harbiye-Acikhava-tarzi\u2026-Stilisti-Basak-Dizer-Tatlitug\u2026-\ud83d\udccdNasil-buldunuz-online-video-cutter.com_.mp4?_=1\" \/><a href=\"https:\/\/www.tgrthaber.com\/mavikadin\/wp-content\/uploads\/Emir-Can-Igrekin-Harbiye-Acikhava-tarzi\u2026-Stilisti-Basak-Dizer-Tatlitug\u2026-\ud83d\udccdNasil-buldunuz-online-video-cutter.com_.mp4\">https:\/\/www.tgrthaber.com\/mavikadin\/wp-content\/uploads\/Emir-Can-Igrekin-Harbiye-Acikhava-tarzi\u2026-Stilisti-Basak-Dizer-Tatlitug\u2026-\ud83d\udccdNasil-buldunuz-online-video-cutter.com_.mp4<\/a><\/video><\/div>\n<hr \/>\n<p>Emir Can \u0130\u011frek\u2019in Harbiye sahnesindeki k\u0131yafeti, sosyal medyada b\u00fcy\u00fck yank\u0131 uyand\u0131rd\u0131. Deri kombinasyonu kimileri taraf\u0131ndan be\u011fenilmezken, stilist Ba\u015fak Dizer hedefe kondu. \u2018K\u0131van\u00e7 Tatl\u0131tu\u011f parlas\u0131n diye mi?\u2019 yorumlar\u0131 tart\u0131\u015fmay\u0131 daha da alevlendirdi.<\/p>\n","protected":false},"excerpt":{"rendered":"<p>Emir Can \u0130\u011frek\u2019in Harbiye sahnesindeki k\u0131yafeti, sosyal medyada b\u00fcy\u00fck yank\u0131 uyand\u0131rd\u0131. Deri kombinasyonu kimileri taraf\u0131ndan be\u011fenilmezken, stilist Ba\u015fak Dizer hedefe kondu. \u2018K\u0131van\u00e7 Tatl\u0131tu\u011f parlas\u0131n diye mi?\u2019 yorumlar\u0131 tart\u0131\u015fmay\u0131 daha da alevlendirdi. \u0130\u015fte detaylar&#8230;<\/p>\n","protected":false},"author":35,"featured_media":186553,"comment_status":"closed","ping_status":"closed","sticky":false,"template":"","format":"standard","meta":{"rank_math_lock_modified_date":false,"footnotes":""},"categories":[76],"tags":[2499,3634,23635,23634,133],"class_list":["post-186546","post","type-post","status-publish","format-standard","has-post-thumbnail","hentry","category-magazin","tag-basak-dizer","tag-emir-can-igrek","tag-emir-can-igrek-konser-tarzi","tag-emir-can-igrek-konseri","tag-magazin"],"_links":{"self":[{"href":"https:\/\/www.tgrthaber.com\/mavikadin\/wp-json\/wp\/v2\/posts\/186546"}],"collection":[{"href":"https:\/\/www.tgrthaber.com\/mavikadin\/wp-json\/wp\/v2\/posts"}],"about":[{"href":"https:\/\/www.tgrthaber.com\/mavikadin\/wp-json\/wp\/v2\/types\/post"}],"author":[{"embeddable":true,"href":"https:\/\/www.tgrthaber.com\/mavikadin\/wp-json\/wp\/v2\/users\/35"}],"replies":[{"embeddable":true,"href":"https:\/\/www.tgrthaber.com\/mavikadin\/wp-json\/wp\/v2\/comments?post=186546"}],"version-history":[{"count":1,"href":"https:\/\/www.tgrthaber.com\/mavikadin\/wp-json\/wp\/v2\/posts\/186546\/revisions"}],"predecessor-version":[{"id":186554,"href":"https:\/\/www.tgrthaber.com\/mavikadin\/wp-json\/wp\/v2\/posts\/186546\/revisions\/186554"}],"wp:featuredmedia":[{"embeddable":true,"href":"https:\/\/www.tgrthaber.com\/mavikadin\/wp-json\/wp\/v2\/media\/186553"}],"wp:attachment":[{"href":"https:\/\/www.tgrthaber.com\/mavikadin\/wp-json\/wp\/v2\/media?parent=186546"}],"wp:term":[{"taxonomy":"category","embeddable":true,"href":"https:\/\/www.tgrthaber.com\/mavikadin\/wp-json\/wp\/v2\/categories?post=186546"},{"taxonomy":"post_tag","embeddable":true,"href":"https:\/\/www.tgrthaber.com\/mavikadin\/wp-json\/wp\/v2\/tags?post=186546"}],"curies":[{"name":"wp","href":"https:\/\/api.w.org\/{rel}","templated":true}]}}