{"id":186556,"date":"2025-06-03T01:33:11","date_gmt":"2025-06-02T22:33:11","guid":{"rendered":"https:\/\/www.tgrthaber.com\/mavikadin\/?p=186556"},"modified":"2025-06-03T01:33:12","modified_gmt":"2025-06-02T22:33:12","slug":"miss-worldde-turkiyeyi-temsil-eden-idil-bilgenin-kardesi-kim-metehan-bilgen-kac-yasinda-ne-is-yapiyor","status":"publish","type":"post","link":"https:\/\/www.tgrthaber.com\/mavikadin\/miss-worldde-turkiyeyi-temsil-eden-idil-bilgenin-kardesi-kim-metehan-bilgen-kac-yasinda-ne-is-yapiyor\/","title":{"rendered":"Miss World&#8217;de T\u00fcrkiye\u2019yi temsil eden \u0130dil Bilgen\u2019in karde\u015fi kim? Metehan Bilgen ka\u00e7 ya\u015f\u0131nda ne i\u015f yap\u0131yor?"},"content":{"rendered":"<p>G\u00f6z kama\u015ft\u0131r\u0131c\u0131 bir s\u00fcre\u00e7ten ge\u00e7en \u0130dil Bilgen, Miss World sahnesinden sonra T\u00fcrkiye\u2019ye d\u00f6n\u00fc\u015f\u00fcnde s\u00fcrpriz bir payla\u015f\u0131mda bulundu. Yar\u0131\u015fman\u0131n ard\u0131ndan ilk kez karde\u015fiyle birlikte \u00e7ekilmi\u015f bir foto\u011fraf\u0131n\u0131 yay\u0131mlayan Bilgen, bu payla\u015f\u0131m\u0131yla takip\u00e7ilerinden yo\u011fun ilgi g\u00f6rd\u00fc. Sosyal medya kullan\u0131c\u0131lar\u0131 ise hemen \u015fu sorunun pe\u015fine d\u00fc\u015ft\u00fc: \u0130dil Bilgen\u2019in karde\u015fi kim? \u0130\u015fte Miss Turkey 2024 tac\u0131n\u0131 takan \u0130dil Bilgen&#8217;nin karde\u015fi Metahan Bilgen&#8217;in hayat\u0131na dair detaylar&#8230;<\/p>\n<h3>\u0130D\u0130L BILGEN\u2019\u0130N PAYLA\u015eIMIYLA MERAK UYANDIRDI<\/h3>\n<p>Karde\u015fiyle verdi\u011fi pozla dikkat \u00e7eken \u0130dil Bilgen\u2019in payla\u015f\u0131m\u0131 k\u0131sa s\u00fcrede \u00e7ok say\u0131da be\u011feni ve yorum ald\u0131.<\/p>\n<p><img loading=\"lazy\" decoding=\"async\" class=\"alignnone wp-image-186558\" src=\"https:\/\/www.tgrthaber.com\/mavikadin\/wp-content\/uploads\/Adsiz-tasarim-11-18-300x169.png\" alt=\"\" width=\"1208\" height=\"680\" title=\"\" srcset=\"https:\/\/www.tgrthaber.com\/mavikadin\/wp-content\/uploads\/Adsiz-tasarim-11-18-300x169.png 300w, https:\/\/www.tgrthaber.com\/mavikadin\/wp-content\/uploads\/Adsiz-tasarim-11-18-1024x576.png 1024w, https:\/\/www.tgrthaber.com\/mavikadin\/wp-content\/uploads\/Adsiz-tasarim-11-18-768x432.png 768w, https:\/\/www.tgrthaber.com\/mavikadin\/wp-content\/uploads\/Adsiz-tasarim-11-18-1536x864.png 1536w, https:\/\/www.tgrthaber.com\/mavikadin\/wp-content\/uploads\/Adsiz-tasarim-11-18.png 1920w\" sizes=\"(max-width: 1208px) 100vw, 1208px\" \/><\/p>\n<hr \/>\n<p>Takip\u00e7ileri, g\u00fczellik yar\u0131\u015fmas\u0131ndaki ba\u015far\u0131s\u0131n\u0131 destekleyen ailesiyle ilgili daha fazla bilgi g\u00f6rmek istediklerini belirtirken, Metehan Bilgen\u2019in ilk kez bu kadar g\u00f6r\u00fcn\u00fcr olmas\u0131 da sosyal medyada ilgiyle kar\u015f\u0131land\u0131.<\/p>\n<p><img loading=\"lazy\" decoding=\"async\" class=\"alignnone wp-image-186559\" src=\"https:\/\/www.tgrthaber.com\/mavikadin\/wp-content\/uploads\/haber-gorselleri-fotoshop-2025-06-02T154008.584-1536x864-1-300x169.webp\" alt=\"\" width=\"1208\" height=\"680\" title=\"\" srcset=\"https:\/\/www.tgrthaber.com\/mavikadin\/wp-content\/uploads\/haber-gorselleri-fotoshop-2025-06-02T154008.584-1536x864-1-300x169.webp 300w, https:\/\/www.tgrthaber.com\/mavikadin\/wp-content\/uploads\/haber-gorselleri-fotoshop-2025-06-02T154008.584-1536x864-1-1024x576.webp 1024w, https:\/\/www.tgrthaber.com\/mavikadin\/wp-content\/uploads\/haber-gorselleri-fotoshop-2025-06-02T154008.584-1536x864-1-768x432.webp 768w, https:\/\/www.tgrthaber.com\/mavikadin\/wp-content\/uploads\/haber-gorselleri-fotoshop-2025-06-02T154008.584-1536x864-1.webp 1536w\" sizes=\"(max-width: 1208px) 100vw, 1208px\" \/><\/p>\n<hr \/>\n<h3>METEHAN BILGEN K\u0130MD\u0130R KA\u00c7 YA\u015eINDA?<\/h3>\n<p>\u0130dil Bilgen\u2019in karde\u015fi olarak g\u00fcndeme gelen Metehan Bilgen hakk\u0131nda kamuoyuna yans\u0131m\u0131\u015f detayl\u0131 bilgiler hen\u00fcz olduk\u00e7a k\u0131s\u0131tl\u0131. Sosyal medyada ilk kez foto\u011fraf\u0131 yay\u0131mlanan Metehan Bilgen\u2019in ya\u015f\u0131, e\u011fitimi veya mesle\u011fine dair net bir bilgi bulunmuyor. Ancak ailesi hakk\u0131nda bilinenlerle baz\u0131 detaylar ortaya \u00e7\u0131k\u0131yor.<\/p>\n<p><img loading=\"lazy\" decoding=\"async\" class=\"alignnone wp-image-186560\" src=\"https:\/\/www.tgrthaber.com\/mavikadin\/wp-content\/uploads\/idil-bilgen-levent-bilgen-300x168.webp\" alt=\"\" width=\"1208\" height=\"678\" title=\"\" srcset=\"https:\/\/www.tgrthaber.com\/mavikadin\/wp-content\/uploads\/idil-bilgen-levent-bilgen-300x168.webp 300w, https:\/\/www.tgrthaber.com\/mavikadin\/wp-content\/uploads\/idil-bilgen-levent-bilgen.webp 750w\" sizes=\"(max-width: 1208px) 100vw, 1208px\" \/><\/p>\n<hr \/>\n<h3>\u0130D\u0130L B\u0130LGEN BABASI K\u0130MD\u0130R A\u0130LES\u0130 K\u0130M?<\/h3>\n<p>\u0130dil Bilgen\u2019in babas\u0131, T\u00fcrkiye\u2019nin deneyimli diplomatlardan biri olarak bilinen Mustafa Levent Bilgen\u2019dir. Uzun y\u0131llar D\u0131\u015fi\u015fleri Bakanl\u0131\u011f\u0131 b\u00fcnyesinde farkl\u0131 g\u00f6revlerde yer alan Bilgen, son olarak T\u00fcrkiye\u2019nin Kiev B\u00fcy\u00fckel\u00e7isi olarak g\u00f6rev yap\u0131yor. Diplomasi alan\u0131ndaki ba\u015far\u0131l\u0131 kariyeriyle \u00f6ne \u00e7\u0131kan baba Bilgen, ayn\u0131 zamanda e\u011fitime verdi\u011fi \u00f6nemle de tan\u0131nan bir isim.<\/p>\n<p><img loading=\"lazy\" decoding=\"async\" class=\"alignnone wp-image-186561\" src=\"https:\/\/www.tgrthaber.com\/mavikadin\/wp-content\/uploads\/idil-bilgen-2-300x169.webp\" alt=\"\" width=\"1208\" height=\"680\" title=\"\" srcset=\"https:\/\/www.tgrthaber.com\/mavikadin\/wp-content\/uploads\/idil-bilgen-2-300x169.webp 300w, https:\/\/www.tgrthaber.com\/mavikadin\/wp-content\/uploads\/idil-bilgen-2-1024x576.webp 1024w, https:\/\/www.tgrthaber.com\/mavikadin\/wp-content\/uploads\/idil-bilgen-2-768x432.webp 768w, https:\/\/www.tgrthaber.com\/mavikadin\/wp-content\/uploads\/idil-bilgen-2.webp 1280w\" sizes=\"(max-width: 1208px) 100vw, 1208px\" \/><\/p>\n<hr \/>\n<p>\u0130dil Bilgen\u2019in annesi ise Ay\u015fe Karahan Bilgen\u2019dir. Ne yaz\u0131k ki Ay\u015fe Karahan Bilgen, 2018 y\u0131l\u0131nda hayat\u0131n\u0131 kaybetti. Bilgen ailesi, sakin ama g\u00fc\u00e7l\u00fc yap\u0131s\u0131yla tan\u0131n\u0131rken, \u00e7ocuklar\u0131n\u0131n e\u011fitimi konusunda her zaman \u00f6zenli ve bilin\u00e7li bir yol izledi\u011fi biliniyor. \u0130dil Bilgen\u2019in Ko\u00e7 \u00dcniversitesi T\u0131p Fak\u00fcltesi\u2019nden mezun olmas\u0131 da bu yakla\u015f\u0131m\u0131n bir g\u00f6stergesi olarak de\u011ferlendiriliyor.<\/p>\n<p>Hen\u00fcz hakk\u0131nda \u00e7ok fazla bilgi bulunmasa da, \u0130dil Bilgen\u2019in karde\u015fi Metehan Bilgen\u2019in de \u00f6n\u00fcm\u00fczdeki d\u00f6nemde daha fazla g\u00fcndeme gelmesi s\u00fcrpriz olmayacak gibi g\u00f6r\u00fcn\u00fcyor.<\/p>\n","protected":false},"excerpt":{"rendered":"<p>Miss Turkey 2024 tac\u0131n\u0131 takan \u0130dil Bilgen, Miss World yar\u0131\u015fmas\u0131n\u0131n ard\u0131ndan yapt\u0131\u011f\u0131 bir payla\u015f\u0131m ile dikkatleri bu kez ailesine \u00e7evirdi. G\u00fczellik yar\u0131\u015fmas\u0131ndaki ba\u015far\u0131s\u0131n\u0131n ard\u0131ndan sosyal medyada aktifle\u015fen \u0130dil, uzun s\u00fcredir merak edilen erkek karde\u015fini ilk kez payla\u015ft\u0131. Peki T\u00fcrkiye g\u00fczeli \u0130dil Bilgen&#8217;in karde\u015fi kimdir? Metahan Bilgen ka\u00e7 ya\u015f\u0131nda, mesle\u011fi nedir? \u0130\u015fte merak edilen t\u00fcm detaylar&#8230;<\/p>\n","protected":false},"author":35,"featured_media":186557,"comment_status":"closed","ping_status":"closed","sticky":false,"template":"","format":"standard","meta":{"rank_math_lock_modified_date":false,"footnotes":""},"categories":[491],"tags":[3374,23639,23636,23637,23638],"class_list":["post-186556","post","type-post","status-publish","format-standard","has-post-thumbnail","hentry","category-biyografi","tag-biyografi","tag-idil-bilgen-babasi-kim","tag-idil-bilgenin-kardesi","tag-metahan-bilgen-kimdir","tag-metehan-bilgen-kac-yasinda"],"_links":{"self":[{"href":"https:\/\/www.tgrthaber.com\/mavikadin\/wp-json\/wp\/v2\/posts\/186556"}],"collection":[{"href":"https:\/\/www.tgrthaber.com\/mavikadin\/wp-json\/wp\/v2\/posts"}],"about":[{"href":"https:\/\/www.tgrthaber.com\/mavikadin\/wp-json\/wp\/v2\/types\/post"}],"author":[{"embeddable":true,"href":"https:\/\/www.tgrthaber.com\/mavikadin\/wp-json\/wp\/v2\/users\/35"}],"replies":[{"embeddable":true,"href":"https:\/\/www.tgrthaber.com\/mavikadin\/wp-json\/wp\/v2\/comments?post=186556"}],"version-history":[{"count":2,"href":"https:\/\/www.tgrthaber.com\/mavikadin\/wp-json\/wp\/v2\/posts\/186556\/revisions"}],"predecessor-version":[{"id":186563,"href":"https:\/\/www.tgrthaber.com\/mavikadin\/wp-json\/wp\/v2\/posts\/186556\/revisions\/186563"}],"wp:featuredmedia":[{"embeddable":true,"href":"https:\/\/www.tgrthaber.com\/mavikadin\/wp-json\/wp\/v2\/media\/186557"}],"wp:attachment":[{"href":"https:\/\/www.tgrthaber.com\/mavikadin\/wp-json\/wp\/v2\/media?parent=186556"}],"wp:term":[{"taxonomy":"category","embeddable":true,"href":"https:\/\/www.tgrthaber.com\/mavikadin\/wp-json\/wp\/v2\/categories?post=186556"},{"taxonomy":"post_tag","embeddable":true,"href":"https:\/\/www.tgrthaber.com\/mavikadin\/wp-json\/wp\/v2\/tags?post=186556"}],"curies":[{"name":"wp","href":"https:\/\/api.w.org\/{rel}","templated":true}]}}