{"id":186570,"date":"2025-06-03T09:45:29","date_gmt":"2025-06-03T06:45:29","guid":{"rendered":"https:\/\/www.tgrthaber.com\/mavikadin\/?p=186570"},"modified":"2025-06-03T09:45:29","modified_gmt":"2025-06-03T06:45:29","slug":"uzak-sehir-dizisinin-minesi-mine-kilictan-sezon-sonu-set-paylasimi","status":"publish","type":"post","link":"https:\/\/www.tgrthaber.com\/mavikadin\/uzak-sehir-dizisinin-minesi-mine-kilictan-sezon-sonu-set-paylasimi\/","title":{"rendered":"Uzak \u015eehir dizisinin Mine\u2019si Mine K\u0131l\u0131\u00e7\u2019tan sezon sonu set payla\u015f\u0131m\u0131!"},"content":{"rendered":"<p>Ekranlar\u0131n reyting rekortmeni dizisi Uzak \u015eehir\u2019de \u2018Mine\u2019 karakteriyle izleyici kar\u015f\u0131s\u0131na \u00e7\u0131kan Mine K\u0131l\u0131\u00e7, dizinin sezon finali yapmas\u0131yla birlikte setten foto\u011fraflar yay\u0131nlad\u0131. Sosyal medya hesab\u0131ndan yapt\u0131\u011f\u0131 duygusal payla\u015f\u0131mla \u00e7al\u0131\u015fma arkada\u015flar\u0131na te\u015fekk\u00fcrlerini ileten \u00fcnl\u00fc oyuncu, setlere dinlenme aras\u0131 verdi. \u0130\u015fte Mine K\u0131l\u0131\u00e7\u2019\u0131n sosyal medya hesab\u0131ndan yapt\u0131\u011f\u0131 duygu y\u00fckl\u00fc payla\u015f\u0131mlar\u2026<\/p>\n<h3>UZAK \u015eEH\u0130R D\u0130Z\u0130S\u0130N\u0130N M\u0130NE\u2019S\u0130 M\u0130NE KILI\u00c7\u2019TAN SEZON SONU SET PAYLA\u015eIMI!<\/h3>\n<p>Kanal D ekranlar\u0131n\u0131n b\u00fcy\u00fck bir ilgiyle takip edilen dizisi Uzak \u015eehir\u2019de \u2018Mine\u2019 karakteriyle izleyici kar\u015f\u0131s\u0131na \u00e7\u0131kan Mine K\u0131l\u0131\u00e7, sosyal medya hesab\u0131ndan bir payla\u015f\u0131mda bulundu. Ge\u00e7ti\u011fimiz ak\u015fam bomba bir sezon finaliyle ekranlara gelen Uzak \u015eehir dizisi, izleyiciyi ekran ba\u015f\u0131na kilitleyerek unutulmaz sahnelere imza att\u0131.<\/p>\n<p>Dizide Mine karakterinin sahneleri de olduk\u00e7a ilgi \u00e7ekiciydi. Mine\u2019nin elde etti\u011fi kozlarla birlikte Alya\u2019n\u0131n konaktan gitmesini istemesi geceye damga vuran sahneler aras\u0131nda yer ald\u0131.<\/p>\n<p><img loading=\"lazy\" decoding=\"async\" class=\"alignnone wp-image-186579\" src=\"https:\/\/www.tgrthaber.com\/mavikadin\/wp-content\/uploads\/Mine-Kilic-5-2-1024x576.jpg\" alt=\"Uzak \u015eehir dizisinin Mine\u2019si Mine K\u0131l\u0131\u00e7\u2019tan sezon sonu set payla\u015f\u0131m\u0131! \" width=\"1208\" height=\"680\" title=\"\" srcset=\"https:\/\/www.tgrthaber.com\/mavikadin\/wp-content\/uploads\/Mine-Kilic-5-2-1024x576.jpg 1024w, https:\/\/www.tgrthaber.com\/mavikadin\/wp-content\/uploads\/Mine-Kilic-5-2-300x169.jpg 300w, https:\/\/www.tgrthaber.com\/mavikadin\/wp-content\/uploads\/Mine-Kilic-5-2-768x432.jpg 768w, https:\/\/www.tgrthaber.com\/mavikadin\/wp-content\/uploads\/Mine-Kilic-5-2-1536x864.jpg 1536w, https:\/\/www.tgrthaber.com\/mavikadin\/wp-content\/uploads\/Mine-Kilic-5-2.jpg 1600w\" sizes=\"(max-width: 1208px) 100vw, 1208px\" \/><\/p>\n<hr \/>\n<p>Uzak \u015eehir dizisinin k\u00f6t\u00fc karakteri olarak adland\u0131r\u0131lan, Alya ve Cihan aras\u0131nda hep bir engel olan Mine karakterinin yeni sezonda olup olmayaca\u011f\u0131 merak konusu olmu\u015ftu. \u2018Mine\u2019 karakteriyle izleyici kar\u015f\u0131s\u0131na \u00e7\u0131kan Mine K\u0131l\u0131\u00e7 hakk\u0131nda \u00e7e\u015fitli iddialar ortaya at\u0131lm\u0131\u015f ve diziden ayr\u0131laca\u011f\u0131 iddia edilmi\u015fti.<\/p>\n<p><img loading=\"lazy\" decoding=\"async\" class=\"alignnone wp-image-186580\" src=\"https:\/\/www.tgrthaber.com\/mavikadin\/wp-content\/uploads\/Mine-Kilic-6-1-1024x576.jpg\" alt=\"Uzak \u015eehir dizisinin Mine\u2019si Mine K\u0131l\u0131\u00e7\u2019tan sezon sonu set payla\u015f\u0131m\u0131! \" width=\"1208\" height=\"680\" title=\"\" srcset=\"https:\/\/www.tgrthaber.com\/mavikadin\/wp-content\/uploads\/Mine-Kilic-6-1-1024x576.jpg 1024w, https:\/\/www.tgrthaber.com\/mavikadin\/wp-content\/uploads\/Mine-Kilic-6-1-300x169.jpg 300w, https:\/\/www.tgrthaber.com\/mavikadin\/wp-content\/uploads\/Mine-Kilic-6-1-768x432.jpg 768w, https:\/\/www.tgrthaber.com\/mavikadin\/wp-content\/uploads\/Mine-Kilic-6-1-1536x864.jpg 1536w, https:\/\/www.tgrthaber.com\/mavikadin\/wp-content\/uploads\/Mine-Kilic-6-1.jpg 1600w\" sizes=\"(max-width: 1208px) 100vw, 1208px\" \/><\/p>\n<hr \/>\n<p>Fakat Mine\u2019nin hikayesinin devam etmesi \u00fczerine yeni sezonda da diziye devam edece\u011fi \u00f6\u011frenilmi\u015fti. Mine karakteriyle izleyiciden de bir\u00e7ok k\u00f6t\u00fc yorum alan ba\u015far\u0131l\u0131 oyuncu Mine K\u0131l\u0131\u00e7, sosyal medya hesab\u0131ndan sezon sonu set payla\u015f\u0131m\u0131 yapt\u0131. Dizideki rol arkada\u015flar\u0131yla \u00e7ekildi\u011fi foto\u011fraflar\u0131 sosyal medya hesab\u0131ndan payla\u015fan Mine K\u0131l\u0131\u00e7, duygusal bir a\u00e7\u0131klama yay\u0131nlad\u0131. \u0130\u015fte Mine K\u0131l\u0131\u00e7\u2019\u0131n yapt\u0131\u011f\u0131 duygu y\u00fckl\u00fc payla\u015f\u0131m\u2026<\/p>\n<p><img loading=\"lazy\" decoding=\"async\" class=\"alignnone wp-image-186581\" src=\"https:\/\/www.tgrthaber.com\/mavikadin\/wp-content\/uploads\/Mine-Kilic-4-2-1024x576.jpg\" alt=\"Uzak \u015eehir dizisinin Mine\u2019si Mine K\u0131l\u0131\u00e7\u2019tan sezon sonu set payla\u015f\u0131m\u0131! \" width=\"1208\" height=\"680\" title=\"\" srcset=\"https:\/\/www.tgrthaber.com\/mavikadin\/wp-content\/uploads\/Mine-Kilic-4-2-1024x576.jpg 1024w, https:\/\/www.tgrthaber.com\/mavikadin\/wp-content\/uploads\/Mine-Kilic-4-2-300x169.jpg 300w, https:\/\/www.tgrthaber.com\/mavikadin\/wp-content\/uploads\/Mine-Kilic-4-2-768x432.jpg 768w, https:\/\/www.tgrthaber.com\/mavikadin\/wp-content\/uploads\/Mine-Kilic-4-2-1536x864.jpg 1536w, https:\/\/www.tgrthaber.com\/mavikadin\/wp-content\/uploads\/Mine-Kilic-4-2.jpg 1600w\" sizes=\"(max-width: 1208px) 100vw, 1208px\" \/><\/p>\n<hr \/>\n<h3>M\u0130NE KILI\u00c7\u2019TAN DUYGUSAL SET PAYLA\u015eIMI!<\/h3>\n<p>Uzak \u015eehir dizisinin Mine\u2019si Mine K\u0131l\u0131\u00e7, dizinin son b\u00f6l\u00fcm\u00fc ba\u015flarken ilk sezon an\u0131s\u0131na duygusal bir payla\u015f\u0131mda bulundu. Uzun sat\u0131rlarla setteki arkada\u015flar\u0131na te\u015fekk\u00fcr eden \u00fcnl\u00fc oyuncu, payla\u015f\u0131m\u0131yla takip\u00e7ilerini duyguland\u0131rd\u0131. Mine K\u0131l\u0131\u00e7, Instagram hesab\u0131ndan payla\u015ft\u0131\u011f\u0131 foto\u011fraflar\u0131n alt\u0131na \u015fu notu d\u00fc\u015ft\u00fc:<\/p>\n<p><img loading=\"lazy\" decoding=\"async\" class=\"alignnone wp-image-186582\" src=\"https:\/\/www.tgrthaber.com\/mavikadin\/wp-content\/uploads\/Mine-Kilic-1-2-1024x576.jpg\" alt=\"Uzak \u015eehir dizisinin Mine\u2019si Mine K\u0131l\u0131\u00e7\u2019tan sezon sonu set payla\u015f\u0131m\u0131! \" width=\"1208\" height=\"680\" title=\"\" srcset=\"https:\/\/www.tgrthaber.com\/mavikadin\/wp-content\/uploads\/Mine-Kilic-1-2-1024x576.jpg 1024w, https:\/\/www.tgrthaber.com\/mavikadin\/wp-content\/uploads\/Mine-Kilic-1-2-300x169.jpg 300w, https:\/\/www.tgrthaber.com\/mavikadin\/wp-content\/uploads\/Mine-Kilic-1-2-768x432.jpg 768w, https:\/\/www.tgrthaber.com\/mavikadin\/wp-content\/uploads\/Mine-Kilic-1-2-1536x864.jpg 1536w, https:\/\/www.tgrthaber.com\/mavikadin\/wp-content\/uploads\/Mine-Kilic-1-2.jpg 1600w\" sizes=\"(max-width: 1208px) 100vw, 1208px\" \/><\/p>\n<hr \/>\n<p>\u201cSon b\u00f6l\u00fcm ba\u015flarken ilk sezon anmas\u0131; Payla\u015fmak istedi\u011fim onca foto\u011fraf\u0131n kald\u0131ramad\u0131 Instagram y\u00fck\u00fcn\u00fc, ebat\u0131n\u0131. \u00c7ok\u00e7a payla\u015famad\u0131klar\u0131m, s\u0131\u011fd\u0131ramad\u0131klar\u0131m, ula\u015famad\u0131klar\u0131m var\u2026 manidar. \u00c7ok \u015fey \u00f6\u011frendi\u011fim, g\u00fcld\u00fc\u011f\u00fcm, a\u011flad\u0131\u011f\u0131m\u2026 ve en \u00e7ok da s\u00fck\u00fbt etti\u011fim bir sezon oldu. Sabretmeyi, sessizli\u011fin edebini; 39 nihayete ererken tek\u00e2m\u00fcl sanc\u0131lar\u0131n\u0131 kabullenmeyi\u2026 Ve bir kez daha insan olman\u0131n ne garip, ne me\u00e7hul bir h\u00e2l oldu\u011funa \u015fa\u015fman\u0131n ya\u015f\u0131 olmad\u0131\u011f\u0131n\u0131 \u00f6\u011frendim.<\/p>\n<p><img loading=\"lazy\" decoding=\"async\" class=\"alignnone wp-image-186583\" src=\"https:\/\/www.tgrthaber.com\/mavikadin\/wp-content\/uploads\/Mine-Kilic-3-1-1024x576.jpg\" alt=\"Uzak \u015eehir dizisinin Mine\u2019si Mine K\u0131l\u0131\u00e7\u2019tan sezon sonu set payla\u015f\u0131m\u0131! \" width=\"1208\" height=\"680\" title=\"\" srcset=\"https:\/\/www.tgrthaber.com\/mavikadin\/wp-content\/uploads\/Mine-Kilic-3-1-1024x576.jpg 1024w, https:\/\/www.tgrthaber.com\/mavikadin\/wp-content\/uploads\/Mine-Kilic-3-1-300x169.jpg 300w, https:\/\/www.tgrthaber.com\/mavikadin\/wp-content\/uploads\/Mine-Kilic-3-1-768x432.jpg 768w, https:\/\/www.tgrthaber.com\/mavikadin\/wp-content\/uploads\/Mine-Kilic-3-1-1536x864.jpg 1536w, https:\/\/www.tgrthaber.com\/mavikadin\/wp-content\/uploads\/Mine-Kilic-3-1.jpg 1600w\" sizes=\"(max-width: 1208px) 100vw, 1208px\" \/><\/p>\n<hr \/>\n<p>Fakat san\u0131r\u0131m en m\u00fchimi: nice kimselerin bakt\u0131\u011f\u0131 \u015feyde g\u00f6rd\u00fc\u011f\u00fcn\u00fcn, asl\u0131nda kendi akisleri oldu\u011funu belki de hi\u00e7bir vakit idrak edemeyece\u011fini. Bu manada, zaten m\u00fc\u015fkil bir meslek\u2026 m\u00fc\u015fkil bir rold\u00fc Mine. Ama iyi ki oldu. \u0130ki Mine de lay\u0131\u011f\u0131n\u0131 bulsun. Bu s\u00fcre\u00e7te ben fazlaca zorlan\u0131rken, \u00e7evreme aksettirdi\u011fim, s\u00fcr\u00e7-i lisan etti\u011fim, istemeden g\u00f6n\u00fcl incitti\u011fim olduysa, aflar ola. Ba\u015fka bir ekiple de olmazd\u0131&#8230; \u0130yi ki o foto\u011fraflanan anlar, o insanlar ve o yol, birlikte nasip oldu. Herkese her \u015fey i\u00e7in \u00e7ok\u00e7a minnet, \u00e7ok\u00e7a muhabbet. G\u00f6r\u00fc\u015fmek dile\u011fiyle.\u201d<\/p>\n<p><img loading=\"lazy\" decoding=\"async\" class=\"alignnone wp-image-186584\" src=\"https:\/\/www.tgrthaber.com\/mavikadin\/wp-content\/uploads\/Mine-Kilic-2-2-1024x576.jpg\" alt=\"Uzak \u015eehir dizisinin Mine\u2019si Mine K\u0131l\u0131\u00e7\u2019tan sezon sonu set payla\u015f\u0131m\u0131! \" width=\"1208\" height=\"680\" title=\"\" srcset=\"https:\/\/www.tgrthaber.com\/mavikadin\/wp-content\/uploads\/Mine-Kilic-2-2-1024x576.jpg 1024w, https:\/\/www.tgrthaber.com\/mavikadin\/wp-content\/uploads\/Mine-Kilic-2-2-300x169.jpg 300w, https:\/\/www.tgrthaber.com\/mavikadin\/wp-content\/uploads\/Mine-Kilic-2-2-768x432.jpg 768w, https:\/\/www.tgrthaber.com\/mavikadin\/wp-content\/uploads\/Mine-Kilic-2-2-1536x864.jpg 1536w, https:\/\/www.tgrthaber.com\/mavikadin\/wp-content\/uploads\/Mine-Kilic-2-2.jpg 1600w\" sizes=\"(max-width: 1208px) 100vw, 1208px\" \/><\/p>\n<hr \/>\n<h3>M\u0130NE KILI\u00c7 K\u0130MD\u0130R?<\/h3>\n<p>Mine K\u0131l\u0131\u00e7, 5 Kas\u0131m 1986 y\u0131l\u0131nda Mersin\u2019de d\u00fcnyaya geldi. E\u011fitim hayat\u0131n\u0131 ba\u015far\u0131yla tamamlayan K\u0131l\u0131\u00e7, oyunculuk sekt\u00f6r\u00fcne ad\u0131m att\u0131. Kariyerini oyunculuk alan\u0131nda ilerletmek isteyen K\u0131l\u0131\u00e7, \u015eahika Tekand Studio Oyuncular\u0131\u2019nda oyunculuk ve T\u00fcrker \u0130nano\u011flu Sinema ve Televizyon E\u011fitim Vakf\u0131\u2019nda kamera \u00f6n\u00fc oyunculu\u011fu dersleri ald\u0131. \u0130lk oyunculuk deneyimini 2007 y\u0131l\u0131nda \u201cOyun Bitti\u201d dizisiyle ger\u00e7ekle\u015ftiren K\u0131l\u0131\u00e7, daha sonra bir\u00e7ok ba\u015far\u0131l\u0131 projede yer almay\u0131 ba\u015fard\u0131.<\/p>\n<p><img loading=\"lazy\" decoding=\"async\" class=\"alignnone wp-image-186585\" src=\"https:\/\/www.tgrthaber.com\/mavikadin\/wp-content\/uploads\/Mine-Kilic-4-1024x576.webp\" alt=\"Uzak \u015eehir dizisinin Mine\u2019si Mine K\u0131l\u0131\u00e7\u2019tan sezon sonu set payla\u015f\u0131m\u0131! \" width=\"1208\" height=\"680\" title=\"\" srcset=\"https:\/\/www.tgrthaber.com\/mavikadin\/wp-content\/uploads\/Mine-Kilic-4-1024x576.webp 1024w, https:\/\/www.tgrthaber.com\/mavikadin\/wp-content\/uploads\/Mine-Kilic-4-300x169.webp 300w, https:\/\/www.tgrthaber.com\/mavikadin\/wp-content\/uploads\/Mine-Kilic-4-768x432.webp 768w, https:\/\/www.tgrthaber.com\/mavikadin\/wp-content\/uploads\/Mine-Kilic-4.webp 1208w\" sizes=\"(max-width: 1208px) 100vw, 1208px\" \/><\/p>\n<hr \/>\n<p>\u015eimdilerde 39 ya\u015f\u0131nda olan ba\u015far\u0131l\u0131 oyuncu Mine K\u0131l\u0131\u00e7, 2007 y\u0131l\u0131nda oyunculuk ser\u00fcvenine ba\u015flad\u0131. 2007 y\u0131l\u0131ndan bu yana ba\u015far\u0131l\u0131 oyunculu\u011fuyla dikkat \u00e7eken K\u0131l\u0131\u00e7, Al Yazmal\u0131m, Beni B\u00f6yle Sev, Beyaz Gece, Aile \u0130\u015fi ve Bana Sevmeyi Anlat gibi dizilerde rol ald\u0131. 2019 y\u0131l\u0131nda \u201cMucize Doktor\u201d yer alan K\u0131l\u0131\u00e7, 2020 y\u0131l\u0131nda ise Gali\u00e7ya \u0130\u015fgal Alt\u0131nda,\u00a0Z\u00fcmr\u00fcd\u00fcanka\u00a0ve Kefaret\u00a0gibi dizilerde boy g\u00f6sterdi.<\/p>\n<p><img loading=\"lazy\" decoding=\"async\" class=\"alignnone wp-image-186586\" src=\"https:\/\/www.tgrthaber.com\/mavikadin\/wp-content\/uploads\/Mine-Kilic-2-1024x576.webp\" alt=\"Uzak \u015eehir dizisinin Mine\u2019si Mine K\u0131l\u0131\u00e7\u2019tan sezon sonu set payla\u015f\u0131m\u0131! \" width=\"1208\" height=\"680\" title=\"\" srcset=\"https:\/\/www.tgrthaber.com\/mavikadin\/wp-content\/uploads\/Mine-Kilic-2-1024x576.webp 1024w, https:\/\/www.tgrthaber.com\/mavikadin\/wp-content\/uploads\/Mine-Kilic-2-300x169.webp 300w, https:\/\/www.tgrthaber.com\/mavikadin\/wp-content\/uploads\/Mine-Kilic-2-768x432.webp 768w, https:\/\/www.tgrthaber.com\/mavikadin\/wp-content\/uploads\/Mine-Kilic-2-1536x864.webp 1536w, https:\/\/www.tgrthaber.com\/mavikadin\/wp-content\/uploads\/Mine-Kilic-2.webp 1600w\" sizes=\"(max-width: 1208px) 100vw, 1208px\" \/><\/p>\n<hr \/>\n<p>Mine K\u0131l\u0131\u00e7, ba\u015far\u0131l\u0131 oyunculu\u011fuyla bir\u00e7ok projede yer almay\u0131 ba\u015fard\u0131 ve ad\u0131ndan s\u0131k\u00e7a s\u00f6z ettirdi. 2022 y\u0131l\u0131nda \u201cAnnenin S\u0131rr\u0131d\u0131r \u00c7ocuk\u201d dizisinde rol alan K\u0131l\u0131\u00e7, 2023 y\u0131l\u0131nda \u201cAl Sancak\u201d ve \u201cYa \u00c7ok Seversen\u201d dizilerinde oynad\u0131. \u015eimdilerde ise Kanal D ekranlar\u0131n\u0131n reyting rekortmeni dizisinde \u201cMine\u201d karakteriyle izleyici kar\u015f\u0131s\u0131na \u00e7\u0131kan K\u0131l\u0131\u00e7, bu rol\u00fcyle pop\u00fclerli\u011fini art\u0131rd\u0131.<\/p>\n","protected":false},"excerpt":{"rendered":"<p>Uzak \u015eehir dizisinin Mine\u2019si Mine K\u0131l\u0131\u00e7\u2019tan sezon sonu set payla\u015f\u0131m\u0131 geldi. Dizideki rol arkada\u015flar\u0131yla \u00e7ekildi\u011fi foto\u011fraflar\u0131 sosyal medya hesab\u0131ndan payla\u015fan Mine K\u0131l\u0131\u00e7, duygusal bir a\u00e7\u0131klama yay\u0131nlad\u0131. \u0130\u015fte detaylar\u2026.<\/p>\n","protected":false},"author":26,"featured_media":186578,"comment_status":"closed","ping_status":"closed","sticky":false,"template":"","format":"standard","meta":{"rank_math_lock_modified_date":false,"footnotes":""},"categories":[76],"tags":[133,2218,3261,2293,3260],"class_list":["post-186570","post","type-post","status-publish","format-standard","has-post-thumbnail","hentry","category-magazin","tag-magazin","tag-magazin-haberleri","tag-mine-kilic","tag-uzak-sehir","tag-uzak-sehir-mine"],"_links":{"self":[{"href":"https:\/\/www.tgrthaber.com\/mavikadin\/wp-json\/wp\/v2\/posts\/186570"}],"collection":[{"href":"https:\/\/www.tgrthaber.com\/mavikadin\/wp-json\/wp\/v2\/posts"}],"about":[{"href":"https:\/\/www.tgrthaber.com\/mavikadin\/wp-json\/wp\/v2\/types\/post"}],"author":[{"embeddable":true,"href":"https:\/\/www.tgrthaber.com\/mavikadin\/wp-json\/wp\/v2\/users\/26"}],"replies":[{"embeddable":true,"href":"https:\/\/www.tgrthaber.com\/mavikadin\/wp-json\/wp\/v2\/comments?post=186570"}],"version-history":[{"count":2,"href":"https:\/\/www.tgrthaber.com\/mavikadin\/wp-json\/wp\/v2\/posts\/186570\/revisions"}],"predecessor-version":[{"id":186588,"href":"https:\/\/www.tgrthaber.com\/mavikadin\/wp-json\/wp\/v2\/posts\/186570\/revisions\/186588"}],"wp:featuredmedia":[{"embeddable":true,"href":"https:\/\/www.tgrthaber.com\/mavikadin\/wp-json\/wp\/v2\/media\/186578"}],"wp:attachment":[{"href":"https:\/\/www.tgrthaber.com\/mavikadin\/wp-json\/wp\/v2\/media?parent=186570"}],"wp:term":[{"taxonomy":"category","embeddable":true,"href":"https:\/\/www.tgrthaber.com\/mavikadin\/wp-json\/wp\/v2\/categories?post=186570"},{"taxonomy":"post_tag","embeddable":true,"href":"https:\/\/www.tgrthaber.com\/mavikadin\/wp-json\/wp\/v2\/tags?post=186570"}],"curies":[{"name":"wp","href":"https:\/\/api.w.org\/{rel}","templated":true}]}}