{"id":186593,"date":"2025-06-03T10:33:31","date_gmt":"2025-06-03T07:33:31","guid":{"rendered":"https:\/\/www.tgrthaber.com\/mavikadin\/?p=186593"},"modified":"2025-06-03T10:33:31","modified_gmt":"2025-06-03T07:33:31","slug":"baklava-serbeti-sicak-mi-yoksa-soguk-mu-dokulur-baklava-yaparken-bu-puf-noktasina-dikkat","status":"publish","type":"post","link":"https:\/\/www.tgrthaber.com\/mavikadin\/baklava-serbeti-sicak-mi-yoksa-soguk-mu-dokulur-baklava-yaparken-bu-puf-noktasina-dikkat\/","title":{"rendered":"Baklava \u015ferbeti s\u0131cak m\u0131 yoksa so\u011fuk mu d\u00f6k\u00fcl\u00fcr? Baklava yaparken bu p\u00fcf noktas\u0131na dikkat!"},"content":{"rendered":"<p>Baklava yap\u0131m\u0131 biraz emek istese de sonu\u00e7 muhte\u015fem oluyor, ola\u011fan\u00fcst\u00fc lezzetli bir tatl\u0131 ortaya \u00e7\u0131k\u0131yor. Baklavaya \u015ferbet d\u00f6kmek ise basit g\u00f6r\u00fcnse de baklava yap\u0131m\u0131n\u0131n en m\u00fchim a\u015famalar\u0131ndan. Vatanda\u015flar baklava \u015ferbeti baklavaya so\u011fuk mu yoksa s\u0131cak m\u0131 d\u00f6k\u00fcl\u00fcr? diye ara\u015ft\u0131r\u0131yor. \u0130\u015fte merak edilen sorunun cevab\u0131:<\/p>\n<h3>BAKLAVA \u015eERBET\u0130 SICAK MI SO\u011eUK MU D\u00d6K\u00dcL\u00dcR?<\/h3>\n<p><strong>Baklava \u015ferbeti d\u00f6kerken baklava s\u0131cak, \u015ferbet ise so\u011fuk olmal\u0131d\u0131r.<\/strong> Ancak so\u011fuk \u015ferbeti baklava f\u0131r\u0131ndan \u00e7\u0131kar \u00e7\u0131kmaz d\u00f6kmemelidir. Baklava pi\u015ftikten sonra f\u0131r\u0131ndan \u00e7\u0131kar\u0131lmal\u0131, baklavay\u0131 3-5 dakika bekletmeli, baklavan\u0131n yo\u011fun s\u0131cakl\u0131\u011f\u0131 gittikten sonra so\u011fuk \u015ferbet d\u00f6k\u00fclmelidir. \u00d6zetle \u015funu diyebiliriz ki baklavan\u0131n tam k\u0131vam\u0131nda olmas\u0131, hamurla\u015fmamas\u0131 i\u00e7in p\u00fcf noktas\u0131 baklavan\u0131n s\u0131cak, \u015ferbetin ise so\u011fuk d\u00f6k\u00fclmesidir.<\/p>\n<p><img loading=\"lazy\" decoding=\"async\" class=\"aligncenter wp-image-186595\" src=\"https:\/\/www.tgrthaber.com\/mavikadin\/wp-content\/uploads\/baklava-serbeti-sicak-mi-yoksa-soguk-mu-dokulur-baklava-yaparken-bu-puf-noktasina-dikkat-4.jpg\" alt=\"\" width=\"1208\" height=\"680\" title=\"\" srcset=\"https:\/\/www.tgrthaber.com\/mavikadin\/wp-content\/uploads\/baklava-serbeti-sicak-mi-yoksa-soguk-mu-dokulur-baklava-yaparken-bu-puf-noktasina-dikkat-4.jpg 1920w, https:\/\/www.tgrthaber.com\/mavikadin\/wp-content\/uploads\/baklava-serbeti-sicak-mi-yoksa-soguk-mu-dokulur-baklava-yaparken-bu-puf-noktasina-dikkat-4-300x169.jpg 300w, https:\/\/www.tgrthaber.com\/mavikadin\/wp-content\/uploads\/baklava-serbeti-sicak-mi-yoksa-soguk-mu-dokulur-baklava-yaparken-bu-puf-noktasina-dikkat-4-1024x576.jpg 1024w, https:\/\/www.tgrthaber.com\/mavikadin\/wp-content\/uploads\/baklava-serbeti-sicak-mi-yoksa-soguk-mu-dokulur-baklava-yaparken-bu-puf-noktasina-dikkat-4-768x432.jpg 768w, https:\/\/www.tgrthaber.com\/mavikadin\/wp-content\/uploads\/baklava-serbeti-sicak-mi-yoksa-soguk-mu-dokulur-baklava-yaparken-bu-puf-noktasina-dikkat-4-1536x864.jpg 1536w\" sizes=\"(max-width: 1208px) 100vw, 1208px\" \/><\/p>\n<hr \/>\n<h3>BAKLAVA \u015eERBET \u00d6L\u00c7\u00dcS\u00dc NED\u0130R?<\/h3>\n<p>Baklava yap\u0131m\u0131nda \u015ferbet \u00f6l\u00e7\u00fcs\u00fc 4 su barda\u011f\u0131 3 su barda\u011f\u0131 toz \u015feker \u015feklinde ayarlanmal\u0131d\u0131r. \u015eerbet i\u00e7in ideal \u00f6l\u00e7\u00fc budur.<\/p>\n<h3>PRAT\u0130K VE LEZZETL\u0130 BAKLAVA TAR\u0130F\u0130<\/h3>\n<p><strong>Malzemeler<\/strong><\/p>\n<ul>\n<li>1 paket baklaval\u0131k yufka<\/li>\n<li>250 gr tereya\u011f\u0131<\/li>\n<li>2 su barda\u011f\u0131 f\u0131st\u0131k yahut ceviz<\/li>\n<\/ul>\n<p><img loading=\"lazy\" decoding=\"async\" class=\"aligncenter wp-image-186596\" src=\"https:\/\/www.tgrthaber.com\/mavikadin\/wp-content\/uploads\/baklava-serbeti-sicak-mi-yoksa-soguk-mu-dokulur-baklava-yaparken-bu-puf-noktasina-dikkat-2.jpg\" alt=\"\" width=\"1208\" height=\"680\" title=\"\" srcset=\"https:\/\/www.tgrthaber.com\/mavikadin\/wp-content\/uploads\/baklava-serbeti-sicak-mi-yoksa-soguk-mu-dokulur-baklava-yaparken-bu-puf-noktasina-dikkat-2.jpg 1920w, https:\/\/www.tgrthaber.com\/mavikadin\/wp-content\/uploads\/baklava-serbeti-sicak-mi-yoksa-soguk-mu-dokulur-baklava-yaparken-bu-puf-noktasina-dikkat-2-300x169.jpg 300w, https:\/\/www.tgrthaber.com\/mavikadin\/wp-content\/uploads\/baklava-serbeti-sicak-mi-yoksa-soguk-mu-dokulur-baklava-yaparken-bu-puf-noktasina-dikkat-2-1024x576.jpg 1024w, https:\/\/www.tgrthaber.com\/mavikadin\/wp-content\/uploads\/baklava-serbeti-sicak-mi-yoksa-soguk-mu-dokulur-baklava-yaparken-bu-puf-noktasina-dikkat-2-768x432.jpg 768w, https:\/\/www.tgrthaber.com\/mavikadin\/wp-content\/uploads\/baklava-serbeti-sicak-mi-yoksa-soguk-mu-dokulur-baklava-yaparken-bu-puf-noktasina-dikkat-2-1536x864.jpg 1536w\" sizes=\"(max-width: 1208px) 100vw, 1208px\" \/><\/p>\n<hr \/>\n<p><strong>\u015eerbeti \u0130\u00e7in<\/strong><\/p>\n<ul>\n<li>4 su barda\u011f\u0131 su<\/li>\n<li>3 su barda\u011f\u0131 \u015feker<\/li>\n<li>1 ince dilim limon<\/li>\n<li>1 yemek ka\u015f\u0131\u011f\u0131 bal<\/li>\n<\/ul>\n<p><strong>Yap\u0131l\u0131\u015f\u0131:<\/strong><\/p>\n<p>Pratik baklava tarifimizi yapmaya \u015ferbeti haz\u0131rlamakla ba\u015flayal\u0131m. Bunun i\u00e7in tencereye 4 su barda\u011f\u0131 su, 3 su barda\u011f\u0131 \u015feker ve 1 ince dilim limonu al\u0131p 15 dakika boyunca k\u0131s\u0131k ate\u015fte kaynatal\u0131m. Oca\u011f\u0131n alt\u0131n\u0131 kapat\u0131p \u015ferbete 1 yemek ka\u015f\u0131\u011f\u0131 bal ekleyelim, \u015ferbeti so\u011fumaya b\u0131rakal\u0131m.<\/p>\n<p><img loading=\"lazy\" decoding=\"async\" class=\"aligncenter wp-image-186597\" src=\"https:\/\/www.tgrthaber.com\/mavikadin\/wp-content\/uploads\/baklava-serbeti-sicak-mi-yoksa-soguk-mu-dokulur-baklava-yaparken-bu-puf-noktasina-dikkat-3.jpg\" alt=\"\" width=\"1208\" height=\"680\" title=\"\" srcset=\"https:\/\/www.tgrthaber.com\/mavikadin\/wp-content\/uploads\/baklava-serbeti-sicak-mi-yoksa-soguk-mu-dokulur-baklava-yaparken-bu-puf-noktasina-dikkat-3.jpg 1920w, https:\/\/www.tgrthaber.com\/mavikadin\/wp-content\/uploads\/baklava-serbeti-sicak-mi-yoksa-soguk-mu-dokulur-baklava-yaparken-bu-puf-noktasina-dikkat-3-300x169.jpg 300w, https:\/\/www.tgrthaber.com\/mavikadin\/wp-content\/uploads\/baklava-serbeti-sicak-mi-yoksa-soguk-mu-dokulur-baklava-yaparken-bu-puf-noktasina-dikkat-3-1024x576.jpg 1024w, https:\/\/www.tgrthaber.com\/mavikadin\/wp-content\/uploads\/baklava-serbeti-sicak-mi-yoksa-soguk-mu-dokulur-baklava-yaparken-bu-puf-noktasina-dikkat-3-768x432.jpg 768w, https:\/\/www.tgrthaber.com\/mavikadin\/wp-content\/uploads\/baklava-serbeti-sicak-mi-yoksa-soguk-mu-dokulur-baklava-yaparken-bu-puf-noktasina-dikkat-3-1536x864.jpg 1536w\" sizes=\"(max-width: 1208px) 100vw, 1208px\" \/><\/p>\n<hr \/>\n<p>250 gr. tereya\u011f\u0131n\u0131 tava al\u0131p eritelim, erirken olu\u015fan k\u00f6p\u00fcklerini alal\u0131m.<\/p>\n<p>Baklava yufkas\u0131n\u0131 paketten \u00e7\u0131kar\u0131p yufkadan 2 adet al\u0131p kare borcama yerle\u015ftirelim. Eritti\u011fimiz tereya\u011f\u0131n\u0131 bir kaseye koyal\u0131m, yemek ka\u015f\u0131\u011f\u0131 ile her taraf\u0131na e\u015fit gelecek ya\u011flayal\u0131m, yufkadan 2 adet daha borcama serip yufkalar\u0131n aras\u0131n\u0131 ya\u011flayal\u0131m toplamda 10 kat yufka olacak. Araya f\u0131st\u0131k serpelim ve tekrardan iki\u015fer adetten 10 kat olacak \u015fekilde aralar\u0131 ya\u011flayal\u0131m. Toplamda 4 kat yapm\u0131\u015f olduk. Son a\u015fama olarak baklavan\u0131n \u00fczerine tereya\u011f\u0131ndan bolca d\u00f6k\u00fcp b\u0131\u00e7akla dilimleyelim. F\u0131r\u0131n\u0131 \u00f6nceden 170 derecede \u0131s\u0131tal\u0131m. Borcam tepsisini f\u0131r\u0131na verip alt \u00fcst k\u0131zarana kadar pi\u015firelim. F\u0131r\u0131ndan \u00e7\u0131karal\u0131m, 5 dakika daha bekletip so\u011fuk \u015ferbeti baklavalara d\u00f6kelim. Baklava \u015ferbeti \u00e7ekince \u00fczerine f\u0131st\u0131k serpelim, 3 saat dinlenmeye b\u0131rakal\u0131m. Afiyet olsun.<\/p>\n","protected":false},"excerpt":{"rendered":"<p>Baklava, T\u00fcrk mutfa\u011f\u0131n\u0131n en sevilen, geleneksel tatl\u0131lar\u0131ndan. T\u00fcrk k\u00fclt\u00fcr\u00fcnde baklavas\u0131z bir bayram adeta d\u00fc\u015f\u00fcn\u00fclemez. Baklavan\u0131n \u00f6nemli ad\u0131mlar\u0131ndan biri de baklavan\u0131n \u015ferbetle bulu\u015fmas\u0131d\u0131r. Peki baklava \u015ferbeti s\u0131cak m\u0131 yoksa so\u011fuk mu d\u00f6k\u00fcl\u00fcr? Baklava yaparken bu p\u00fcf noktas\u0131na dikkat!<\/p>\n","protected":false},"author":30,"featured_media":186594,"comment_status":"closed","ping_status":"closed","sticky":false,"template":"","format":"standard","meta":{"rank_math_lock_modified_date":false,"footnotes":""},"categories":[191],"tags":[3639,23641,23640,23642,3411],"class_list":["post-186593","post","type-post","status-publish","format-standard","has-post-thumbnail","hentry","category-yemek-tarifleri","tag-baklava-serbeti","tag-baklava-serbeti-ne-zaman-dokulur","tag-baklava-serbeti-soguk-mu-dokulur","tag-baklava-serbeti-tarifi","tag-yemek-tarifleri"],"_links":{"self":[{"href":"https:\/\/www.tgrthaber.com\/mavikadin\/wp-json\/wp\/v2\/posts\/186593"}],"collection":[{"href":"https:\/\/www.tgrthaber.com\/mavikadin\/wp-json\/wp\/v2\/posts"}],"about":[{"href":"https:\/\/www.tgrthaber.com\/mavikadin\/wp-json\/wp\/v2\/types\/post"}],"author":[{"embeddable":true,"href":"https:\/\/www.tgrthaber.com\/mavikadin\/wp-json\/wp\/v2\/users\/30"}],"replies":[{"embeddable":true,"href":"https:\/\/www.tgrthaber.com\/mavikadin\/wp-json\/wp\/v2\/comments?post=186593"}],"version-history":[{"count":2,"href":"https:\/\/www.tgrthaber.com\/mavikadin\/wp-json\/wp\/v2\/posts\/186593\/revisions"}],"predecessor-version":[{"id":186599,"href":"https:\/\/www.tgrthaber.com\/mavikadin\/wp-json\/wp\/v2\/posts\/186593\/revisions\/186599"}],"wp:featuredmedia":[{"embeddable":true,"href":"https:\/\/www.tgrthaber.com\/mavikadin\/wp-json\/wp\/v2\/media\/186594"}],"wp:attachment":[{"href":"https:\/\/www.tgrthaber.com\/mavikadin\/wp-json\/wp\/v2\/media?parent=186593"}],"wp:term":[{"taxonomy":"category","embeddable":true,"href":"https:\/\/www.tgrthaber.com\/mavikadin\/wp-json\/wp\/v2\/categories?post=186593"},{"taxonomy":"post_tag","embeddable":true,"href":"https:\/\/www.tgrthaber.com\/mavikadin\/wp-json\/wp\/v2\/tags?post=186593"}],"curies":[{"name":"wp","href":"https:\/\/api.w.org\/{rel}","templated":true}]}}