{"id":186610,"date":"2025-06-03T11:19:09","date_gmt":"2025-06-03T08:19:09","guid":{"rendered":"https:\/\/www.tgrthaber.com\/mavikadin\/?p=186610"},"modified":"2025-06-03T11:32:59","modified_gmt":"2025-06-03T08:32:59","slug":"ilker-aksum-trafikte-yasadigi-tartisma-sonrasi-ilk-kez-konustu-sinirlerim-bozuldu","status":"publish","type":"post","link":"https:\/\/www.tgrthaber.com\/mavikadin\/ilker-aksum-trafikte-yasadigi-tartisma-sonrasi-ilk-kez-konustu-sinirlerim-bozuldu\/","title":{"rendered":"\u0130lker Aksum trafikte ya\u015fad\u0131\u011f\u0131 tart\u0131\u015fma sonras\u0131 ilk kez konu\u015ftu! \u2018Sinirlerim bozuldu\u2019"},"content":{"rendered":"<p>Ba\u015far\u0131l\u0131 oyuncu \u0130lker Aksum d\u00fcn trafikte ya\u015fad\u0131\u011f\u0131 olaydan sonra sosyal medya hesab\u0131 \u00fczerinden sevenlerine a\u00e7\u0131klama yapt\u0131. Aksum\u2019un samimi a\u00e7\u0131klamas\u0131 sonras\u0131 hayranlar\u0131ndan yorum ya\u011fd\u0131.<\/p>\n<h3>\u0130LKER AKSUM TRAF\u0130KTE YA\u015eADIKLARI \u0130\u00c7\u0130N KONU\u015eTU<\/h3>\n<p>D\u00fcn talihsiz bir olay ya\u015fad\u0131\u011f\u0131n\u0131 anlatan \u0130lker Aksum d\u00fcn insanca birine yol vermek istedi\u011fini ancak arkadaki \u015fah\u0131s\u0131n kendisine hakaret etti\u011fini ve d\u00f6vmekle tehdit etti\u011fini ifade etti. Sinirleri bozulup kendisinin de k\u00fcf\u00fcr etti\u011fini a\u00e7\u0131klayan Aksum sevenlerinden bu durum i\u00e7in \u00f6z\u00fcr diledi.<\/p>\n<div style=\"width: 640px;\" class=\"wp-video\"><!--[if lt IE 9]><script>document.createElement('video');<\/script><![endif]-->\n<video class=\"wp-video-shortcode\" id=\"video-186610-1\" width=\"640\" height=\"1138\" preload=\"metadata\" controls=\"controls\"><source type=\"video\/mp4\" src=\"https:\/\/www.tgrthaber.com\/mavikadin\/wp-content\/uploads\/Ilker-Aksum-2.mp4?_=1\" \/><a href=\"https:\/\/www.tgrthaber.com\/mavikadin\/wp-content\/uploads\/Ilker-Aksum-2.mp4\">https:\/\/www.tgrthaber.com\/mavikadin\/wp-content\/uploads\/Ilker-Aksum-2.mp4<\/a><\/video><\/div>\n<hr \/>\n<p>T\u00fcrkiye\u2019de trafi\u011fin bir sorun oldu\u011funu ve bu hafta ba\u015f\u0131na yine arabayla ilgili talihsiz olaylar geldi\u011fini dile getiren \u0130lker Aksum 35 y\u0131ld\u0131r g\u00f6z\u00fcn\u00fcz\u00fcn \u00f6n\u00fcndeyim b\u00f6yle bir \u015feyimi g\u00f6rd\u00fcn\u00fcz m\u00fc dedi. Tahamm\u00fcllerimin zay\u0131flam\u0131\u015f durumda. Kar\u0131m\u0131n k\u0131z\u0131m\u0131n yan\u0131nda ya\u015fad\u0131klar\u0131m \u00fcz\u00fcc\u00fc diye ifade etti. Kar\u015f\u0131s\u0131ndaki \u015fah\u0131stan da \u00f6z\u00fcr dileyen \u0130lker Aksum ne olursa olsun b\u00f6yle olmasayd\u0131 diye konu\u015ftu.<\/p>\n<p><img loading=\"lazy\" decoding=\"async\" class=\"alignnone size-full wp-image-186612\" src=\"https:\/\/www.tgrthaber.com\/mavikadin\/wp-content\/uploads\/Ilker-AKsum-1-1.png\" alt=\"\" width=\"1208\" height=\"680\" title=\"\" srcset=\"https:\/\/www.tgrthaber.com\/mavikadin\/wp-content\/uploads\/Ilker-AKsum-1-1.png 1208w, https:\/\/www.tgrthaber.com\/mavikadin\/wp-content\/uploads\/Ilker-AKsum-1-1-300x169.png 300w, https:\/\/www.tgrthaber.com\/mavikadin\/wp-content\/uploads\/Ilker-AKsum-1-1-1024x576.png 1024w, https:\/\/www.tgrthaber.com\/mavikadin\/wp-content\/uploads\/Ilker-AKsum-1-1-768x432.png 768w\" sizes=\"(max-width: 1208px) 100vw, 1208px\" \/><\/p>\n<hr \/>\n<h3>SOSYAL MEDYADA G\u00dcNDEM OLDU<\/h3>\n<p>\u0130lker Aksum d\u00fcn \u0130zmir Urla\u2019da trafikte ya\u015fad\u0131\u011f\u0131 tart\u0131\u015fma y\u00fcz\u00fcnden g\u00fcndem olmu\u015ftu. \u00dcnl\u00fc isim bug\u00fcn kendi hesab\u0131ndan a\u00e7\u0131klama yaparak samimi bir \u015fekilde \u00fczg\u00fcn oldu\u011funu payla\u015ft\u0131.<\/p>\n<h3>URLA&#8217;DA TRAF\u0130K KAVGASINA KARI\u015eTI<\/h3>\n<p>\u0130zmir Urla\u2019da ba\u015fka bir s\u00fcr\u00fcc\u00fcyle kavga eden Aksum sinirlerine hakim olamayarak k\u00fcf\u00fcr etmi\u015fti. Kavga etti\u011fi g\u00f6r\u00fcnt\u00fclerle haberlere konu olan \u00fcnl\u00fc oyuncu y\u00fcksek sesle ba\u011f\u0131rarak a\u011f\u0131r k\u00fcf\u00fcrler etti.<\/p>\n<p><img loading=\"lazy\" decoding=\"async\" class=\"alignnone size-full wp-image-186613\" src=\"https:\/\/www.tgrthaber.com\/mavikadin\/wp-content\/uploads\/Ilker-AKsum-2-1.png\" alt=\"\" width=\"1208\" height=\"680\" title=\"\" srcset=\"https:\/\/www.tgrthaber.com\/mavikadin\/wp-content\/uploads\/Ilker-AKsum-2-1.png 1208w, https:\/\/www.tgrthaber.com\/mavikadin\/wp-content\/uploads\/Ilker-AKsum-2-1-300x169.png 300w, https:\/\/www.tgrthaber.com\/mavikadin\/wp-content\/uploads\/Ilker-AKsum-2-1-1024x576.png 1024w, https:\/\/www.tgrthaber.com\/mavikadin\/wp-content\/uploads\/Ilker-AKsum-2-1-768x432.png 768w\" sizes=\"(max-width: 1208px) 100vw, 1208px\" \/><\/p>\n<hr \/>\n<p>Oyuncunun e\u015fi Dilay Ekmek\u00e7io\u011flu, Aksum&#8217;u sakinle\u015ftirmeye \u00e7al\u0131\u015ft\u0131\u011f\u0131 anlar cep telefonu kameras\u0131na yans\u0131d\u0131. \u0130lk evlili\u011fini 2008 y\u0131l\u0131nda kendisi gibi oyuncu olan Belgin Erdo\u011fan ile yapan Aksum 4 y\u0131l sonra bo\u015fanm\u0131\u015ft\u0131.<\/p>\n<p><img loading=\"lazy\" decoding=\"async\" class=\"alignnone size-full wp-image-186614\" src=\"https:\/\/www.tgrthaber.com\/mavikadin\/wp-content\/uploads\/Ilker-AKsum-3.png\" alt=\"\" width=\"1208\" height=\"680\" title=\"\" srcset=\"https:\/\/www.tgrthaber.com\/mavikadin\/wp-content\/uploads\/Ilker-AKsum-3.png 1208w, https:\/\/www.tgrthaber.com\/mavikadin\/wp-content\/uploads\/Ilker-AKsum-3-300x169.png 300w, https:\/\/www.tgrthaber.com\/mavikadin\/wp-content\/uploads\/Ilker-AKsum-3-1024x576.png 1024w, https:\/\/www.tgrthaber.com\/mavikadin\/wp-content\/uploads\/Ilker-AKsum-3-768x432.png 768w\" sizes=\"(max-width: 1208px) 100vw, 1208px\" \/><\/p>\n<hr \/>\n<p>&#8216;\u00c7arli&#8217;, &#8217;20 Dakika&#8217;, &#8216;Yabanc\u0131 Damat&#8217;, &#8216;Hedefim Sensin&#8217;, &#8216;Ramo&#8217;, &#8216;7. Ko\u011fu\u015ftaki Mucize&#8217; gibi projelerle ad\u0131ndan s\u00f6z ettiren \u0130lker Aksum 2024 y\u0131l\u0131nda ikinci evlili\u011fini Dilay Ekmek\u00e7io\u011flu ile yapm\u0131\u015ft\u0131.<\/p>\n<p>\u00dcnl\u00fc oyuncu, k\u0131z\u0131 olaca\u011f\u0131n\u0131 ifade etti\u011fi payla\u015f\u0131m\u0131na; &#8220;Ben, e\u015fim ve k\u0131z\u0131m&#8221; notunu d\u00fc\u015fm\u00fc\u015ft\u00fc. Sevilen \u00e7ift, k\u0131zlar\u0131 Lila&#8217;y\u0131 \u015fubat 2025&#8217;te kucaklar\u0131na ald\u0131. 54 ya\u015f\u0131ndaki \u0130lker Aksum, mutlu haberi Instagram hesab\u0131ndan, &#8216;Lila&#8217;m\u0131z\u0131 kuca\u011f\u0131m\u0131za ald\u0131k&#8217; notuyla payla\u015fm\u0131\u015ft\u0131.<\/p>\n","protected":false},"excerpt":{"rendered":"<p>Oyuncu \u0130lker Aksum d\u00fcn trafikte ya\u015fad\u0131\u011f\u0131 tart\u0131\u015fma sonucu sosyal medya hesab\u0131ndan a\u00e7\u0131klama yapt\u0131. \u00dczg\u00fcn oldu\u011funu dile getiren \u00fcnl\u00fc isim \u201c35 y\u0131ld\u0131r g\u00f6z\u00fcn\u00fcz\u00fcn \u00f6n\u00fcndeyim b\u00f6yle bir \u015feyimi g\u00f6rd\u00fcn\u00fcz m\u00fc?\u201d dedi.<\/p>\n","protected":false},"author":5,"featured_media":186615,"comment_status":"closed","ping_status":"closed","sticky":false,"template":"","format":"standard","meta":{"rank_math_lock_modified_date":false,"footnotes":""},"categories":[76],"tags":[18571,133,23643],"class_list":["post-186610","post","type-post","status-publish","format-standard","has-post-thumbnail","hentry","category-magazin","tag-ilker-aksum","tag-magazin","tag-trafik-kavga"],"_links":{"self":[{"href":"https:\/\/www.tgrthaber.com\/mavikadin\/wp-json\/wp\/v2\/posts\/186610"}],"collection":[{"href":"https:\/\/www.tgrthaber.com\/mavikadin\/wp-json\/wp\/v2\/posts"}],"about":[{"href":"https:\/\/www.tgrthaber.com\/mavikadin\/wp-json\/wp\/v2\/types\/post"}],"author":[{"embeddable":true,"href":"https:\/\/www.tgrthaber.com\/mavikadin\/wp-json\/wp\/v2\/users\/5"}],"replies":[{"embeddable":true,"href":"https:\/\/www.tgrthaber.com\/mavikadin\/wp-json\/wp\/v2\/comments?post=186610"}],"version-history":[{"count":1,"href":"https:\/\/www.tgrthaber.com\/mavikadin\/wp-json\/wp\/v2\/posts\/186610\/revisions"}],"predecessor-version":[{"id":186616,"href":"https:\/\/www.tgrthaber.com\/mavikadin\/wp-json\/wp\/v2\/posts\/186610\/revisions\/186616"}],"wp:featuredmedia":[{"embeddable":true,"href":"https:\/\/www.tgrthaber.com\/mavikadin\/wp-json\/wp\/v2\/media\/186615"}],"wp:attachment":[{"href":"https:\/\/www.tgrthaber.com\/mavikadin\/wp-json\/wp\/v2\/media?parent=186610"}],"wp:term":[{"taxonomy":"category","embeddable":true,"href":"https:\/\/www.tgrthaber.com\/mavikadin\/wp-json\/wp\/v2\/categories?post=186610"},{"taxonomy":"post_tag","embeddable":true,"href":"https:\/\/www.tgrthaber.com\/mavikadin\/wp-json\/wp\/v2\/tags?post=186610"}],"curies":[{"name":"wp","href":"https:\/\/api.w.org\/{rel}","templated":true}]}}