{"id":186618,"date":"2025-06-03T11:38:46","date_gmt":"2025-06-03T08:38:46","guid":{"rendered":"https:\/\/www.tgrthaber.com\/mavikadin\/?p=186618"},"modified":"2025-06-03T11:38:46","modified_gmt":"2025-06-03T08:38:46","slug":"ilker-aksumun-esi-dilay-ekmekcioglu-kimdir-dilay-ekmekcioglu-kac-yasinda-ve-oynadigi-diziler-neler","status":"publish","type":"post","link":"https:\/\/www.tgrthaber.com\/mavikadin\/ilker-aksumun-esi-dilay-ekmekcioglu-kimdir-dilay-ekmekcioglu-kac-yasinda-ve-oynadigi-diziler-neler\/","title":{"rendered":"\u0130lker Aksum\u2019un e\u015fi Dilay Ekmek\u00e7io\u011flu kimdir? Dilay Ekmek\u00e7io\u011flu ka\u00e7 ya\u015f\u0131nda ve oynad\u0131\u011f\u0131 diziler neler?"},"content":{"rendered":"<p>Yabanc\u0131 Damat, 20 Dakika, \u015eahsiyet, Poyraz Karayel ve son olarak da Siyah Kalp gibi ses getiren dizilerde yer alan deneyimli oyuncu \u0130lker Aksum, trafikte ya\u015fad\u0131\u011f\u0131 tart\u0131\u015fma ile g\u00fcndem oldu. Bu olay \u00fczerine g\u00f6zler Aksum ailesine \u00e7evrildi. \u0130lker Aksum\u2019un e\u015fi Dilay Ekmek\u00e7io\u011flu\u2019nun da kim ve ka\u00e7 ya\u015f\u0131nda oldu\u011fu ara\u015ft\u0131r\u0131lmaya ba\u015fland\u0131. Dilay Ekmek\u00e7io\u011flu kimdir? Ayr\u0131nt\u0131lar haberimizde.<\/p>\n<h3>D\u0130LAY EKMEK\u00c7\u0130O\u011eLU K\u0130MD\u0130R?<\/h3>\n<p>Dilay Ekmek\u00e7io\u011flu T\u00fcrk tiyatrocu ve nefes ko\u00e7udur.<\/p>\n<p>Dilay Ekmek\u00e7io\u011flu 1991 y\u0131l\u0131nda \u0130zmir\u2019de d\u00fcnyaya geldi. \u0130stanbul \u00dcniversitesi Antropoloji b\u00f6l\u00fcm\u00fcnden mezun oldu.<\/p>\n<p><img loading=\"lazy\" decoding=\"async\" class=\"aligncenter wp-image-186620\" src=\"https:\/\/www.tgrthaber.com\/mavikadin\/wp-content\/uploads\/ilker-aksum-un-esi-dilay-ekmekcioglu-kimdir-dilay-ekmekcioglu-kac-yasinda-ve-oynadigi-diziler-neler-2.jpg\" alt=\"\" width=\"1208\" height=\"680\" title=\"\" srcset=\"https:\/\/www.tgrthaber.com\/mavikadin\/wp-content\/uploads\/ilker-aksum-un-esi-dilay-ekmekcioglu-kimdir-dilay-ekmekcioglu-kac-yasinda-ve-oynadigi-diziler-neler-2.jpg 1920w, https:\/\/www.tgrthaber.com\/mavikadin\/wp-content\/uploads\/ilker-aksum-un-esi-dilay-ekmekcioglu-kimdir-dilay-ekmekcioglu-kac-yasinda-ve-oynadigi-diziler-neler-2-300x169.jpg 300w, https:\/\/www.tgrthaber.com\/mavikadin\/wp-content\/uploads\/ilker-aksum-un-esi-dilay-ekmekcioglu-kimdir-dilay-ekmekcioglu-kac-yasinda-ve-oynadigi-diziler-neler-2-1024x576.jpg 1024w, https:\/\/www.tgrthaber.com\/mavikadin\/wp-content\/uploads\/ilker-aksum-un-esi-dilay-ekmekcioglu-kimdir-dilay-ekmekcioglu-kac-yasinda-ve-oynadigi-diziler-neler-2-768x432.jpg 768w, https:\/\/www.tgrthaber.com\/mavikadin\/wp-content\/uploads\/ilker-aksum-un-esi-dilay-ekmekcioglu-kimdir-dilay-ekmekcioglu-kac-yasinda-ve-oynadigi-diziler-neler-2-1536x864.jpg 1536w\" sizes=\"(max-width: 1208px) 100vw, 1208px\" \/><\/p>\n<hr \/>\n<p>Sanat d\u00fcnyas\u0131nda kamera \u00f6n\u00fc ve kamera arkas\u0131nda \u00e7al\u0131\u015ft\u0131. Asistanl\u0131k, y\u00f6netmen yard\u0131mc\u0131l\u0131\u011f\u0131 ve sahne amirli\u011fi gibi \u00e7e\u015fitli g\u00f6revler \u00fcstlendi.<\/p>\n<p>BKM Mutfak Sahne\u2019de ve \u00e7e\u015fitli tiyatrolarda tiyatro oyunculu\u011fu yapt\u0131.<\/p>\n<p>2014 y\u0131l\u0131nda Alt\u0131dan Sonra Tiyatro (Kumbarac\u013150) b\u00fcnyesine g\u00f6n\u00fcll\u00fc olarak kat\u0131ld\u0131, burda \u00e7e\u015fitli tiyatro g\u00f6sterimleri sundu.<\/p>\n<p><img loading=\"lazy\" decoding=\"async\" class=\"aligncenter wp-image-186621\" src=\"https:\/\/www.tgrthaber.com\/mavikadin\/wp-content\/uploads\/ilker-aksum-un-esi-dilay-ekmekcioglu-kimdir-dilay-ekmekcioglu-kac-yasinda-ve-oynadigi-diziler-neler-3.jpg\" alt=\"\" width=\"1208\" height=\"680\" title=\"\" srcset=\"https:\/\/www.tgrthaber.com\/mavikadin\/wp-content\/uploads\/ilker-aksum-un-esi-dilay-ekmekcioglu-kimdir-dilay-ekmekcioglu-kac-yasinda-ve-oynadigi-diziler-neler-3.jpg 1920w, https:\/\/www.tgrthaber.com\/mavikadin\/wp-content\/uploads\/ilker-aksum-un-esi-dilay-ekmekcioglu-kimdir-dilay-ekmekcioglu-kac-yasinda-ve-oynadigi-diziler-neler-3-300x169.jpg 300w, https:\/\/www.tgrthaber.com\/mavikadin\/wp-content\/uploads\/ilker-aksum-un-esi-dilay-ekmekcioglu-kimdir-dilay-ekmekcioglu-kac-yasinda-ve-oynadigi-diziler-neler-3-1024x576.jpg 1024w, https:\/\/www.tgrthaber.com\/mavikadin\/wp-content\/uploads\/ilker-aksum-un-esi-dilay-ekmekcioglu-kimdir-dilay-ekmekcioglu-kac-yasinda-ve-oynadigi-diziler-neler-3-768x432.jpg 768w, https:\/\/www.tgrthaber.com\/mavikadin\/wp-content\/uploads\/ilker-aksum-un-esi-dilay-ekmekcioglu-kimdir-dilay-ekmekcioglu-kac-yasinda-ve-oynadigi-diziler-neler-3-1536x864.jpg 1536w\" sizes=\"(max-width: 1208px) 100vw, 1208px\" \/><\/p>\n<hr \/>\n<p>Kiraz Mevsimi dizisinde \u201cMerve\u201d karakteri ile ekran kar\u015f\u0131s\u0131na ge\u00e7ti.<\/p>\n<p>\u00c7e\u015fitli k\u0131sa film ve reklam filmlerinde yer ald\u0131.<\/p>\n<p>NLP (N\u00f6ro Linguistik Programlama) ve nefes ko\u00e7lu\u011fu gibi e\u011fitimler ald\u0131.<\/p>\n<p>2023 senesinde oyuncu \u0130lker Aksum ile evlendi. \u00c7iftin bu evlili\u011finden Lila ad\u0131nda bir k\u0131z\u0131 bulunuyor.<\/p>\n<p><img loading=\"lazy\" decoding=\"async\" class=\"aligncenter wp-image-186622\" src=\"https:\/\/www.tgrthaber.com\/mavikadin\/wp-content\/uploads\/ilker-aksum-un-esi-dilay-ekmekcioglu-kimdir-dilay-ekmekcioglu-kac-yasinda-ve-oynadigi-diziler-neler-4.jpg\" alt=\"\" width=\"1208\" height=\"680\" title=\"\" srcset=\"https:\/\/www.tgrthaber.com\/mavikadin\/wp-content\/uploads\/ilker-aksum-un-esi-dilay-ekmekcioglu-kimdir-dilay-ekmekcioglu-kac-yasinda-ve-oynadigi-diziler-neler-4.jpg 1920w, https:\/\/www.tgrthaber.com\/mavikadin\/wp-content\/uploads\/ilker-aksum-un-esi-dilay-ekmekcioglu-kimdir-dilay-ekmekcioglu-kac-yasinda-ve-oynadigi-diziler-neler-4-300x169.jpg 300w, https:\/\/www.tgrthaber.com\/mavikadin\/wp-content\/uploads\/ilker-aksum-un-esi-dilay-ekmekcioglu-kimdir-dilay-ekmekcioglu-kac-yasinda-ve-oynadigi-diziler-neler-4-1024x576.jpg 1024w, https:\/\/www.tgrthaber.com\/mavikadin\/wp-content\/uploads\/ilker-aksum-un-esi-dilay-ekmekcioglu-kimdir-dilay-ekmekcioglu-kac-yasinda-ve-oynadigi-diziler-neler-4-768x432.jpg 768w, https:\/\/www.tgrthaber.com\/mavikadin\/wp-content\/uploads\/ilker-aksum-un-esi-dilay-ekmekcioglu-kimdir-dilay-ekmekcioglu-kac-yasinda-ve-oynadigi-diziler-neler-4-1536x864.jpg 1536w\" sizes=\"(max-width: 1208px) 100vw, 1208px\" \/><\/p>\n<hr \/>\n<h3>D\u0130LAY EKMEK\u00c7\u0130O\u011eLU KA\u00c7 YA\u015eINDA?<\/h3>\n<p>Dilay Ekmek\u00e7io\u011flu, 1991 senesinde d\u00fcnyaya geldi, 2025 y\u0131l\u0131 itibar\u0131yla 34 ya\u015f\u0131ndad\u0131r.<\/p>\n<h3>D\u0130LAY EKMEK\u00c7\u0130O\u011eLU\u2019NUN \u00c7OCU\u011eU VAR MI?<\/h3>\n<p>Dilay Ekmek\u00e7io\u011flu, 18 Haziran 2023 Pazar g\u00fcn\u00fc \u0130lker Aksum ile d\u00fcnya evine girdi. \u00c7iftin bu evlilikten Lila isimli bir k\u0131z \u00e7ocu\u011fu bulunuyor.<\/p>\n<p><img loading=\"lazy\" decoding=\"async\" class=\"aligncenter wp-image-186623\" src=\"https:\/\/www.tgrthaber.com\/mavikadin\/wp-content\/uploads\/ilker-aksum-un-esi-dilay-ekmekcioglu-kimdir-dilay-ekmekcioglu-kac-yasinda-ve-oynadigi-diziler-neler-6.jpg\" alt=\"\" width=\"1208\" height=\"680\" title=\"\" srcset=\"https:\/\/www.tgrthaber.com\/mavikadin\/wp-content\/uploads\/ilker-aksum-un-esi-dilay-ekmekcioglu-kimdir-dilay-ekmekcioglu-kac-yasinda-ve-oynadigi-diziler-neler-6.jpg 1920w, https:\/\/www.tgrthaber.com\/mavikadin\/wp-content\/uploads\/ilker-aksum-un-esi-dilay-ekmekcioglu-kimdir-dilay-ekmekcioglu-kac-yasinda-ve-oynadigi-diziler-neler-6-300x169.jpg 300w, https:\/\/www.tgrthaber.com\/mavikadin\/wp-content\/uploads\/ilker-aksum-un-esi-dilay-ekmekcioglu-kimdir-dilay-ekmekcioglu-kac-yasinda-ve-oynadigi-diziler-neler-6-1024x576.jpg 1024w, https:\/\/www.tgrthaber.com\/mavikadin\/wp-content\/uploads\/ilker-aksum-un-esi-dilay-ekmekcioglu-kimdir-dilay-ekmekcioglu-kac-yasinda-ve-oynadigi-diziler-neler-6-768x432.jpg 768w, https:\/\/www.tgrthaber.com\/mavikadin\/wp-content\/uploads\/ilker-aksum-un-esi-dilay-ekmekcioglu-kimdir-dilay-ekmekcioglu-kac-yasinda-ve-oynadigi-diziler-neler-6-1536x864.jpg 1536w\" sizes=\"(max-width: 1208px) 100vw, 1208px\" \/><\/p>\n<hr \/>\n<h3>D\u0130LAY EKMEK\u00c7\u0130O\u011eLU HANG\u0130 D\u0130Z\u0130DE OYNADI?<\/h3>\n<p>Dilay Ekmek\u00e7io\u011flu Kiraz Mevsimi dizinde rol alm\u0131\u015ft\u0131.<\/p>\n<p><img loading=\"lazy\" decoding=\"async\" class=\"aligncenter wp-image-186624\" src=\"https:\/\/www.tgrthaber.com\/mavikadin\/wp-content\/uploads\/ilker-aksum-un-esi-dilay-ekmekcioglu-kimdir-dilay-ekmekcioglu-kac-yasinda-ve-oynadigi-diziler-neler-7.jpg\" alt=\"\" width=\"1208\" height=\"680\" title=\"\" srcset=\"https:\/\/www.tgrthaber.com\/mavikadin\/wp-content\/uploads\/ilker-aksum-un-esi-dilay-ekmekcioglu-kimdir-dilay-ekmekcioglu-kac-yasinda-ve-oynadigi-diziler-neler-7.jpg 1920w, https:\/\/www.tgrthaber.com\/mavikadin\/wp-content\/uploads\/ilker-aksum-un-esi-dilay-ekmekcioglu-kimdir-dilay-ekmekcioglu-kac-yasinda-ve-oynadigi-diziler-neler-7-300x169.jpg 300w, https:\/\/www.tgrthaber.com\/mavikadin\/wp-content\/uploads\/ilker-aksum-un-esi-dilay-ekmekcioglu-kimdir-dilay-ekmekcioglu-kac-yasinda-ve-oynadigi-diziler-neler-7-1024x576.jpg 1024w, https:\/\/www.tgrthaber.com\/mavikadin\/wp-content\/uploads\/ilker-aksum-un-esi-dilay-ekmekcioglu-kimdir-dilay-ekmekcioglu-kac-yasinda-ve-oynadigi-diziler-neler-7-768x432.jpg 768w, https:\/\/www.tgrthaber.com\/mavikadin\/wp-content\/uploads\/ilker-aksum-un-esi-dilay-ekmekcioglu-kimdir-dilay-ekmekcioglu-kac-yasinda-ve-oynadigi-diziler-neler-7-1536x864.jpg 1536w\" sizes=\"(max-width: 1208px) 100vw, 1208px\" \/><\/p>\n<hr \/>\n<h3>M\u0130N\u0130K L\u0130LA BABASININ KOPYASI<\/h3>\n<p>2023 y\u0131l\u0131nda Dilay Ekmek\u00e7io\u011flu ile hayat\u0131n\u0131 birle\u015ftiren \u0130lker Aksum ge\u00e7ti\u011fimiz g\u00fcnlerde ilk kez babal\u0131k heyecan\u0131n\u0131 ya\u015fad\u0131. Lila ismini verdikleri bebe\u011fin babas\u0131na benzerli\u011fi dikkat \u00e7ekti.<\/p>\n<p><img loading=\"lazy\" decoding=\"async\" class=\"aligncenter wp-image-186625\" src=\"https:\/\/www.tgrthaber.com\/mavikadin\/wp-content\/uploads\/ilker-aksum-un-esi-dilay-ekmekcioglu-kimdir-dilay-ekmekcioglu-kac-yasinda-ve-oynadigi-diziler-neler-5.jpg\" alt=\"\" width=\"1208\" height=\"680\" title=\"\" srcset=\"https:\/\/www.tgrthaber.com\/mavikadin\/wp-content\/uploads\/ilker-aksum-un-esi-dilay-ekmekcioglu-kimdir-dilay-ekmekcioglu-kac-yasinda-ve-oynadigi-diziler-neler-5.jpg 1920w, https:\/\/www.tgrthaber.com\/mavikadin\/wp-content\/uploads\/ilker-aksum-un-esi-dilay-ekmekcioglu-kimdir-dilay-ekmekcioglu-kac-yasinda-ve-oynadigi-diziler-neler-5-300x169.jpg 300w, https:\/\/www.tgrthaber.com\/mavikadin\/wp-content\/uploads\/ilker-aksum-un-esi-dilay-ekmekcioglu-kimdir-dilay-ekmekcioglu-kac-yasinda-ve-oynadigi-diziler-neler-5-1024x576.jpg 1024w, https:\/\/www.tgrthaber.com\/mavikadin\/wp-content\/uploads\/ilker-aksum-un-esi-dilay-ekmekcioglu-kimdir-dilay-ekmekcioglu-kac-yasinda-ve-oynadigi-diziler-neler-5-768x432.jpg 768w, https:\/\/www.tgrthaber.com\/mavikadin\/wp-content\/uploads\/ilker-aksum-un-esi-dilay-ekmekcioglu-kimdir-dilay-ekmekcioglu-kac-yasinda-ve-oynadigi-diziler-neler-5-1536x864.jpg 1536w\" sizes=\"(max-width: 1208px) 100vw, 1208px\" \/><\/p>\n<hr \/>\n<h3>TRAF\u0130KTE KAVGA \u0130LE G\u00dcNDEM OLMU\u015eTU<\/h3>\n<p>\u00dcnl\u00fc oyuncu \u0130lker Aksum, ge\u00e7ti\u011fimiz g\u00fcnlerde trafikte ya\u015fad\u0131\u011f\u0131 kavga ile g\u00fcndeme geldi.<\/p>\n<p>Aksum, \u0130zmir\u2019in Urla il\u00e7esinde, trafikte ilerlerken ba\u015fka bir s\u00fcr\u00fcc\u00fc ile tart\u0131\u015fma ya\u015fad\u0131. K\u00fcf\u00fcrle\u015fmelerin havada u\u00e7u\u015ftu\u011fu tart\u0131\u015fmada \u0130lker Aksum&#8217;u e\u015fi ve \u00e7evresindekiler sakinle\u015ftirmeye \u00e7al\u0131\u015ft\u0131. \u0130lker Aksum&#8217;un e\u015fi Dilay Ekmek\u00e7io\u011flu ya\u015fanan bu \u00fcz\u00fcc\u00fc olay\u0131n ard\u0131ndan sosyal medya sayfas\u0131nda a\u00e7\u0131klama yapt\u0131.<\/p>\n","protected":false},"excerpt":{"rendered":"<p>\u00dcnl\u00fc oyuncu \u0130lker Aksum, trafikte ya\u015fad\u0131\u011f\u0131 kavga videosu ile g\u00fcndeme geldi. Aksum\u2019un \u0130zmir Urla\u2019da trafikte bir s\u00fcr\u00fcc\u00fcyle ya\u015fad\u0131\u011f\u0131 tart\u0131\u015fma sonucunda sinirlerine hakim olamay\u0131p k\u00fcf\u00fcrler savurdu\u011fu g\u00f6r\u00fcnt\u00fcler sosyal medyada b\u00fcy\u00fck tepki \u00e7ekti. Bu g\u00f6r\u00fcnt\u00fclerin ard\u0131ndan \u0130lker Aksum\u2019un e\u015fi Dilay Ekmek\u00e7io\u011flu\u2019nun da kim oldu\u011fu merak edildi. \u0130lker Aksum\u2019un e\u015fi Dilay Ekmek\u00e7io\u011flu kimdir? Ne i\u015f yapar?<\/p>\n","protected":false},"author":30,"featured_media":186619,"comment_status":"closed","ping_status":"closed","sticky":false,"template":"","format":"standard","meta":{"rank_math_lock_modified_date":false,"footnotes":""},"categories":[491],"tags":[16521,23614,18571,23644,23645],"class_list":["post-186618","post","type-post","status-publish","format-standard","has-post-thumbnail","hentry","category-biyografi","tag-biyografi-haberleri","tag-dilay-ekmekcioglu","tag-ilker-aksum","tag-ilker-aksum-esi","tag-ilker-aksum-esi-dilay"],"_links":{"self":[{"href":"https:\/\/www.tgrthaber.com\/mavikadin\/wp-json\/wp\/v2\/posts\/186618"}],"collection":[{"href":"https:\/\/www.tgrthaber.com\/mavikadin\/wp-json\/wp\/v2\/posts"}],"about":[{"href":"https:\/\/www.tgrthaber.com\/mavikadin\/wp-json\/wp\/v2\/types\/post"}],"author":[{"embeddable":true,"href":"https:\/\/www.tgrthaber.com\/mavikadin\/wp-json\/wp\/v2\/users\/30"}],"replies":[{"embeddable":true,"href":"https:\/\/www.tgrthaber.com\/mavikadin\/wp-json\/wp\/v2\/comments?post=186618"}],"version-history":[{"count":2,"href":"https:\/\/www.tgrthaber.com\/mavikadin\/wp-json\/wp\/v2\/posts\/186618\/revisions"}],"predecessor-version":[{"id":186628,"href":"https:\/\/www.tgrthaber.com\/mavikadin\/wp-json\/wp\/v2\/posts\/186618\/revisions\/186628"}],"wp:featuredmedia":[{"embeddable":true,"href":"https:\/\/www.tgrthaber.com\/mavikadin\/wp-json\/wp\/v2\/media\/186619"}],"wp:attachment":[{"href":"https:\/\/www.tgrthaber.com\/mavikadin\/wp-json\/wp\/v2\/media?parent=186618"}],"wp:term":[{"taxonomy":"category","embeddable":true,"href":"https:\/\/www.tgrthaber.com\/mavikadin\/wp-json\/wp\/v2\/categories?post=186618"},{"taxonomy":"post_tag","embeddable":true,"href":"https:\/\/www.tgrthaber.com\/mavikadin\/wp-json\/wp\/v2\/tags?post=186618"}],"curies":[{"name":"wp","href":"https:\/\/api.w.org\/{rel}","templated":true}]}}