{"id":186660,"date":"2025-06-03T13:32:21","date_gmt":"2025-06-03T10:32:21","guid":{"rendered":"https:\/\/www.tgrthaber.com\/mavikadin\/?p=186660"},"modified":"2025-06-03T13:32:21","modified_gmt":"2025-06-03T10:32:21","slug":"kaslarinizi-almayi-birakin-gozlerinizdeki-degisime-inanamayacaksiniz","status":"publish","type":"post","link":"https:\/\/www.tgrthaber.com\/mavikadin\/kaslarinizi-almayi-birakin-gozlerinizdeki-degisime-inanamayacaksiniz\/","title":{"rendered":"Ka\u015flar\u0131n\u0131z\u0131 almay\u0131 b\u0131rak\u0131n! G\u00f6zlerinizdeki de\u011fi\u015fime inanamayacaks\u0131n\u0131z"},"content":{"rendered":"<p>G\u00f6zlerinizin b\u00fcy\u00fcmesini istiyorsan\u0131z, ka\u015flar\u0131n\u0131z\u0131 almay\u0131 b\u0131rak\u0131n! Do\u011fal g\u00f6z\u00fckmenin \u00f6n plana \u00e7\u0131kt\u0131\u011f\u0131 \u015fu d\u00f6nemde g\u00fczellik trendlerine bir yenisi daha eklendi. Sosyal medyada bir\u00e7ok kullan\u0131c\u0131 taraf\u0131ndan viral haline gelen bu trend, ka\u015flar\u0131 almadan g\u00f6zlerin daha da b\u00fcy\u00fck g\u00f6z\u00fckebilece\u011fini g\u00f6zler \u00f6n\u00fcne serdi. \u201cDo\u011fal ka\u015flarla g\u00f6zler daha b\u00fcy\u00fck g\u00f6r\u00fcn\u00fcr m\u00fc?\u201d sorusunun cevab\u0131 herkesi \u015fa\u015fk\u0131na \u00e7evirdi. Deneyenler ise g\u00f6zlerindeki de\u011fi\u015fime inanamad\u0131. \u0130\u015fte ka\u015flar\u0131n\u0131z\u0131 almadan g\u00f6zlerinizin b\u00fcy\u00fcmesini sa\u011flayacak g\u00fczellik trendi\u2026<\/p>\n<h3>KA\u015eLARINIZI ALMAYI BIRAKIN!<\/h3>\n<p>Ka\u015flar\u0131m\u0131z elbette ki y\u00fcz\u00fcm\u00fcz\u00fcn en do\u011fal makyaj\u0131d\u0131r. Zaman zaman de\u011fi\u015fen ka\u015f modas\u0131yla birlikte g\u00fczellik trendlerine de ayak uydurmak zorla\u015fabiliyor. Son zamanlarda kal\u0131n ka\u015f modas\u0131 pop\u00fclerli\u011fini koruyor. Her ne kadar kal\u0131n ka\u015f modas\u0131 s\u0131k\u00e7a kullan\u0131lsa da y\u00fcz hatlar\u0131na g\u00f6re ka\u015f al\u0131m\u0131 devaml\u0131l\u0131\u011f\u0131n\u0131 s\u00fcrd\u00fcr\u00fcyor.<\/p>\n<p><img loading=\"lazy\" decoding=\"async\" class=\"alignnone wp-image-186662\" src=\"https:\/\/www.tgrthaber.com\/mavikadin\/wp-content\/uploads\/Demet-Akalin-11-1024x576.jpg\" alt=\"Ka\u015flar\u0131n\u0131z\u0131 almay\u0131 b\u0131rak\u0131n! G\u00f6zlerinizdeki de\u011fi\u015fime inanamayacaks\u0131n\u0131z\" width=\"1208\" height=\"680\" title=\"\" srcset=\"https:\/\/www.tgrthaber.com\/mavikadin\/wp-content\/uploads\/Demet-Akalin-11-1024x576.jpg 1024w, https:\/\/www.tgrthaber.com\/mavikadin\/wp-content\/uploads\/Demet-Akalin-11-300x169.jpg 300w, https:\/\/www.tgrthaber.com\/mavikadin\/wp-content\/uploads\/Demet-Akalin-11-768x432.jpg 768w, https:\/\/www.tgrthaber.com\/mavikadin\/wp-content\/uploads\/Demet-Akalin-11-1536x864.jpg 1536w, https:\/\/www.tgrthaber.com\/mavikadin\/wp-content\/uploads\/Demet-Akalin-11.jpg 1600w\" sizes=\"(max-width: 1208px) 100vw, 1208px\" \/><\/p>\n<hr \/>\n<p>Do\u011fall\u0131\u011f\u0131n \u00f6n planda oldu\u011fu bu d\u00f6nemde g\u00fczellik trendleri de de\u011fi\u015fiyor. Son zamanlar\u0131n en dikkat \u00e7eken ak\u0131mlar\u0131ndan biri ise ka\u015flar\u0131 almay\u0131 b\u0131rakmak. Sosyal medyada y\u00fcz binlerce ki\u015fi, ka\u015flar\u0131n\u0131 almay\u0131 b\u0131rakt\u0131ktan sonra ya\u015fad\u0131\u011f\u0131 de\u011fi\u015fimi payla\u015f\u0131yor. Ka\u015flar\u0131 almay\u0131 b\u0131rakman\u0131n g\u00f6zlerin b\u00fcy\u00fcmesini sa\u011flad\u0131\u011f\u0131 s\u00f6yleniyor. G\u00f6zlerinin b\u00fcy\u00fck olmas\u0131n\u0131 isteyenler \u015fimdilerde ka\u015flar\u0131n\u0131 almay\u0131 b\u0131rak\u0131yor. Peki, ka\u015f almay\u0131 b\u0131rakmak ger\u00e7ekten g\u00f6zleri daha b\u00fcy\u00fck m\u00fc g\u00f6steriyor?<\/p>\n<p><img loading=\"lazy\" decoding=\"async\" class=\"alignnone wp-image-186663\" src=\"https:\/\/www.tgrthaber.com\/mavikadin\/wp-content\/uploads\/kas-almama-3-1024x576.jpg\" alt=\"Ka\u015flar\u0131n\u0131z\u0131 almay\u0131 b\u0131rak\u0131n! G\u00f6zlerinizdeki de\u011fi\u015fime inanamayacaks\u0131n\u0131z\" width=\"1208\" height=\"680\" title=\"\" srcset=\"https:\/\/www.tgrthaber.com\/mavikadin\/wp-content\/uploads\/kas-almama-3-1024x576.jpg 1024w, https:\/\/www.tgrthaber.com\/mavikadin\/wp-content\/uploads\/kas-almama-3-300x169.jpg 300w, https:\/\/www.tgrthaber.com\/mavikadin\/wp-content\/uploads\/kas-almama-3-768x432.jpg 768w, https:\/\/www.tgrthaber.com\/mavikadin\/wp-content\/uploads\/kas-almama-3-1536x864.jpg 1536w, https:\/\/www.tgrthaber.com\/mavikadin\/wp-content\/uploads\/kas-almama-3.jpg 1600w\" sizes=\"(max-width: 1208px) 100vw, 1208px\" \/><\/p>\n<hr \/>\n<h3>DO\u011eAL KA\u015eLAR G\u00d6ZLER\u0130N B\u00dcY\u00dcMES\u0130N\u0130 SA\u011eLIYOR!<\/h3>\n<p>G\u00f6zlerinin daha b\u00fcy\u00fck g\u00f6z\u00fckmesini isteyenler dikkat! Dermatologlar ve g\u00fczellik uzmanlar\u0131, do\u011fal ka\u015flar\u0131n y\u00fcz hatlar\u0131n\u0131 daha belirgin g\u00f6sterdi\u011fini ve \u00f6zellikle g\u00f6z \u00e7evresindeki ifadeyi yumu\u015fatt\u0131\u011f\u0131n\u0131 belirtiyor.<\/p>\n<p><img loading=\"lazy\" decoding=\"async\" class=\"alignnone wp-image-186664\" src=\"https:\/\/www.tgrthaber.com\/mavikadin\/wp-content\/uploads\/kas-almama-5-1024x576.jpg\" alt=\"Ka\u015flar\u0131n\u0131z\u0131 almay\u0131 b\u0131rak\u0131n! G\u00f6zlerinizdeki de\u011fi\u015fime inanamayacaks\u0131n\u0131z\" width=\"1208\" height=\"680\" title=\"\" srcset=\"https:\/\/www.tgrthaber.com\/mavikadin\/wp-content\/uploads\/kas-almama-5-1024x576.jpg 1024w, https:\/\/www.tgrthaber.com\/mavikadin\/wp-content\/uploads\/kas-almama-5-300x169.jpg 300w, https:\/\/www.tgrthaber.com\/mavikadin\/wp-content\/uploads\/kas-almama-5-768x432.jpg 768w, https:\/\/www.tgrthaber.com\/mavikadin\/wp-content\/uploads\/kas-almama-5-1536x864.jpg 1536w, https:\/\/www.tgrthaber.com\/mavikadin\/wp-content\/uploads\/kas-almama-5.jpg 1600w\" sizes=\"(max-width: 1208px) 100vw, 1208px\" \/><\/p>\n<hr \/>\n<p>Seyrek al\u0131nm\u0131\u015f ya da incecik \u015fekillendirilmi\u015f ka\u015flar, zamanla y\u00fcz\u00fcn do\u011fal ifadesini bozabiliyor. Ancak ka\u015flara dokunmamak, g\u00f6z kapa\u011f\u0131yla ka\u015f aras\u0131ndaki bo\u015flu\u011fu azaltarak g\u00f6zlerin daha b\u00fcy\u00fck ve dikkat \u00e7ekici g\u00f6r\u00fcnmesini sa\u011fl\u0131yor.<\/p>\n<h3>DO\u011eAL KA\u015e MODASI GER\u0130 M\u0130 D\u00d6N\u00dcYOR?<\/h3>\n<p>Son zamanlarda do\u011fall\u0131\u011f\u0131n \u00f6n plana \u00e7\u0131kt\u0131\u011f\u0131 g\u00fczellik trendleri etkisini git gide art\u0131r\u0131yor. \u00d6zellikle de sosyal medyada viral olan bu trendler h\u0131zla yay\u0131l\u0131yor. Instagram, TikTok ve YouTube gibi sosyal medya platformlar\u0131nda \u2018do\u011fal ka\u015f\u2019 modas\u0131 art\u0131\u015f g\u00f6steriyor.<\/p>\n<p><img loading=\"lazy\" decoding=\"async\" class=\"alignnone wp-image-186665\" src=\"https:\/\/www.tgrthaber.com\/mavikadin\/wp-content\/uploads\/kas-almama-1-1024x576.jpg\" alt=\"Ka\u015flar\u0131n\u0131z\u0131 almay\u0131 b\u0131rak\u0131n! G\u00f6zlerinizdeki de\u011fi\u015fime inanamayacaks\u0131n\u0131z\" width=\"1208\" height=\"680\" title=\"\" srcset=\"https:\/\/www.tgrthaber.com\/mavikadin\/wp-content\/uploads\/kas-almama-1-1024x576.jpg 1024w, https:\/\/www.tgrthaber.com\/mavikadin\/wp-content\/uploads\/kas-almama-1-300x169.jpg 300w, https:\/\/www.tgrthaber.com\/mavikadin\/wp-content\/uploads\/kas-almama-1-768x432.jpg 768w, https:\/\/www.tgrthaber.com\/mavikadin\/wp-content\/uploads\/kas-almama-1-1536x864.jpg 1536w, https:\/\/www.tgrthaber.com\/mavikadin\/wp-content\/uploads\/kas-almama-1.jpg 1600w\" sizes=\"(max-width: 1208px) 100vw, 1208px\" \/><\/p>\n<hr \/>\n<p>Influencer\u2019lar ve makyaj sanat\u00e7\u0131lar\u0131, ka\u015f al\u0131m\u0131n\u0131 b\u0131rakman\u0131n sadece estetik de\u011fil, ayn\u0131 zamanda cilt sa\u011fl\u0131\u011f\u0131 a\u00e7\u0131s\u0131ndan da faydal\u0131 oldu\u011funu vurguluyor. S\u0131k s\u0131k ka\u015f almak, ciltte tahri\u015fe ve k\u0131l k\u00f6k\u00fc iltihaplar\u0131na neden olabiliyor. Do\u011fal ka\u015flar ise cildin nefes almas\u0131na olanak tan\u0131yor.<\/p>\n<p><img loading=\"lazy\" decoding=\"async\" class=\"alignnone wp-image-186667\" src=\"https:\/\/www.tgrthaber.com\/mavikadin\/wp-content\/uploads\/kas-almama-7-1024x576.jpg\" alt=\"Ka\u015flar\u0131n\u0131z\u0131 almay\u0131 b\u0131rak\u0131n! G\u00f6zlerinizdeki de\u011fi\u015fime inanamayacaks\u0131n\u0131z\" width=\"1208\" height=\"680\" title=\"\" srcset=\"https:\/\/www.tgrthaber.com\/mavikadin\/wp-content\/uploads\/kas-almama-7-1024x576.jpg 1024w, https:\/\/www.tgrthaber.com\/mavikadin\/wp-content\/uploads\/kas-almama-7-300x169.jpg 300w, https:\/\/www.tgrthaber.com\/mavikadin\/wp-content\/uploads\/kas-almama-7-768x432.jpg 768w, https:\/\/www.tgrthaber.com\/mavikadin\/wp-content\/uploads\/kas-almama-7-1536x864.jpg 1536w, https:\/\/www.tgrthaber.com\/mavikadin\/wp-content\/uploads\/kas-almama-7.jpg 1600w\" sizes=\"(max-width: 1208px) 100vw, 1208px\" \/><\/p>\n<hr \/>\n<h3>G\u00d6ZLER\u0130 B\u00dcY\u00dcK G\u00d6STERMEK \u0130\u00c7\u0130N NE YAPILMALI?<\/h3>\n<p>Sizde g\u00f6zlerinizin daha b\u00fcy\u00fck g\u00f6z\u00fckmesini istiyor ve ka\u015f almay\u0131 b\u0131rakmaya karar verdiyseniz s\u00f6yleyece\u011fimiz bu ipu\u00e7lar\u0131na dikkat etmelisiniz. \u0130\u015fte ka\u015f al\u0131m\u0131n\u0131 b\u0131rakmaya karar verenler i\u00e7in birka\u00e7 ipucu\u2026<\/p>\n<p><img loading=\"lazy\" decoding=\"async\" class=\"alignnone wp-image-186666\" src=\"https:\/\/www.tgrthaber.com\/mavikadin\/wp-content\/uploads\/Demet-Akalin-7-1-1024x576.jpg\" alt=\"Ka\u015flar\u0131n\u0131z\u0131 almay\u0131 b\u0131rak\u0131n! G\u00f6zlerinizdeki de\u011fi\u015fime inanamayacaks\u0131n\u0131z\" width=\"1208\" height=\"680\" title=\"\" srcset=\"https:\/\/www.tgrthaber.com\/mavikadin\/wp-content\/uploads\/Demet-Akalin-7-1-1024x576.jpg 1024w, https:\/\/www.tgrthaber.com\/mavikadin\/wp-content\/uploads\/Demet-Akalin-7-1-300x169.jpg 300w, https:\/\/www.tgrthaber.com\/mavikadin\/wp-content\/uploads\/Demet-Akalin-7-1-768x432.jpg 768w, https:\/\/www.tgrthaber.com\/mavikadin\/wp-content\/uploads\/Demet-Akalin-7-1-1536x864.jpg 1536w, https:\/\/www.tgrthaber.com\/mavikadin\/wp-content\/uploads\/Demet-Akalin-7-1.jpg 1600w\" sizes=\"(max-width: 1208px) 100vw, 1208px\" \/><\/p>\n<hr \/>\n<p><strong>Sab\u0131rl\u0131 olun<\/strong>: Ka\u015flar\u0131n\u0131z\u0131n do\u011fal formuna kavu\u015fmas\u0131 birka\u00e7 hafta s\u00fcrebilir.<\/p>\n<p><strong>Ka\u015f serumu kullan\u0131n<\/strong>: Yeni \u00e7\u0131kan k\u0131llar\u0131n daha sa\u011fl\u0131kl\u0131 uzamas\u0131n\u0131 sa\u011flar.<\/p>\n<p><strong>Makyajla destekleyin<\/strong>: G\u00f6z alt\u0131na ayd\u0131nlat\u0131c\u0131 s\u00fcrerek g\u00f6zlerinizi daha belirgin g\u00f6sterebilirsiniz.<\/p>\n<p>Sizde ka\u015flar\u0131n\u0131z\u0131 almay\u0131 b\u0131rakarak, sadece g\u00f6zlerinizde de\u011fil t\u00fcm y\u00fcz\u00fcn\u00fczde fark edilir bir de\u011fi\u015fim olu\u015fturabilirsiniz.<\/p>\n","protected":false},"excerpt":{"rendered":"<p>Ka\u015flar\u0131n\u0131z\u0131 almay\u0131 b\u0131rak\u0131nca g\u00f6zlerinizin \u00e7ok daha b\u00fcy\u00fck g\u00f6r\u00fcnebilece\u011fini biliyor muydunuz? Evet, yanl\u0131\u015f duymad\u0131n\u0131z! Ka\u015flar\u0131n\u0131z\u0131 almay\u0131 b\u0131rak\u0131n ve g\u00f6zlerinizdeki de\u011fi\u015fimin fark\u0131na var\u0131n! \u0130\u015fte detaylar\u2026<\/p>\n","protected":false},"author":26,"featured_media":186661,"comment_status":"closed","ping_status":"closed","sticky":false,"template":"","format":"standard","meta":{"rank_math_lock_modified_date":false,"footnotes":""},"categories":[95],"tags":[23652,106,11403,4415,23651],"class_list":["post-186660","post","type-post","status-publish","format-standard","has-post-thumbnail","hentry","category-guzellik","tag-gozlerin-buyuk-gozukmesini-saglama","tag-guzellik","tag-guzellik-haberleri","tag-kas-almak","tag-kas-almayi-birakmak"],"_links":{"self":[{"href":"https:\/\/www.tgrthaber.com\/mavikadin\/wp-json\/wp\/v2\/posts\/186660"}],"collection":[{"href":"https:\/\/www.tgrthaber.com\/mavikadin\/wp-json\/wp\/v2\/posts"}],"about":[{"href":"https:\/\/www.tgrthaber.com\/mavikadin\/wp-json\/wp\/v2\/types\/post"}],"author":[{"embeddable":true,"href":"https:\/\/www.tgrthaber.com\/mavikadin\/wp-json\/wp\/v2\/users\/26"}],"replies":[{"embeddable":true,"href":"https:\/\/www.tgrthaber.com\/mavikadin\/wp-json\/wp\/v2\/comments?post=186660"}],"version-history":[{"count":2,"href":"https:\/\/www.tgrthaber.com\/mavikadin\/wp-json\/wp\/v2\/posts\/186660\/revisions"}],"predecessor-version":[{"id":186669,"href":"https:\/\/www.tgrthaber.com\/mavikadin\/wp-json\/wp\/v2\/posts\/186660\/revisions\/186669"}],"wp:featuredmedia":[{"embeddable":true,"href":"https:\/\/www.tgrthaber.com\/mavikadin\/wp-json\/wp\/v2\/media\/186661"}],"wp:attachment":[{"href":"https:\/\/www.tgrthaber.com\/mavikadin\/wp-json\/wp\/v2\/media?parent=186660"}],"wp:term":[{"taxonomy":"category","embeddable":true,"href":"https:\/\/www.tgrthaber.com\/mavikadin\/wp-json\/wp\/v2\/categories?post=186660"},{"taxonomy":"post_tag","embeddable":true,"href":"https:\/\/www.tgrthaber.com\/mavikadin\/wp-json\/wp\/v2\/tags?post=186660"}],"curies":[{"name":"wp","href":"https:\/\/api.w.org\/{rel}","templated":true}]}}