{"id":186704,"date":"2025-06-03T15:38:07","date_gmt":"2025-06-03T12:38:07","guid":{"rendered":"https:\/\/www.tgrthaber.com\/mavikadin\/?p=186704"},"modified":"2025-06-03T15:38:07","modified_gmt":"2025-06-03T12:38:07","slug":"asli-bekiroglu-9-saat-suren-ameliyat-gecirdi-yasiyorum-sukur","status":"publish","type":"post","link":"https:\/\/www.tgrthaber.com\/mavikadin\/asli-bekiroglu-9-saat-suren-ameliyat-gecirdi-yasiyorum-sukur\/","title":{"rendered":"Asl\u0131 Bekiro\u011flu 9 saat s\u00fcren ameliyat ge\u00e7irdi! &#8216;Ya\u015f\u0131yorum \u015f\u00fck\u00fcr&#8217;"},"content":{"rendered":"<p>Yeti\u015f Zeynep, Benim Tatl\u0131 Yalan\u0131m, Jet Sosyete \u00b7 G\u00fcl\u00fcmse Yeter, Beni B\u00f6yle Sev gibi dizilerden tan\u0131d\u0131\u011f\u0131m\u0131z 29 ya\u015f\u0131ndaki \u00dcnl\u00fc oyuncu Asl\u0131 Bekiro\u011flu, ba\u011f\u0131rsaklar\u0131n\u0131zdaki rahats\u0131zl\u0131k nedeniyle 9 saat s\u00fcren bir operasyon ge\u00e7irdi. Ameliyat\u0131n ard\u0131ndan tedavisi hastanede devam eden Bekiro\u011flu, sosyal medya hesab\u0131ndan sa\u011fl\u0131\u011f\u0131n\u0131n iyi oldu\u011funu payla\u015ft\u0131.<\/p>\n<h3>&#8220;YA\u015eIYORUM \u015e\u00dcK\u00dcR&#8221;<\/h3>\n<p>Sosyal medya hesab\u0131ndan, hastaneden foto\u011fraf payla\u015fan Asl\u0131 Bekiro\u011flu &#8220;Ya\u015f\u0131yorum \u015f\u00fck\u00fcr&#8221; ifadelerini kulland\u0131. Oyuncunun iyi oldu\u011fu g\u00f6r\u00fcld\u00fc.<\/p>\n<p>\u00dcnl\u00fc oyuncuya sevenleri taraf\u0131ndan ge\u00e7mi\u015f olsun mesajlar\u0131 ya\u011fd\u0131.<\/p>\n<p><img loading=\"lazy\" decoding=\"async\" class=\"aligncenter wp-image-186711\" src=\"https:\/\/www.tgrthaber.com\/mavikadin\/wp-content\/uploads\/asli-bekiroglu-9-saat-suren-ameliyat-gecirdi-yasiyorum-sukur-2.jpg\" alt=\"\" width=\"1208\" height=\"680\" title=\"\" srcset=\"https:\/\/www.tgrthaber.com\/mavikadin\/wp-content\/uploads\/asli-bekiroglu-9-saat-suren-ameliyat-gecirdi-yasiyorum-sukur-2.jpg 1920w, https:\/\/www.tgrthaber.com\/mavikadin\/wp-content\/uploads\/asli-bekiroglu-9-saat-suren-ameliyat-gecirdi-yasiyorum-sukur-2-300x169.jpg 300w, https:\/\/www.tgrthaber.com\/mavikadin\/wp-content\/uploads\/asli-bekiroglu-9-saat-suren-ameliyat-gecirdi-yasiyorum-sukur-2-1024x576.jpg 1024w, https:\/\/www.tgrthaber.com\/mavikadin\/wp-content\/uploads\/asli-bekiroglu-9-saat-suren-ameliyat-gecirdi-yasiyorum-sukur-2-768x432.jpg 768w, https:\/\/www.tgrthaber.com\/mavikadin\/wp-content\/uploads\/asli-bekiroglu-9-saat-suren-ameliyat-gecirdi-yasiyorum-sukur-2-1536x864.jpg 1536w\" sizes=\"(max-width: 1208px) 100vw, 1208px\" \/><\/p>\n<hr \/>\n<h3>HASTANEDEN FOTO\u011eRAF PAYLA\u015eTI<\/h3>\n<p>May\u0131s ay\u0131nda menisk\u00fcs ameliyat olan Asl\u0131 Bekiro\u011flu, Haziran ay\u0131nda ise ba\u011f\u0131rsak ameliyat\u0131 olmak i\u00e7in b\u0131\u00e7ak alt\u0131na yatt\u0131.<\/p>\n<p>Bekiro\u011flu\u2019nun bir s\u00fcre daha hastanede tedavi g\u00f6rmeye devam edece\u011fi daha sonras\u0131nda ise hastaneden taburcu edilece\u011fi \u00f6\u011frenildi.<\/p>\n<p>Asl\u0131 Bekiro\u011flu, 9 saat s\u00fcren ameliyat\u0131n ard\u0131ndan son halini sosyal medya hesab\u0131ndan &#8220;Ya\u015f\u0131yorum \u015f\u00fck\u00fcr&#8221; notu ile payla\u015ft\u0131. Asl\u0131 Bekiro\u011flu, moralinin yerinde oldu\u011funu duyurarak, sa\u011fl\u0131k durumunun da iyiye gitti\u011fini a\u00e7\u0131klad\u0131.<\/p>\n<p><img loading=\"lazy\" decoding=\"async\" class=\"aligncenter wp-image-186712\" src=\"https:\/\/www.tgrthaber.com\/mavikadin\/wp-content\/uploads\/asli-bekiroglu-9-saat-suren-ameliyat-gecirdi-yasiyorum-sukur-3.jpg\" alt=\"\" width=\"1208\" height=\"680\" title=\"\" srcset=\"https:\/\/www.tgrthaber.com\/mavikadin\/wp-content\/uploads\/asli-bekiroglu-9-saat-suren-ameliyat-gecirdi-yasiyorum-sukur-3.jpg 1920w, https:\/\/www.tgrthaber.com\/mavikadin\/wp-content\/uploads\/asli-bekiroglu-9-saat-suren-ameliyat-gecirdi-yasiyorum-sukur-3-300x169.jpg 300w, https:\/\/www.tgrthaber.com\/mavikadin\/wp-content\/uploads\/asli-bekiroglu-9-saat-suren-ameliyat-gecirdi-yasiyorum-sukur-3-1024x576.jpg 1024w, https:\/\/www.tgrthaber.com\/mavikadin\/wp-content\/uploads\/asli-bekiroglu-9-saat-suren-ameliyat-gecirdi-yasiyorum-sukur-3-768x432.jpg 768w, https:\/\/www.tgrthaber.com\/mavikadin\/wp-content\/uploads\/asli-bekiroglu-9-saat-suren-ameliyat-gecirdi-yasiyorum-sukur-3-1536x864.jpg 1536w\" sizes=\"(max-width: 1208px) 100vw, 1208px\" \/><\/p>\n<hr \/>\n<h3>ASLI BEK\u0130RO\u011eLU K\u0130MD\u0130R?<\/h3>\n<p>Asl\u0131 Bekiro\u011flu T\u00fcrk dizi ve sinema oyuncusudur. 16 Kas\u0131m 1995\u2019de \u0130stanbul\u2019da d\u00fcnyaya geldi.<\/p>\n<p>Bah\u00e7e\u015fehir \u00dcniversitesi Beslenme ve Diyetetik B\u00f6l\u00fcm\u00fcnden mezun oldu.<\/p>\n<p>\u0130stanbul \u00dcniversitesi Devlet Konservatuvar\u0131\u2019nda arp ve solfej \u00fczerine e\u011fitim ald\u0131.<\/p>\n<p>2015 y\u0131l\u0131nda yay\u0131mlanan Ad\u0131 Mutluluk dizisi ile oyunculuk kariyerine ba\u015flad\u0131.<\/p>\n<p>G\u00fcl\u00fcmse Yeter, Yol Arkada\u015f\u0131m, \u0130kimizin Yerine, Benim Tatl\u0131 Yalan\u0131m, Band\u0131rma F\u00fcze Kul\u00fcb\u00fc ve Yeti\u015f Zeynep gibi bir\u00e7ok dizi ve filmde rol ald\u0131.<\/p>\n<p>Sosyal medya \u00fczerinden yay\u0131nlad\u0131\u011f\u0131 videolar viral olunca reklam filmi teklifi ald\u0131. \u00dcnl\u00fc ismin ekran maceras\u0131 reklam filmi ile ba\u015flam\u0131\u015f oldu.<\/p>\n<p><img loading=\"lazy\" decoding=\"async\" class=\"aligncenter wp-image-186713\" src=\"https:\/\/www.tgrthaber.com\/mavikadin\/wp-content\/uploads\/asli-bekiroglu-9-saat-suren-ameliyat-gecirdi-yasiyorum-sukur-4.jpg\" alt=\"\" width=\"1208\" height=\"680\" title=\"\" srcset=\"https:\/\/www.tgrthaber.com\/mavikadin\/wp-content\/uploads\/asli-bekiroglu-9-saat-suren-ameliyat-gecirdi-yasiyorum-sukur-4.jpg 1920w, https:\/\/www.tgrthaber.com\/mavikadin\/wp-content\/uploads\/asli-bekiroglu-9-saat-suren-ameliyat-gecirdi-yasiyorum-sukur-4-300x169.jpg 300w, https:\/\/www.tgrthaber.com\/mavikadin\/wp-content\/uploads\/asli-bekiroglu-9-saat-suren-ameliyat-gecirdi-yasiyorum-sukur-4-1024x576.jpg 1024w, https:\/\/www.tgrthaber.com\/mavikadin\/wp-content\/uploads\/asli-bekiroglu-9-saat-suren-ameliyat-gecirdi-yasiyorum-sukur-4-768x432.jpg 768w, https:\/\/www.tgrthaber.com\/mavikadin\/wp-content\/uploads\/asli-bekiroglu-9-saat-suren-ameliyat-gecirdi-yasiyorum-sukur-4-1536x864.jpg 1536w\" sizes=\"(max-width: 1208px) 100vw, 1208px\" \/><\/p>\n<hr \/>\n<h3>ASLI BEK\u0130RO\u011eLU\u2019NUN TELEV\u0130ZYON D\u0130Z\u0130LER\u0130<\/h3>\n<p>2024\u00a0\u00a0\u00a0\u00a0\u00a0\u00a0 Ah Leyla Vah Kerem\u00a0\u00a0\u00a0 Leyla<\/p>\n<p>2023\u00a0\u00a0\u00a0\u00a0\u00a0\u00a0 Sahte Balay\u0131\u00a0 Didem<\/p>\n<p>2022\u00a0\u00a0\u00a0\u00a0\u00a0\u00a0 Sen ve Ben\u00a0\u00a0\u00a0\u00a0 M\u00fcjde<\/p>\n<p>2021\u00a0\u00a0\u00a0\u00a0\u00a0\u00a0 Yeti\u015f Zeynep Zeynep<\/p>\n<p>2019\u00a0\u00a0\u00a0\u00a0\u00a0\u00a0 Benim Tatl\u0131 Yalan\u0131m\u00a0\u00a0\u00a0 Suna Do\u011fan Y\u0131lmaz<\/p>\n<p>2018\u20132019\u00a0\u00a0\u00a0 Jet Sosyete\u00a0\u00a0\u00a0 Melike \u015eahin<\/p>\n<p>2018\u00a0\u00a0\u00a0\u00a0\u00a0\u00a0 Dudullu Postas\u0131\u00a0\u00a0\u00a0 Bet\u00fcl<\/p>\n<p>2016\u20132017\u00a0\u00a0\u00a0 G\u00fcl\u00fcmse Yeter\u00a0\u00a0\u00a0\u00a0\u00a0 Yasemin \u00d6zdemir<\/p>\n<p>2015\u00a0\u00a0\u00a0\u00a0\u00a0\u00a0 Ad\u0131 Mutluluk Sera Y\u00fcksel<\/p>\n<p>2013\u00a0\u00a0\u00a0\u00a0\u00a0\u00a0 Beni B\u00f6yle Sev\u00a0\u00a0\u00a0\u00a0\u00a0 Ay\u00e7a<\/p>\n<h3>ASLI BEK\u0130RO\u011eLU S\u0130NEMA F\u0130LMLER\u0130<\/h3>\n<p>2024\u00a0\u00a0\u00a0\u00a0\u00a0\u00a0 Biricik Sevgilim\u00a0\u00a0\u00a0\u00a0 Nihan<\/p>\n<p>2022\u00a0\u00a0\u00a0\u00a0\u00a0\u00a0 Band\u0131rma F\u00fcze Kul\u00fcb\u00fc\u00a0\u00a0\u00a0\u00a0\u00a0\u00a0\u00a0 Zehra<\/p>\n<p>2021\u00a0\u00a0\u00a0\u00a0\u00a0\u00a0 A\u015fk\u0131m Bahard\u0131\u00a0\u00a0\u00a0\u00a0\u00a0 Bahar<\/p>\n<p>2017\u00a0\u00a0\u00a0\u00a0\u00a0\u00a0 Yol Arkada\u015f\u0131m\u00a0\u00a0\u00a0\u00a0\u00a0\u00a0 Bahar<\/p>\n<p>2016\u00a0\u00a0\u00a0\u00a0\u00a0\u00a0 \u0130kimizin Yerine\u00a0\u00a0\u00a0\u00a0\u00a0 Ceylan<\/p>\n","protected":false},"excerpt":{"rendered":"<p>Yetenekli ve g\u00fczel oyuncu Asl\u0131 Bekiro\u011flu, ya\u015fad\u0131\u011f\u0131 sa\u011fl\u0131k sorunu nedeniyle 9 saat s\u00fcren bir ameliyat ge\u00e7irdi. Ge\u00e7ti\u011fimiz may\u0131s ay\u0131nda da menisk\u00fcs ameliyat\u0131 olan \u00fcnl\u00fc isim, Sosyal medya hesab\u0131ndan son halini \u201c&#8221;Ya\u015f\u0131yorum \u015f\u00fck\u00fcr&#8221;\u201d notuyla payla\u015ft\u0131.<\/p>\n","protected":false},"author":30,"featured_media":186710,"comment_status":"closed","ping_status":"closed","sticky":false,"template":"","format":"standard","meta":{"rank_math_lock_modified_date":false,"footnotes":""},"categories":[76],"tags":[23659,23660,2218],"class_list":["post-186704","post","type-post","status-publish","format-standard","has-post-thumbnail","hentry","category-magazin","tag-asli-bekiroglu","tag-asli-bekiroglu-ameliyat","tag-magazin-haberleri"],"_links":{"self":[{"href":"https:\/\/www.tgrthaber.com\/mavikadin\/wp-json\/wp\/v2\/posts\/186704"}],"collection":[{"href":"https:\/\/www.tgrthaber.com\/mavikadin\/wp-json\/wp\/v2\/posts"}],"about":[{"href":"https:\/\/www.tgrthaber.com\/mavikadin\/wp-json\/wp\/v2\/types\/post"}],"author":[{"embeddable":true,"href":"https:\/\/www.tgrthaber.com\/mavikadin\/wp-json\/wp\/v2\/users\/30"}],"replies":[{"embeddable":true,"href":"https:\/\/www.tgrthaber.com\/mavikadin\/wp-json\/wp\/v2\/comments?post=186704"}],"version-history":[{"count":3,"href":"https:\/\/www.tgrthaber.com\/mavikadin\/wp-json\/wp\/v2\/posts\/186704\/revisions"}],"predecessor-version":[{"id":186716,"href":"https:\/\/www.tgrthaber.com\/mavikadin\/wp-json\/wp\/v2\/posts\/186704\/revisions\/186716"}],"wp:featuredmedia":[{"embeddable":true,"href":"https:\/\/www.tgrthaber.com\/mavikadin\/wp-json\/wp\/v2\/media\/186710"}],"wp:attachment":[{"href":"https:\/\/www.tgrthaber.com\/mavikadin\/wp-json\/wp\/v2\/media?parent=186704"}],"wp:term":[{"taxonomy":"category","embeddable":true,"href":"https:\/\/www.tgrthaber.com\/mavikadin\/wp-json\/wp\/v2\/categories?post=186704"},{"taxonomy":"post_tag","embeddable":true,"href":"https:\/\/www.tgrthaber.com\/mavikadin\/wp-json\/wp\/v2\/tags?post=186704"}],"curies":[{"name":"wp","href":"https:\/\/api.w.org\/{rel}","templated":true}]}}