{"id":186726,"date":"2025-06-03T16:06:45","date_gmt":"2025-06-03T13:06:45","guid":{"rendered":"https:\/\/www.tgrthaber.com\/mavikadin\/?p=186726"},"modified":"2025-06-03T16:06:45","modified_gmt":"2025-06-03T13:06:45","slug":"sarkici-simalin-sevgilisi-necati-arici-icini-doktu-iyilestigini-duydugum-icin-icra-yolladim","status":"publish","type":"post","link":"https:\/\/www.tgrthaber.com\/mavikadin\/sarkici-simalin-sevgilisi-necati-arici-icini-doktu-iyilestigini-duydugum-icin-icra-yolladim\/","title":{"rendered":"\u015eark\u0131c\u0131 \u015eimal\u2019in sevgilisi Necati Ar\u0131c\u0131 i\u00e7ini d\u00f6kt\u00fc! \u2018\u0130yile\u015fti\u011fini duydu\u011fum i\u00e7in icra yollad\u0131m\u2019"},"content":{"rendered":"<p>Kanser y\u00fcz\u00fcnden hayat\u0131n\u0131 kaybeden \u015eark\u0131c\u0131 \u015eimal\u2019in sevgilisi Necati Ar\u0131c\u0131 i\u00e7ini d\u00f6kt\u00fc. \u015eimal\u2019i tedavi boyunca yaln\u0131z b\u0131rakmayan Necati Ar\u0131c\u0131 bu g\u00fcne kadar i\u00e7inde tuttuklar\u0131n\u0131 anlatt\u0131.<\/p>\n<h3>\u015eARKICI \u015e\u0130MAL\u2019\u0130N SEVG\u0130L\u0130S\u0130 NECAT\u0130 ARICI \u0130\u00c7\u0130N\u0130 D\u00d6KT\u00dc!<\/h3>\n<p>4 y\u0131ld\u0131r m\u00fccadele etti\u011fi kanser y\u00fcz\u00fcnden hayat\u0131n\u0131 kaybeden \u015eimal, \u00f6l\u00fcm\u00fcyle sevenlerini h\u00fczne bo\u011fmu\u015ftu. \u015eimal\u2019i tedavi s\u00fcrecinde asla yaln\u0131z b\u0131rakmayan sevgilisi Necati Ar\u0131c\u0131 uzun zamand\u0131r i\u00e7inde tuttuklar\u0131n\u0131 payla\u015ft\u0131.<\/p>\n<p><img loading=\"lazy\" decoding=\"async\" class=\"alignnone wp-image-186692\" src=\"https:\/\/www.tgrthaber.com\/mavikadin\/wp-content\/uploads\/Merve-Ozbey-2.jpg\" alt=\"\" width=\"1208\" height=\"680\" title=\"\" srcset=\"https:\/\/www.tgrthaber.com\/mavikadin\/wp-content\/uploads\/Merve-Ozbey-2.jpg 1600w, https:\/\/www.tgrthaber.com\/mavikadin\/wp-content\/uploads\/Merve-Ozbey-2-300x169.jpg 300w, https:\/\/www.tgrthaber.com\/mavikadin\/wp-content\/uploads\/Merve-Ozbey-2-1024x576.jpg 1024w, https:\/\/www.tgrthaber.com\/mavikadin\/wp-content\/uploads\/Merve-Ozbey-2-768x432.jpg 768w, https:\/\/www.tgrthaber.com\/mavikadin\/wp-content\/uploads\/Merve-Ozbey-2-1536x864.jpg 1536w\" sizes=\"(max-width: 1208px) 100vw, 1208px\" \/><\/p>\n<hr \/>\n<p>\u0130\u00e7ini d\u00f6ken Necati Ar\u0131c\u0131 \u2018vefas\u0131zl\u0131k\u2019 ad\u0131 alt\u0131nda ya\u015fad\u0131klar\u0131n\u0131 sosyal medya hesab\u0131 \u00fczerinden duyurdu. \u015eimal\u2019in vefat\u0131ndan \u00f6nce verdi\u011fi son r\u00f6portaj g\u00fcndeme damga vurdu. R\u00f6portajdaki \u201c\u0130yile\u015fti\u011fini duydu\u011fum i\u00e7in icra yollad\u0131m\u201d s\u00f6zleri dikkat \u00e7ekti.<\/p>\n<p>\u015eark\u0131c\u0131 o r\u00f6portaj\u0131nda, &#8220;En yak\u0131n arkada\u015flar\u0131mdan biri avukat bir beyefendiydi\u2026 Birlikte kahve i\u00e7iyoruz, \u00e7ay i\u00e7iyoruz. Magazinde peru\u011fumu att\u0131\u011f\u0131m bir g\u00f6r\u00fcnt\u00fcm vard\u0131, raporlar\u0131m temiz gelmi\u015fti. Sevindi\u011fim bir haberdi. Beni aray\u0131p, &#8216;ben sana bu belgeleri yollad\u0131m ama (icra) iyile\u015fti\u011fini duydu\u011fum i\u00e7in yollad\u0131m&#8217; dedi bana&#8221; ifadelerini kullanm\u0131\u015ft\u0131.<\/p>\n<p><img loading=\"lazy\" decoding=\"async\" class=\"alignnone wp-image-135766\" src=\"https:\/\/www.tgrthaber.com\/mavikadin\/wp-content\/uploads\/Simal-2.jpg\" alt=\"\" width=\"1208\" height=\"680\" title=\"\" srcset=\"https:\/\/www.tgrthaber.com\/mavikadin\/wp-content\/uploads\/Simal-2.jpg 1920w, https:\/\/www.tgrthaber.com\/mavikadin\/wp-content\/uploads\/Simal-2-300x169.jpg 300w, https:\/\/www.tgrthaber.com\/mavikadin\/wp-content\/uploads\/Simal-2-1024x576.jpg 1024w, https:\/\/www.tgrthaber.com\/mavikadin\/wp-content\/uploads\/Simal-2-768x432.jpg 768w, https:\/\/www.tgrthaber.com\/mavikadin\/wp-content\/uploads\/Simal-2-1536x864.jpg 1536w\" sizes=\"(max-width: 1208px) 100vw, 1208px\" \/><\/p>\n<hr \/>\n<h3>8 SAATL\u0130K BEY\u0130N AMEL\u0130YATI OLMU\u015eTU<\/h3>\n<p>Ge\u00e7irdi\u011fi 8 saatlik beyin ameliyat\u0131yla yeniden sa\u011fl\u0131\u011f\u0131na kavu\u015fmak i\u00e7in tedavi olan \u015eimal, 4 May\u0131s&#8217;ta aniden rahats\u0131zlanarak hastaneye kald\u0131r\u0131lm\u0131\u015ft\u0131. Tedavisi yo\u011fun bak\u0131m \u00fcnitesinde devam etmi\u015fti.<\/p>\n<p>Yap\u0131lan t\u00fcm m\u00fcdahalelere ra\u011fmen kurtar\u0131lamayan 39 ya\u015f\u0131ndaki \u00fcnl\u00fc isim vefat\u0131yla sevenlerini \u00fczd\u00fc. \u015eimal&#8217;in \u00f6l\u00fcm haberini sevgilisi Necati Ar\u0131c\u0131, sosyal medya \u00fczerinden yapt\u0131\u011f\u0131 payla\u015f\u0131mla duyurdu.<\/p>\n<p>&#8220;E\u015fim \u015eimal G\u00fclen hakk\u0131 rahmetine kavu\u015fmu\u015ftur. Cenazesi Ku\u015fadas\u0131&#8217;na defnedilecektir. Helallik i\u00e7in yer bilgisi verilecektir.&#8221;<\/p>\n<p><img loading=\"lazy\" decoding=\"async\" class=\"alignnone wp-image-135765\" src=\"https:\/\/www.tgrthaber.com\/mavikadin\/wp-content\/uploads\/Simal-4.jpg\" alt=\"\" width=\"1208\" height=\"680\" title=\"\" srcset=\"https:\/\/www.tgrthaber.com\/mavikadin\/wp-content\/uploads\/Simal-4.jpg 1920w, https:\/\/www.tgrthaber.com\/mavikadin\/wp-content\/uploads\/Simal-4-300x169.jpg 300w, https:\/\/www.tgrthaber.com\/mavikadin\/wp-content\/uploads\/Simal-4-1024x576.jpg 1024w, https:\/\/www.tgrthaber.com\/mavikadin\/wp-content\/uploads\/Simal-4-768x432.jpg 768w, https:\/\/www.tgrthaber.com\/mavikadin\/wp-content\/uploads\/Simal-4-1536x864.jpg 1536w\" sizes=\"(max-width: 1208px) 100vw, 1208px\" \/><\/p>\n<hr \/>\n<h3>KARACAAHMET MEZARLI\u011eI&#8217;NDA T\u00d6REN YAPILDI<\/h3>\n<p>Sanat\u00e7\u0131 i\u00e7in Karacaahmet Mezarl\u0131\u011f\u0131&#8217;nda cenaze t\u00f6reni d\u00fczenlendi. \u0130kindi namaz\u0131na m\u00fcteakip k\u0131l\u0131nan cenaze namaz\u0131n\u0131n ard\u0131ndan sevenleri, yak\u0131n dostlar\u0131 ve sanat camias\u0131ndan isimler \u015eimal&#8217;i son yolculu\u011funa u\u011furlad\u0131.<\/p>\n<p>Necati Ar\u0131c\u0131, t\u00f6renden \u00f6nce sosyal medya hesab\u0131ndan yapt\u0131\u011f\u0131 payla\u015f\u0131mla &#8220;E\u015fim \u015eimal&#8217;i son yolculu\u011funa u\u011furlamadan \u00f6nce helalle\u015fmek ad\u0131na bir araya geliyoruz. T\u00fcm dostlar\u0131m\u0131z\u0131, yak\u0131nlar\u0131m\u0131z\u0131 ve sevenlerini ikindi namaz\u0131nda Karacaahmet Mezarl\u0131\u011f\u0131&#8217;na bekliyoruz&#8221; ifadelerine yer verdi.<\/p>\n","protected":false},"excerpt":{"rendered":"<p>\u015eark\u0131c\u0131 \u015eimal 4 senedir m\u00fccadele etti\u011fi kanser hastal\u0131\u011f\u0131 y\u00fcz\u00fcnden hayat\u0131n\u0131 kaybetmi\u015fti. \u015eimal\u2019in her zaman yan\u0131nda olan sevgilisi Necati Ar\u0131c\u0131 \u015eimal\u2019i kaybetmenin ard\u0131ndan i\u00e7ini d\u00f6kt\u00fc.<\/p>\n","protected":false},"author":5,"featured_media":184930,"comment_status":"closed","ping_status":"closed","sticky":false,"template":"","format":"standard","meta":{"rank_math_lock_modified_date":false,"footnotes":""},"categories":[76],"tags":[23662,340,133,20573,544],"class_list":["post-186726","post","type-post","status-publish","format-standard","has-post-thumbnail","hentry","category-magazin","tag-beyin-tumoru","tag-kanser","tag-magazin","tag-necati-arici","tag-simal"],"_links":{"self":[{"href":"https:\/\/www.tgrthaber.com\/mavikadin\/wp-json\/wp\/v2\/posts\/186726"}],"collection":[{"href":"https:\/\/www.tgrthaber.com\/mavikadin\/wp-json\/wp\/v2\/posts"}],"about":[{"href":"https:\/\/www.tgrthaber.com\/mavikadin\/wp-json\/wp\/v2\/types\/post"}],"author":[{"embeddable":true,"href":"https:\/\/www.tgrthaber.com\/mavikadin\/wp-json\/wp\/v2\/users\/5"}],"replies":[{"embeddable":true,"href":"https:\/\/www.tgrthaber.com\/mavikadin\/wp-json\/wp\/v2\/comments?post=186726"}],"version-history":[{"count":2,"href":"https:\/\/www.tgrthaber.com\/mavikadin\/wp-json\/wp\/v2\/posts\/186726\/revisions"}],"predecessor-version":[{"id":186733,"href":"https:\/\/www.tgrthaber.com\/mavikadin\/wp-json\/wp\/v2\/posts\/186726\/revisions\/186733"}],"wp:featuredmedia":[{"embeddable":true,"href":"https:\/\/www.tgrthaber.com\/mavikadin\/wp-json\/wp\/v2\/media\/184930"}],"wp:attachment":[{"href":"https:\/\/www.tgrthaber.com\/mavikadin\/wp-json\/wp\/v2\/media?parent=186726"}],"wp:term":[{"taxonomy":"category","embeddable":true,"href":"https:\/\/www.tgrthaber.com\/mavikadin\/wp-json\/wp\/v2\/categories?post=186726"},{"taxonomy":"post_tag","embeddable":true,"href":"https:\/\/www.tgrthaber.com\/mavikadin\/wp-json\/wp\/v2\/tags?post=186726"}],"curies":[{"name":"wp","href":"https:\/\/api.w.org\/{rel}","templated":true}]}}