{"id":186774,"date":"2025-06-03T17:15:27","date_gmt":"2025-06-03T14:15:27","guid":{"rendered":"https:\/\/www.tgrthaber.com\/mavikadin\/?p=186774"},"modified":"2025-09-19T19:57:46","modified_gmt":"2025-09-19T16:57:46","slug":"karsta-kadinlarin-evelik-mesaisi-basladi-her-derde-deva-sifali-ot","status":"publish","type":"post","link":"https:\/\/www.tgrthaber.com\/mavikadin\/karsta-kadinlarin-evelik-mesaisi-basladi-her-derde-deva-sifali-ot\/","title":{"rendered":"Kars\u2019ta kad\u0131nlar\u0131n evelik mesaisi ba\u015flad\u0131! Her derde deva \u015fifal\u0131 ot"},"content":{"rendered":"<p>Karsl\u0131 kad\u0131nlar\u0131n \u2018evelik&#8217; mesaisi ba\u015flad\u0131. Kad\u0131nlar y\u0131\u011fd\u0131klar\u0131 evelikleri kurutarak \u00e7orbas\u0131n\u0131 yap\u0131yor.<\/p>\n<h3>KARS\u2019TAN SOFRALARA GELEN \u015e\u0130FA!<\/h3>\n<p>Kars&#8217;ta havalar\u0131n \u0131s\u0131nmas\u0131 ve yaz\u0131n da geli\u015fiyle birlikte kad\u0131nlar, \u015fifal\u0131 oldu\u011funa inand\u0131klar\u0131 \u2018evelik&#8217; otunu toplamak i\u00e7in meralara \u00e7\u0131kt\u0131. Bu y\u0131l bol ya\u011f\u0131\u015f alan kentte ye\u015fillenen meralar, do\u011fan\u0131n sundu\u011fu zengin bitki \u00f6rt\u00fcs\u00fcyle adeta \u015fifa kayna\u011f\u0131na d\u00f6n\u00fc\u015ft\u00fc.<\/p>\n<p><img loading=\"lazy\" decoding=\"async\" class=\"alignnone size-full wp-image-186775\" src=\"https:\/\/www.tgrthaber.com\/mavikadin\/wp-content\/uploads\/Kars-2.png\" alt=\"\" width=\"1208\" height=\"680\" title=\"\" srcset=\"https:\/\/www.tgrthaber.com\/mavikadin\/wp-content\/uploads\/Kars-2.png 1208w, https:\/\/www.tgrthaber.com\/mavikadin\/wp-content\/uploads\/Kars-2-300x169.png 300w, https:\/\/www.tgrthaber.com\/mavikadin\/wp-content\/uploads\/Kars-2-1024x576.png 1024w, https:\/\/www.tgrthaber.com\/mavikadin\/wp-content\/uploads\/Kars-2-768x432.png 768w\" sizes=\"(max-width: 1208px) 100vw, 1208px\" \/><\/p>\n<hr \/>\n<p>Son y\u0131llar\u0131n en ya\u011f\u0131\u015fl\u0131 bahar mevsimini ya\u015fayan Kars&#8217;ta, ova ve meralar \u00e7e\u015fitli otlarla kapland\u0131. \u00d6zellikle yemeklik ve \u015fifal\u0131 bitki olarak bilinen evelik otu, kad\u0131nlar\u0131n ilgisini \u00e7ekti. Tarlalara ve yol kenarlar\u0131na \u00e7\u0131kan kad\u0131nlar, onlarca ot t\u00fcr\u00fc aras\u0131nda evelik ba\u015fta olmak \u00fczere pek \u00e7ok bitki toplad\u0131. Arpa\u00e7ay il\u00e7esine ba\u011fl\u0131 De\u011firmen K\u00f6pr\u00fc k\u00f6y\u00fcnde ya\u015fayan Leyla Y\u0131lmaz, evelik otunun bahar aylar\u0131nda kendili\u011finden yeti\u015fti\u011fini belirtti.<\/p>\n<p><img loading=\"lazy\" decoding=\"async\" class=\"alignnone size-full wp-image-186777\" src=\"https:\/\/www.tgrthaber.com\/mavikadin\/wp-content\/uploads\/Kars-4.png\" alt=\"\" width=\"1208\" height=\"680\" title=\"\" srcset=\"https:\/\/www.tgrthaber.com\/mavikadin\/wp-content\/uploads\/Kars-4.png 1208w, https:\/\/www.tgrthaber.com\/mavikadin\/wp-content\/uploads\/Kars-4-300x169.png 300w, https:\/\/www.tgrthaber.com\/mavikadin\/wp-content\/uploads\/Kars-4-1024x576.png 1024w, https:\/\/www.tgrthaber.com\/mavikadin\/wp-content\/uploads\/Kars-4-768x432.png 768w\" sizes=\"(max-width: 1208px) 100vw, 1208px\" \/><\/p>\n<hr \/>\n<p>Y\u0131lmaz, &#8220;Her sene bu aylarda kekik, ku\u015f ekme\u011fi, yarpuz, \u00e7a\u015f\u0131r, evelik ve \u0131s\u0131rgan topluyorum. Hepsini kurutup k\u0131\u015f i\u00e7in dolaba koyuyorum. K\u0131\u015f\u0131n \u00e7\u0131kar\u0131p yiyoruz. Hepsi her derde deva&#8221; dedi.<br \/>\nKars&#8217;ta kad\u0131nlar toplad\u0131klar\u0131 \u015fifal\u0131 otlar\u0131, g\u00fcne\u015fte kurutarak sakl\u0131yor. Saklanan otlar ise k\u0131\u015f\u0131n sofralarda \u00e7orba olarak yerini al\u0131yor. Otlar\u0131n bir k\u0131sm\u0131 ise yemeklerde kullan\u0131l\u0131yor. \u00d6zellikle eveli\u011fin \u00e7orba ve yumurta ile kavrularak sofralara geliyor.<\/p>\n","protected":false},"excerpt":{"rendered":"<p>Karsl\u0131 kad\u0131nlar\u0131n evelik mesaisi ba\u015flad\u0131. Havalar\u0131n \u0131s\u0131nmas\u0131yla Karsl\u0131 kad\u0131nlar \u015fifal\u0131 oldu\u011funa inand\u0131klar\u0131 bitkiyi toplayarak sofralar\u0131na koyuyorlar.<\/p>\n","protected":false},"author":5,"featured_media":186778,"comment_status":"closed","ping_status":"closed","sticky":false,"template":"","format":"standard","meta":{"rank_math_lock_modified_date":false,"footnotes":""},"categories":[101],"tags":[23672,23674,23673,247],"class_list":["post-186774","post","type-post","status-publish","format-standard","has-post-thumbnail","hentry","category-kesfet","tag-evelik","tag-evelik-otu","tag-karsli-kadinlar","tag-kesfet"],"_links":{"self":[{"href":"https:\/\/www.tgrthaber.com\/mavikadin\/wp-json\/wp\/v2\/posts\/186774"}],"collection":[{"href":"https:\/\/www.tgrthaber.com\/mavikadin\/wp-json\/wp\/v2\/posts"}],"about":[{"href":"https:\/\/www.tgrthaber.com\/mavikadin\/wp-json\/wp\/v2\/types\/post"}],"author":[{"embeddable":true,"href":"https:\/\/www.tgrthaber.com\/mavikadin\/wp-json\/wp\/v2\/users\/5"}],"replies":[{"embeddable":true,"href":"https:\/\/www.tgrthaber.com\/mavikadin\/wp-json\/wp\/v2\/comments?post=186774"}],"version-history":[{"count":2,"href":"https:\/\/www.tgrthaber.com\/mavikadin\/wp-json\/wp\/v2\/posts\/186774\/revisions"}],"predecessor-version":[{"id":186780,"href":"https:\/\/www.tgrthaber.com\/mavikadin\/wp-json\/wp\/v2\/posts\/186774\/revisions\/186780"}],"wp:featuredmedia":[{"embeddable":true,"href":"https:\/\/www.tgrthaber.com\/mavikadin\/wp-json\/wp\/v2\/media\/186778"}],"wp:attachment":[{"href":"https:\/\/www.tgrthaber.com\/mavikadin\/wp-json\/wp\/v2\/media?parent=186774"}],"wp:term":[{"taxonomy":"category","embeddable":true,"href":"https:\/\/www.tgrthaber.com\/mavikadin\/wp-json\/wp\/v2\/categories?post=186774"},{"taxonomy":"post_tag","embeddable":true,"href":"https:\/\/www.tgrthaber.com\/mavikadin\/wp-json\/wp\/v2\/tags?post=186774"}],"curies":[{"name":"wp","href":"https:\/\/api.w.org\/{rel}","templated":true}]}}