{"id":186791,"date":"2025-06-03T17:37:26","date_gmt":"2025-06-03T14:37:26","guid":{"rendered":"https:\/\/www.tgrthaber.com\/mavikadin\/?p=186791"},"modified":"2025-06-03T17:37:26","modified_gmt":"2025-06-03T14:37:26","slug":"gorme-engelli-cilerin-dunyasi-orguyle-guzellesiyor-gormemesi-engel-olmadi","status":"publish","type":"post","link":"https:\/\/www.tgrthaber.com\/mavikadin\/gorme-engelli-cilerin-dunyasi-orguyle-guzellesiyor-gormemesi-engel-olmadi\/","title":{"rendered":"G\u00f6rme engelli \u00c7iler\u2019in d\u00fcnyas\u0131 \u00f6rg\u00fcyle g\u00fczelle\u015fiyor! G\u00f6rmemesi engel olmad\u0131"},"content":{"rendered":"<p>Bilecik&#8217;te ya\u015fayan do\u011fu\u015ftan g\u00f6rme engelli 3 \u00e7ocuk annesi \u00c7iler Kocaman, \u00f6mr\u00fcn\u00fc adad\u0131\u011f\u0131 ailesine destek olmak ve sosyal hayata kat\u0131lmak amac\u0131yla el i\u015fi \u00f6rg\u00fc yap\u0131yor.<\/p>\n<h3>\u00c7\u0130LER\u2019\u0130N D\u00dcNYASI \u00d6RG\u00dcYLE G\u00dcZELLE\u015e\u0130YOR!<\/h3>\n<p>15 y\u0131l santral memurlu\u011fu yapan 48 ya\u015f\u0131ndaki Kocaman, 2011&#8217;de emekliye ayr\u0131ld\u0131ktan sonra \u0130stanbul&#8217;dan ailesiyle e\u015finin memleketi Bilecik&#8217;e ta\u015f\u0131nd\u0131. Kendisi gibi do\u011fu\u015ftan engelli e\u015fi, 20 ve 9 ya\u015flar\u0131ndaki k\u0131zlar\u0131, 5 ya\u015f\u0131ndaki o\u011fluyla mutlu bir hayat s\u00fcren Kocaman, ailesine destek olmak ve sosyal hayata kat\u0131lmak amac\u0131yla el i\u015fi \u00f6rg\u00fc yap\u0131yor. Kocaman, yat\u0131l\u0131 okulda \u00f6\u011fretmeninin te\u015fvikiyle elleriyle yoklama ve sayma y\u00f6ntemini \u00f6\u011frenmesi sayesinde yelek, kazak, patik, bere ve atk\u0131 gibi aksesuarlar \u00f6r\u00fcp pazarda satarak aile b\u00fct\u00e7esine katk\u0131 sa\u011fl\u0131yor.<\/p>\n<p><img loading=\"lazy\" decoding=\"async\" class=\"alignnone size-full wp-image-186792\" src=\"https:\/\/www.tgrthaber.com\/mavikadin\/wp-content\/uploads\/Ciler-2.png\" alt=\"\" width=\"1208\" height=\"680\" title=\"\" srcset=\"https:\/\/www.tgrthaber.com\/mavikadin\/wp-content\/uploads\/Ciler-2.png 1208w, https:\/\/www.tgrthaber.com\/mavikadin\/wp-content\/uploads\/Ciler-2-300x169.png 300w, https:\/\/www.tgrthaber.com\/mavikadin\/wp-content\/uploads\/Ciler-2-1024x576.png 1024w, https:\/\/www.tgrthaber.com\/mavikadin\/wp-content\/uploads\/Ciler-2-768x432.png 768w\" sizes=\"(max-width: 1208px) 100vw, 1208px\" \/><\/p>\n<hr \/>\n<h3>&#8220;TI\u011e \u0130\u015e\u0130 \u00d6\u011eREND\u0130M, SERAM\u0130K KURSUNA G\u0130TMEYE BA\u015eLADIM&#8221;<\/h3>\n<p>\u00d6rg\u00fc i\u015fine ilk okulda \u00f6\u011frendi\u011fini anlatan \u00c7iler Kocaman, &#8220;Daha sonra Bilecik&#8217;te dernek ve Halk E\u011fitim Merkezi kanal\u0131 ile kurslar d\u00fczenlenen kurslarda gittim. Orada i\u015fte zaman ge\u00e7irirken \u00f6rg\u00fcy\u00fc elime ald\u0131m ve i\u015fte bir\u00e7ok \u015fey yapmaya ba\u015flad\u0131m. Zaten yap\u0131yordum ama \u00e7ok ilgilenmiyordum, sadece hobi olarak ger\u00e7ekle\u015ftiriyordum. Onun d\u0131\u015f\u0131nda ayr\u0131ca Bilecik Engelsiz Sanat At\u00f6lyesi ile birlikte, \u00fcr\u00fcn tan\u0131mlar\u0131, hay\u0131r \u00e7ar\u015f\u0131lar\u0131nda, pazarlarda sat\u0131\u015flar yapabiliyoruz. \u00d6rg\u00fc \u00f6rmekle kalmayay\u0131m dedim ve t\u0131\u011f i\u015fi \u00f6\u011frendim, seramik kursuna gitmeye ba\u015flad\u0131m. Seramik kursuda benim i\u00e7in spor gibi oldu hatta beyin terapisi gibi de oldu. Kent Konseyi&#8217;nde engelleri bireylere d\u00fczenlemi\u015f oldu\u011fu tak\u0131 kursuna kat\u0131ld\u0131m &#8221; dedi.<\/p>\n<p><img loading=\"lazy\" decoding=\"async\" class=\"alignnone size-full wp-image-186795\" src=\"https:\/\/www.tgrthaber.com\/mavikadin\/wp-content\/uploads\/Ciler-4.png\" alt=\"\" width=\"1208\" height=\"680\" title=\"\" srcset=\"https:\/\/www.tgrthaber.com\/mavikadin\/wp-content\/uploads\/Ciler-4.png 1208w, https:\/\/www.tgrthaber.com\/mavikadin\/wp-content\/uploads\/Ciler-4-300x169.png 300w, https:\/\/www.tgrthaber.com\/mavikadin\/wp-content\/uploads\/Ciler-4-1024x576.png 1024w, https:\/\/www.tgrthaber.com\/mavikadin\/wp-content\/uploads\/Ciler-4-768x432.png 768w\" sizes=\"(max-width: 1208px) 100vw, 1208px\" \/><\/p>\n<hr \/>\n<h3>&#8220;\u0130LK ETAPTA BEN\u0130M \u0130\u00c7\u0130N DI\u015eARIYA \u00c7IKMAK \u00c7OK ZORDU&#8221;<\/h3>\n<p>Kocaman a\u00e7\u0131klamas\u0131n\u0131n devam\u0131nda, &#8220;Bu durumla m\u00fccadele etmek ilk etapta benim i\u00e7in d\u0131\u015far\u0131ya \u00e7\u0131kmak \u00e7ok zordu, aileme kabullendirmek \u00e7ok zordu. Anneme, beni birisi duraktan al\u0131yor, beni otob\u00fcse bindirdiler, ben geliyorum diye i\u015fte \u00e7e\u015fitli telkinlerde bulunarak, ilk etapta yalan s\u00f6ylemi\u015f oldum. Ama sonu\u00e7ta bunu a\u015fm\u0131\u015f oldum, anneme kabul ettirmi\u015f oldum, bir g\u00fcn bakt\u0131 ki ben eve tek ba\u015f\u0131ma geldim. Annem de, benim tek ba\u015f\u0131ma bir yerlere gidebilece\u011fimi kabullenmi\u015f oldu. \u0130\u015f hayat\u0131 da beni i\u00e7in s\u0131k\u0131nt\u0131 oldu, ilk i\u015f hayat\u0131mda da kendimi kabul ettirmek zorunda kald\u0131m. Her \u015feyi ispatlamakla ge\u00e7ti hayat\u0131m diyebilirim. Bir \u015fekilde onu da a\u015ft\u0131m, benden sonra gelecekler i\u00e7in ne yapabilirime adad\u0131m kendimi&#8221; dedi.<\/p>\n<p><img loading=\"lazy\" decoding=\"async\" class=\"alignnone size-full wp-image-186793\" src=\"https:\/\/www.tgrthaber.com\/mavikadin\/wp-content\/uploads\/Ciler-1.png\" alt=\"\" width=\"1208\" height=\"680\" title=\"\" srcset=\"https:\/\/www.tgrthaber.com\/mavikadin\/wp-content\/uploads\/Ciler-1.png 1208w, https:\/\/www.tgrthaber.com\/mavikadin\/wp-content\/uploads\/Ciler-1-300x169.png 300w, https:\/\/www.tgrthaber.com\/mavikadin\/wp-content\/uploads\/Ciler-1-1024x576.png 1024w, https:\/\/www.tgrthaber.com\/mavikadin\/wp-content\/uploads\/Ciler-1-768x432.png 768w\" sizes=\"(max-width: 1208px) 100vw, 1208px\" \/><\/p>\n<hr \/>\n<h3>&#8221; \u0130NSANLARIN ENGELL\u0130LERE, ENGELL\u0130 G\u0130B\u0130 DE\u011e\u0130L DE KEND\u0130LER\u0130 G\u0130B\u0130 NORMAL B\u0130REYM\u0130\u015e G\u0130B\u0130 G\u00d6RMELER\u0130N\u0130 D\u0130L\u0130YORUM&#8221;<\/h3>\n<p>G\u00f6rme engelli \u00c7iler Kocaman a\u00e7\u0131klamas\u0131n\u0131n sonunda, &#8220;\u00c7e\u015fitli derneklerde y\u00f6neticilik yapt\u0131m, projeler \u00fcrettim ve daha hala kafamda bir tak\u0131m projeler \u00fcretebiliyorum, i\u015fte daha \u00e7ok neler yapabilirim, daha \u00e7ok neleri g\u00f6sterebilirim, ya da i\u015fte insanlarla daha neler anlatabilirim, farkl\u0131l\u0131k projeleri yapmaya \u00e7al\u0131\u015f\u0131yorum. \u0130nsanlar\u0131n engellilere, engelli gibi de\u011fil de kendileri gibi normal bireymi\u015f gibi g\u00f6rmelerini diliyorum&#8221; dedi.<\/p>\n","protected":false},"excerpt":{"rendered":"<p>Bilecik\u2019te ya\u015fayan g\u00f6rme engelli 3 \u00e7ocuk annesi \u00c7iler ailesine destek olmak i\u00e7in sosyal hayata kat\u0131lmay\u0131 tercih etti. Engeli onu durduramayan \u00c7iler yapt\u0131\u011f\u0131 el i\u015fi \u00f6rg\u00fclerle herkesin takdirini kazan\u0131yor.<\/p>\n","protected":false},"author":5,"featured_media":186794,"comment_status":"closed","ping_status":"closed","sticky":false,"template":"","format":"standard","meta":{"rank_math_lock_modified_date":false,"footnotes":""},"categories":[2149],"tags":[2887,23676,23677,3455],"class_list":["post-186791","post","type-post","status-publish","format-standard","has-post-thumbnail","hentry","category-guclu-kadin","tag-bilecik","tag-ciler","tag-gorme-engelli-kadin","tag-guclu-kadin"],"_links":{"self":[{"href":"https:\/\/www.tgrthaber.com\/mavikadin\/wp-json\/wp\/v2\/posts\/186791"}],"collection":[{"href":"https:\/\/www.tgrthaber.com\/mavikadin\/wp-json\/wp\/v2\/posts"}],"about":[{"href":"https:\/\/www.tgrthaber.com\/mavikadin\/wp-json\/wp\/v2\/types\/post"}],"author":[{"embeddable":true,"href":"https:\/\/www.tgrthaber.com\/mavikadin\/wp-json\/wp\/v2\/users\/5"}],"replies":[{"embeddable":true,"href":"https:\/\/www.tgrthaber.com\/mavikadin\/wp-json\/wp\/v2\/comments?post=186791"}],"version-history":[{"count":2,"href":"https:\/\/www.tgrthaber.com\/mavikadin\/wp-json\/wp\/v2\/posts\/186791\/revisions"}],"predecessor-version":[{"id":186797,"href":"https:\/\/www.tgrthaber.com\/mavikadin\/wp-json\/wp\/v2\/posts\/186791\/revisions\/186797"}],"wp:featuredmedia":[{"embeddable":true,"href":"https:\/\/www.tgrthaber.com\/mavikadin\/wp-json\/wp\/v2\/media\/186794"}],"wp:attachment":[{"href":"https:\/\/www.tgrthaber.com\/mavikadin\/wp-json\/wp\/v2\/media?parent=186791"}],"wp:term":[{"taxonomy":"category","embeddable":true,"href":"https:\/\/www.tgrthaber.com\/mavikadin\/wp-json\/wp\/v2\/categories?post=186791"},{"taxonomy":"post_tag","embeddable":true,"href":"https:\/\/www.tgrthaber.com\/mavikadin\/wp-json\/wp\/v2\/tags?post=186791"}],"curies":[{"name":"wp","href":"https:\/\/api.w.org\/{rel}","templated":true}]}}