{"id":186839,"date":"2025-06-03T19:20:39","date_gmt":"2025-06-03T16:20:39","guid":{"rendered":"https:\/\/www.tgrthaber.com\/mavikadin\/?p=186839"},"modified":"2025-06-03T19:20:39","modified_gmt":"2025-06-03T16:20:39","slug":"gunes-kremi-mi-cilt-temizligi-mi-estetik-uzmanlari-acikladi","status":"publish","type":"post","link":"https:\/\/www.tgrthaber.com\/mavikadin\/gunes-kremi-mi-cilt-temizligi-mi-estetik-uzmanlari-acikladi\/","title":{"rendered":"G\u00fcne\u015f kremi mi cilt temizli\u011fi mi? Estetik uzmanlar\u0131 a\u00e7\u0131klad\u0131!"},"content":{"rendered":"<p>Cilt sa\u011fl\u0131\u011f\u0131na dair do\u011fru bilinen yanl\u0131\u015flar her ge\u00e7en g\u00fcn biraz daha art\u0131yor. \u00d6zellikle sosyal medyada s\u0131k\u00e7a kar\u015f\u0131la\u015f\u0131lan g\u00fczellik rutinleri aras\u0131nda en \u00e7ok kafa kar\u0131\u015ft\u0131ran konulardan biri de bu: G\u00fcne\u015f kremi mi daha \u00f6nemli, yoksa d\u00fczenli cilt temizli\u011fi mi? Estetik uzmanlar\u0131n\u0131n cevab\u0131 ise net! \u0130kisi de vazge\u00e7ilmez ancak \u00f6ncelik s\u0131ralamas\u0131 ki\u015fiye g\u00f6re de\u011fi\u015fiyor. Peki dermatoloji uzmanlar\u0131 bu konuda ne diyor, g\u00fcne\u015f kremi mi yoksa cilt temizli\u011f mi, cilt sa\u011fl\u0131\u011f\u0131 i\u00e7in olmazsa olmaz? \u0130\u015fte bilimsel temellere dayal\u0131, cilt bak\u0131m\u0131na dair ezber bozan de\u011ferlendirmeler\u2026<\/p>\n<h3>C\u0130LT TEM\u0130ZL\u0130\u011e\u0130 C\u0130LD\u0130N TEMEL\u0130D\u0130R<\/h3>\n<p>Estetik dermatoloji alan\u0131nda uzmanla\u015fm\u0131\u015f doktorlara g\u00f6re, sa\u011fl\u0131kl\u0131 bir cildin ilk ad\u0131m\u0131 her zaman do\u011fru temizlikle ba\u015fl\u0131yor.<\/p>\n<p><img loading=\"lazy\" decoding=\"async\" class=\"alignnone wp-image-186844\" src=\"https:\/\/www.tgrthaber.com\/mavikadin\/wp-content\/uploads\/cilt-temizligi-300x200.webp\" alt=\"\" width=\"1208\" height=\"805\" title=\"\" srcset=\"https:\/\/www.tgrthaber.com\/mavikadin\/wp-content\/uploads\/cilt-temizligi-300x200.webp 300w, https:\/\/www.tgrthaber.com\/mavikadin\/wp-content\/uploads\/cilt-temizligi.webp 480w\" sizes=\"(max-width: 1208px) 100vw, 1208px\" \/><\/p>\n<hr \/>\n<p>G\u00fcn i\u00e7inde cilt y\u00fczeyinde biriken kir, sebum, makyaj kal\u0131nt\u0131lar\u0131 ve hava kirlili\u011fi gibi d\u0131\u015f etkenler, g\u00f6zeneklerin t\u0131kanmas\u0131na neden olabiliyor. Temizlenmeyen bir cilt \u00fczerine s\u00fcr\u00fclen en pahal\u0131 g\u00fcne\u015f kremi bile yeterince etkili olmuyor.<\/p>\n<p>Uzmanlar, sabah ve ak\u015fam olmak \u00fczere g\u00fcnde iki kez cilt tipine uygun bir temizleyiciyle yap\u0131lan bak\u0131m\u0131n, cildin genel g\u00f6r\u00fcn\u00fcm\u00fcn\u00fc iyile\u015ftirdi\u011fini ve zamanla olu\u015fabilecek sivilce, siyah nokta gibi sorunlar\u0131 b\u00fcy\u00fck \u00f6l\u00e7\u00fcde engelledi\u011fini vurguluyor.<\/p>\n<p><img loading=\"lazy\" decoding=\"async\" class=\"alignnone wp-image-186846\" src=\"https:\/\/www.tgrthaber.com\/mavikadin\/wp-content\/uploads\/gunes-kremi-300x165.webp\" alt=\"\" width=\"1208\" height=\"663\" title=\"\" srcset=\"https:\/\/www.tgrthaber.com\/mavikadin\/wp-content\/uploads\/gunes-kremi-300x165.webp 300w, https:\/\/www.tgrthaber.com\/mavikadin\/wp-content\/uploads\/gunes-kremi-768x422.webp 768w, https:\/\/www.tgrthaber.com\/mavikadin\/wp-content\/uploads\/gunes-kremi.webp 869w\" sizes=\"(max-width: 1208px) 100vw, 1208px\" \/><\/p>\n<hr \/>\n<h3>G\u00dcNE\u015e KREM\u0130 M\u0130 C\u0130LT TEM\u0130ZL\u0130\u011e\u0130 M\u0130? ESTET\u0130K UZMANLARI CEVAPLADI<\/h3>\n<p>S\u0131kl\u0131kla kar\u015f\u0131la\u015f\u0131lan bu soruya verilen cevap, asl\u0131nda birbirini tamamlayan bir d\u00f6ng\u00fcye i\u015faret ediyor. Uzmanlara g\u00f6re, cilt temizli\u011fi olmadan yap\u0131lan g\u00fcne\u015f korumas\u0131 eksik kal\u0131yor. Ancak ayn\u0131 \u015fekilde g\u00fcne\u015ften koruyucu olmadan yap\u0131lan temizlik de cildi d\u0131\u015f etkenlere kar\u015f\u0131 savunmas\u0131z b\u0131rak\u0131yor.<\/p>\n<p>\u00d6zellikle ultraviyole \u0131\u015f\u0131nlar\u0131n\u0131n cilt ya\u015flanmas\u0131, lekelenme ve kanser gibi ciddi sonu\u00e7lara yol a\u00e7abilece\u011fini hat\u0131rlatan estetik uzmanlar\u0131, g\u00fcne\u015f kremi kullan\u0131m\u0131n\u0131n d\u00f6rt mevsim boyunca al\u0131\u015fkanl\u0131k haline getirilmesini \u00f6neriyor. SPF 30 ve \u00fczeri \u00fcr\u00fcnlerin sabah uyguland\u0131ktan sonra g\u00fcn i\u00e7inde tazelenmesi gerekti\u011fi de \u00f6nemli bir detay olarak payla\u015f\u0131l\u0131yor.<\/p>\n<p><img loading=\"lazy\" decoding=\"async\" class=\"alignnone wp-image-186847\" src=\"https:\/\/www.tgrthaber.com\/mavikadin\/wp-content\/uploads\/gunes-kremi-1280x868-1-300x203.webp\" alt=\"\" width=\"1208\" height=\"819\" title=\"\" srcset=\"https:\/\/www.tgrthaber.com\/mavikadin\/wp-content\/uploads\/gunes-kremi-1280x868-1-300x203.webp 300w, https:\/\/www.tgrthaber.com\/mavikadin\/wp-content\/uploads\/gunes-kremi-1280x868-1-1024x694.webp 1024w, https:\/\/www.tgrthaber.com\/mavikadin\/wp-content\/uploads\/gunes-kremi-1280x868-1-768x521.webp 768w, https:\/\/www.tgrthaber.com\/mavikadin\/wp-content\/uploads\/gunes-kremi-1280x868-1.webp 1280w\" sizes=\"(max-width: 1208px) 100vw, 1208px\" \/><\/p>\n<hr \/>\n<h3>C\u0130LT T\u0130P\u0130NE G\u00d6RE BAKIM RUT\u0130N\u0130 OLU\u015eTURULMALI<\/h3>\n<p>Her bireyin cilt yap\u0131s\u0131 farkl\u0131 oldu\u011fu i\u00e7in bak\u0131m ad\u0131mlar\u0131 da ki\u015fisel olmal\u0131. Ya\u011fl\u0131 ciltlerde fazla temizlik tahri\u015fe neden olabilirken, kuru ciltlerde yetersiz nemlendirme cildi daha da hassas hale getirebiliyor. Uzmanlar, ki\u015fisel bak\u0131m rutini olu\u015fturulurken dermatolojik analiz yapt\u0131rman\u0131n uzun vadede en do\u011fru sonu\u00e7lar\u0131 verdi\u011fini ifade ediyor.<\/p>\n<p>Ayr\u0131ca, sabahlar\u0131 hafif bir temizleyiciyle cildi ar\u0131nd\u0131r\u0131p ard\u0131ndan g\u00fcne\u015f kremi uygulamak, gece ise daha derinlemesine bir temizlik ve onar\u0131c\u0131 \u00fcr\u00fcnlerle cildi desteklemek ideal bir denge sa\u011fl\u0131yor.<\/p>\n<p><img loading=\"lazy\" decoding=\"async\" class=\"alignnone wp-image-186849\" src=\"https:\/\/www.tgrthaber.com\/mavikadin\/wp-content\/uploads\/cilt-temizligi-nasil-yapilir-300x171.webp\" alt=\"\" width=\"1208\" height=\"690\" title=\"\" srcset=\"https:\/\/www.tgrthaber.com\/mavikadin\/wp-content\/uploads\/cilt-temizligi-nasil-yapilir-300x171.webp 300w, https:\/\/www.tgrthaber.com\/mavikadin\/wp-content\/uploads\/cilt-temizligi-nasil-yapilir.webp 480w\" sizes=\"(max-width: 1208px) 100vw, 1208px\" \/><\/p>\n<hr \/>\n<p>G\u00fcne\u015f kremi ve cilt temizli\u011fi birbirinin alternatifi de\u011fil, tamamlay\u0131c\u0131s\u0131. Estetik uzmanlar\u0131n\u0131n ortak g\u00f6r\u00fc\u015f\u00fcne g\u00f6re, sa\u011fl\u0131kl\u0131 ve \u0131\u015f\u0131lt\u0131l\u0131 bir cilt i\u00e7in temizlik ve koruma ad\u0131mlar\u0131 bir arada d\u00fc\u015f\u00fcn\u00fclmeli. Do\u011fru \u00fcr\u00fcnler, d\u00fczenli uygulama ve ki\u015fisel bak\u0131m rutiniyle, cilt sa\u011fl\u0131\u011f\u0131 uzun vadede korunabilir.<\/p>\n","protected":false},"excerpt":{"rendered":"<p>Sabah kalkar kalkmaz aynaya bak\u0131p cildinizdeki donukluk ya da ton farkl\u0131l\u0131klar\u0131n\u0131 fark etti\u011finiz oldu mu? \u0130\u015fte tam da bu noktada, g\u00fcnl\u00fck bak\u0131mda hangi ad\u0131m\u0131n daha \u00f6ncelikli oldu\u011fu sorusu g\u00fcndeme geliyor: G\u00fcne\u015f kremi mi cilt temizli\u011fi mi? \u0130\u015fte estetik uzmanlar\u0131n\u0131n bu konudaki a\u00e7\u0131klamalar\u0131&#8230;<\/p>\n","protected":false},"author":35,"featured_media":186852,"comment_status":"closed","ping_status":"closed","sticky":false,"template":"","format":"standard","meta":{"rank_math_lock_modified_date":false,"footnotes":""},"categories":[95],"tags":[3836,23696,98,106,23697],"class_list":["post-186839","post","type-post","status-publish","format-standard","has-post-thumbnail","hentry","category-guzellik","tag-cilt-bakimi","tag-cilt-temizligi","tag-gunes-kremi","tag-guzellik","tag-saglikli-cilt"],"_links":{"self":[{"href":"https:\/\/www.tgrthaber.com\/mavikadin\/wp-json\/wp\/v2\/posts\/186839"}],"collection":[{"href":"https:\/\/www.tgrthaber.com\/mavikadin\/wp-json\/wp\/v2\/posts"}],"about":[{"href":"https:\/\/www.tgrthaber.com\/mavikadin\/wp-json\/wp\/v2\/types\/post"}],"author":[{"embeddable":true,"href":"https:\/\/www.tgrthaber.com\/mavikadin\/wp-json\/wp\/v2\/users\/35"}],"replies":[{"embeddable":true,"href":"https:\/\/www.tgrthaber.com\/mavikadin\/wp-json\/wp\/v2\/comments?post=186839"}],"version-history":[{"count":1,"href":"https:\/\/www.tgrthaber.com\/mavikadin\/wp-json\/wp\/v2\/posts\/186839\/revisions"}],"predecessor-version":[{"id":186853,"href":"https:\/\/www.tgrthaber.com\/mavikadin\/wp-json\/wp\/v2\/posts\/186839\/revisions\/186853"}],"wp:featuredmedia":[{"embeddable":true,"href":"https:\/\/www.tgrthaber.com\/mavikadin\/wp-json\/wp\/v2\/media\/186852"}],"wp:attachment":[{"href":"https:\/\/www.tgrthaber.com\/mavikadin\/wp-json\/wp\/v2\/media?parent=186839"}],"wp:term":[{"taxonomy":"category","embeddable":true,"href":"https:\/\/www.tgrthaber.com\/mavikadin\/wp-json\/wp\/v2\/categories?post=186839"},{"taxonomy":"post_tag","embeddable":true,"href":"https:\/\/www.tgrthaber.com\/mavikadin\/wp-json\/wp\/v2\/tags?post=186839"}],"curies":[{"name":"wp","href":"https:\/\/api.w.org\/{rel}","templated":true}]}}