{"id":186857,"date":"2025-06-03T19:53:53","date_gmt":"2025-06-03T16:53:53","guid":{"rendered":"https:\/\/www.tgrthaber.com\/mavikadin\/?p=186857"},"modified":"2025-06-03T19:53:53","modified_gmt":"2025-06-03T16:53:53","slug":"zuhal-topalla-yemekteyiz-rabiye-polat-kimdir-kac-yasinda-bazlamalariyla-dikkat-cekti","status":"publish","type":"post","link":"https:\/\/www.tgrthaber.com\/mavikadin\/zuhal-topalla-yemekteyiz-rabiye-polat-kimdir-kac-yasinda-bazlamalariyla-dikkat-cekti\/","title":{"rendered":"Zuhal Topal&#8217;la Yemekteyiz Rabiye Polat kimdir ka\u00e7 ya\u015f\u0131nda? Bazlamalar\u0131yla dikkat \u00e7ekti"},"content":{"rendered":"<p>Yemek yar\u0131\u015fmalar\u0131n\u0131n sevilen y\u00fcz\u00fc haline gelen Zuhal Topal\u2019la Yemekteyiz, her hafta oldu\u011fu gibi bu hafta da renkli isimlerle ekranlara geliyor. 2-6 Haziran haftas\u0131n\u0131n ikinci g\u00fcn\u00fcnde mutfa\u011fa giren isim ise 57 ya\u015f\u0131ndaki Rabiye Polat oldu. G\u00fcler y\u00fcz\u00fc, y\u00f6resel sunumlar\u0131 ve samimi anlat\u0131m\u0131yla dikkatleri \u00fczerine \u00e7eken Polat, k\u0131sa s\u00fcrede izleyicilerin ilgisini \u00e7ekmeyi ba\u015fard\u0131. Evinde haz\u0131rlad\u0131\u011f\u0131 bazlamalarla ge\u00e7imini sa\u011flayan, \u015eanl\u0131urfa do\u011fumlu yar\u0131\u015fmac\u0131, yar\u0131\u015fmadaki iddias\u0131yla da \u00f6ne \u00e7\u0131kt\u0131. Peki Rabiye Polat kimdir, nerelidir, ne i\u015f yapar? \u0130\u015fte Yemekteyiz Rabiye Han\u0131m hakk\u0131nda merak edilen detaylar&#8230;<\/p>\n<h3>RAB\u0130YE POLAT K\u0130MD\u0130R?<\/h3>\n<p>Zuhal Topal\u2019la Yemekteyiz\u2019in bu haftaki yar\u0131\u015fmac\u0131lar\u0131ndan biri olan Rabiye Polat, 57 ya\u015f\u0131nda ve 3 \u00e7ocuk annesi. \u015eanl\u0131urfa k\u00f6kenli olan Polat, uzun y\u0131llard\u0131r evde bazlama yap\u0131p satarak hem ailesine destek oluyor hem de y\u00f6resel tatlar\u0131 ya\u015fatmaya devam ediyor.<\/p>\n<p><img loading=\"lazy\" decoding=\"async\" class=\"alignnone wp-image-186861\" src=\"https:\/\/www.tgrthaber.com\/mavikadin\/wp-content\/uploads\/zuhal-topalla-yemekteyiz-rabiye-polatin-menusunde-neler-var-300x169.webp\" alt=\"\" width=\"1208\" height=\"680\" title=\"\" srcset=\"https:\/\/www.tgrthaber.com\/mavikadin\/wp-content\/uploads\/zuhal-topalla-yemekteyiz-rabiye-polatin-menusunde-neler-var-300x169.webp 300w, https:\/\/www.tgrthaber.com\/mavikadin\/wp-content\/uploads\/zuhal-topalla-yemekteyiz-rabiye-polatin-menusunde-neler-var-1024x576.webp 1024w, https:\/\/www.tgrthaber.com\/mavikadin\/wp-content\/uploads\/zuhal-topalla-yemekteyiz-rabiye-polatin-menusunde-neler-var-768x432.webp 768w, https:\/\/www.tgrthaber.com\/mavikadin\/wp-content\/uploads\/zuhal-topalla-yemekteyiz-rabiye-polatin-menusunde-neler-var.webp 1280w\" sizes=\"(max-width: 1208px) 100vw, 1208px\" \/><\/p>\n<hr \/>\n<p>Yar\u0131\u015fmada s\u0131k s\u0131k \u201celi lezzetli\u201d ifadesiyle \u00f6ne \u00e7\u0131kan Polat, sadece mutfaktaki maharetiyle de\u011fil, s\u0131cak tav\u0131rlar\u0131yla da izleyicilerden tam not ald\u0131. 57 ya\u015f\u0131nda olan yar\u0131\u015fmac\u0131, ev ekonomisine katk\u0131da bulunmak i\u00e7in evde yapt\u0131\u011f\u0131 geleneksel \u00fcr\u00fcnleri satarak ge\u00e7imini s\u00fcrd\u00fcr\u00fcyor.<\/p>\n<p><img loading=\"lazy\" decoding=\"async\" class=\"alignnone wp-image-186863\" src=\"https:\/\/www.tgrthaber.com\/mavikadin\/wp-content\/uploads\/Ekran-goruntusu-2025-06-03-194408-300x137.png\" alt=\"\" width=\"1208\" height=\"550\" title=\"\" srcset=\"https:\/\/www.tgrthaber.com\/mavikadin\/wp-content\/uploads\/Ekran-goruntusu-2025-06-03-194408-300x137.png 300w, https:\/\/www.tgrthaber.com\/mavikadin\/wp-content\/uploads\/Ekran-goruntusu-2025-06-03-194408-1024x466.png 1024w, https:\/\/www.tgrthaber.com\/mavikadin\/wp-content\/uploads\/Ekran-goruntusu-2025-06-03-194408-768x350.png 768w, https:\/\/www.tgrthaber.com\/mavikadin\/wp-content\/uploads\/Ekran-goruntusu-2025-06-03-194408.png 1219w\" sizes=\"(max-width: 1208px) 100vw, 1208px\" \/><\/p>\n<hr \/>\n<h3>Y\u00d6RESEL MUTFAKTAK\u0130 G\u00dcC\u00dcYLE \u0130DD\u0130ALI<\/h3>\n<p>Rabiye Polat yar\u0131\u015fmaya \u015eanl\u0131urfa mutfa\u011f\u0131n\u0131n zenginli\u011fini yans\u0131tmak amac\u0131yla kat\u0131ld\u0131\u011f\u0131n\u0131 dile getiriyor. Ev yap\u0131m\u0131 hamur i\u015fleri, etli yemekler ve geleneksel sunumlar konusunda kendine g\u00fcvenen yar\u0131\u015fmac\u0131n\u0131n performans\u0131 ise hafta boyunca merakla takip edilicek gibi duruyor.<\/p>\n<p><img loading=\"lazy\" decoding=\"async\" class=\"alignnone wp-image-186864\" src=\"https:\/\/www.tgrthaber.com\/mavikadin\/wp-content\/uploads\/Ekran-goruntusu-2025-06-03-194500-300x138.png\" alt=\"\" width=\"1208\" height=\"557\" title=\"\" srcset=\"https:\/\/www.tgrthaber.com\/mavikadin\/wp-content\/uploads\/Ekran-goruntusu-2025-06-03-194500-300x138.png 300w, https:\/\/www.tgrthaber.com\/mavikadin\/wp-content\/uploads\/Ekran-goruntusu-2025-06-03-194500-1024x472.png 1024w, https:\/\/www.tgrthaber.com\/mavikadin\/wp-content\/uploads\/Ekran-goruntusu-2025-06-03-194500-768x354.png 768w, https:\/\/www.tgrthaber.com\/mavikadin\/wp-content\/uploads\/Ekran-goruntusu-2025-06-03-194500.png 1349w\" sizes=\"(max-width: 1208px) 100vw, 1208px\" \/><\/p>\n<hr \/>\n<h3>150 B\u0130N TL \u00d6D\u00dcL HER HAFTA B\u0130R YARI\u015eMACININ OLUYOR<\/h3>\n<p>TV8\u2019in hafta i\u00e7i her g\u00fcn izleyiciyle bulu\u015fturdu\u011fu Zuhal Topal\u2019la Yemekteyiz, yemek yapmay\u0131 seven ve iddial\u0131 yar\u0131\u015fmac\u0131lar\u0131yla dikkat \u00e7ekmeye devam ediyor. Her hafta be\u015f farkl\u0131 yar\u0131\u015fmac\u0131, haftan\u0131n be\u015f g\u00fcn\u00fcne da\u011f\u0131larak s\u0131rayla mutfa\u011fa giriyor.<\/p>\n<p>Yar\u0131\u015fman\u0131n sunuculu\u011funu \u00fcstlenen Zuhal Topal ise yaln\u0131zca yemeklerin tad\u0131na bakmakla kalm\u0131yor, sunumdan sofra d\u00fczenine, ev sahibinin misafirperverli\u011finden masa ba\u015f\u0131ndaki tav\u0131rlar\u0131na kadar pek \u00e7ok detay\u0131 de\u011ferlendiriyor. G\u00fcn sonunda yar\u0131\u015fmac\u0131lar birbirlerine puan veriyor, Zuhal Topal da yorumlar\u0131yla birlikte puanlamaya katk\u0131da bulunuyor.<\/p>\n<p><img loading=\"lazy\" decoding=\"async\" class=\"alignnone wp-image-186865\" src=\"https:\/\/www.tgrthaber.com\/mavikadin\/wp-content\/uploads\/Ekran-goruntusu-2025-06-03-194316-300x140.png\" alt=\"\" width=\"1208\" height=\"565\" title=\"\" srcset=\"https:\/\/www.tgrthaber.com\/mavikadin\/wp-content\/uploads\/Ekran-goruntusu-2025-06-03-194316-300x140.png 300w, https:\/\/www.tgrthaber.com\/mavikadin\/wp-content\/uploads\/Ekran-goruntusu-2025-06-03-194316-1024x479.png 1024w, https:\/\/www.tgrthaber.com\/mavikadin\/wp-content\/uploads\/Ekran-goruntusu-2025-06-03-194316-768x359.png 768w, https:\/\/www.tgrthaber.com\/mavikadin\/wp-content\/uploads\/Ekran-goruntusu-2025-06-03-194316.png 1364w\" sizes=\"(max-width: 1208px) 100vw, 1208px\" \/><\/p>\n<hr \/>\n<p>Hafta boyunca verilen t\u00fcm puanlar Cuma g\u00fcn\u00fc toplan\u0131yor. Haftan\u0131n finalinde en fazla puan\u0131 toplayan yar\u0131\u015fmac\u0131, yaln\u0131zca lezzetiyle de\u011fil ayn\u0131 zamanda sunumu, enerjisi ve ev sahipli\u011fiyle de \u00f6ne \u00e7\u0131kmay\u0131 ba\u015faran ki\u015fi oluyor. Kazanan yar\u0131\u015fmac\u0131 ise b\u00fcy\u00fck \u00f6d\u00fcl olan 150.000 TL&#8217;nin sahibi olarak haftay\u0131 zirvede kapat\u0131yor.<\/p>\n","protected":false},"excerpt":{"rendered":"<p>TV8\u2019in sevilen program\u0131 Zuhal Topal\u2019la Yemekteyize bu hafta damga vuran isimlerden biri de Rabiye Polat oldu. Samimi tav\u0131rlar\u0131, g\u00fc\u00e7l\u00fc sesi ve iddial\u0131 men\u00fcs\u00fcyle dikkat \u00e7eken Polat, k\u0131sa s\u00fcrede izleyicilerin ilgisini \u00fczerine \u00e7ekmeyi ba\u015fard\u0131. Peki, Rabiye Polat aslen nereli, ka\u00e7 ya\u015f\u0131nda ve ne i\u015f yap\u0131yor? Detaylarda \u00f6\u011frenelim&#8230;<\/p>\n","protected":false},"author":35,"featured_media":186866,"comment_status":"closed","ping_status":"closed","sticky":false,"template":"","format":"standard","meta":{"rank_math_lock_modified_date":false,"footnotes":""},"categories":[491],"tags":[3374,8465,23607,23698,8464],"class_list":["post-186857","post","type-post","status-publish","format-standard","has-post-thumbnail","hentry","category-biyografi","tag-biyografi","tag-yemekteyiz","tag-yemekteyiz-2-6-haziran","tag-yemekteyiz-rabiye-polat","tag-zuhal-topal"],"_links":{"self":[{"href":"https:\/\/www.tgrthaber.com\/mavikadin\/wp-json\/wp\/v2\/posts\/186857"}],"collection":[{"href":"https:\/\/www.tgrthaber.com\/mavikadin\/wp-json\/wp\/v2\/posts"}],"about":[{"href":"https:\/\/www.tgrthaber.com\/mavikadin\/wp-json\/wp\/v2\/types\/post"}],"author":[{"embeddable":true,"href":"https:\/\/www.tgrthaber.com\/mavikadin\/wp-json\/wp\/v2\/users\/35"}],"replies":[{"embeddable":true,"href":"https:\/\/www.tgrthaber.com\/mavikadin\/wp-json\/wp\/v2\/comments?post=186857"}],"version-history":[{"count":2,"href":"https:\/\/www.tgrthaber.com\/mavikadin\/wp-json\/wp\/v2\/posts\/186857\/revisions"}],"predecessor-version":[{"id":186869,"href":"https:\/\/www.tgrthaber.com\/mavikadin\/wp-json\/wp\/v2\/posts\/186857\/revisions\/186869"}],"wp:featuredmedia":[{"embeddable":true,"href":"https:\/\/www.tgrthaber.com\/mavikadin\/wp-json\/wp\/v2\/media\/186866"}],"wp:attachment":[{"href":"https:\/\/www.tgrthaber.com\/mavikadin\/wp-json\/wp\/v2\/media?parent=186857"}],"wp:term":[{"taxonomy":"category","embeddable":true,"href":"https:\/\/www.tgrthaber.com\/mavikadin\/wp-json\/wp\/v2\/categories?post=186857"},{"taxonomy":"post_tag","embeddable":true,"href":"https:\/\/www.tgrthaber.com\/mavikadin\/wp-json\/wp\/v2\/tags?post=186857"}],"curies":[{"name":"wp","href":"https:\/\/api.w.org\/{rel}","templated":true}]}}