{"id":186893,"date":"2025-06-03T21:39:50","date_gmt":"2025-06-03T18:39:50","guid":{"rendered":"https:\/\/www.tgrthaber.com\/mavikadin\/?p=186893"},"modified":"2025-06-03T21:39:50","modified_gmt":"2025-06-03T18:39:50","slug":"victoria-beckhamdan-gelinine-sok-hamle-nicola-peltz-dugunde-gozyaslarina-bogulmus","status":"publish","type":"post","link":"https:\/\/www.tgrthaber.com\/mavikadin\/victoria-beckhamdan-gelinine-sok-hamle-nicola-peltz-dugunde-gozyaslarina-bogulmus\/","title":{"rendered":"Victoria Beckham\u2019dan gelinine \u015fok hamle! Nicola Peltz d\u00fc\u011f\u00fcnde g\u00f6zya\u015flar\u0131na bo\u011fulmu\u015f"},"content":{"rendered":"<p>Yeni bir evlili\u011fin ilk dans\u0131 ne kadar unutulmazsa, bir anda gelen beklenmedik bir m\u00fcdahale de o kadar ak\u0131lda kal\u0131c\u0131 olabilir. Beckham ve Peltz aileleri aras\u0131ndaki gerginlik, 2022\u2019deki g\u00f6steri\u015fli d\u00fc\u011f\u00fcn gecesinde ya\u015fanan dikkat \u00e7ekici bir olayla daha da g\u00f6r\u00fcn\u00fcr hale gelmi\u015fti. \u015eimdi ise o geceye dair iddialar, yeniden magazin d\u00fcnyas\u0131n\u0131n g\u00fcndeminde.<\/p>\n<h3>NICOLA PELTZ D\u00dc\u011e\u00dcNDE G\u00d6ZYA\u015eLARINA BO\u011eULMU\u015e<\/h3>\n<p>Brooklyn Beckham ve Nicola Peltz\u2019in Florida\u2019daki l\u00fcks d\u00fc\u011f\u00fcnleri \u00fczerinden y\u0131llar ge\u00e7se de, aile i\u00e7indeki baz\u0131 anlar hala konu\u015fulmaya devam ediyor. PEOPLE dergisine konu\u015fan ve Peltz ailesine yak\u0131n oldu\u011fu belirtilen bir kaynak, d\u00fc\u011f\u00fcn gecesindeki sahne de\u011fi\u015fimini \u201ckriz an\u0131\u201d olarak nitelendirdi.<\/p>\n<p><img loading=\"lazy\" decoding=\"async\" class=\"alignnone wp-image-186919\" src=\"https:\/\/www.tgrthaber.com\/mavikadin\/wp-content\/uploads\/images-5-4.jpeg\" alt=\"\" width=\"1208\" height=\"804\" title=\"\"><\/p>\n<hr \/>\n<p>\u0130ddiaya g\u00f6re, \u00e7ift romantik danslar\u0131n\u0131 yapmaya haz\u0131rlan\u0131rken sahneye \u00e7\u0131kan \u00fcnl\u00fc \u015fark\u0131c\u0131 Marc Anthony, mikrofonu al\u0131p Victoria Beckham\u2019\u0131 \u201cBu gecenin en g\u00fczel kad\u0131n\u0131!\u201d diyerek piste davet etti. O an Victoria&#8217;n\u0131n, o\u011flu Brooklyn ile dans etmeye ba\u015flamas\u0131, davetliler aras\u0131nda \u015fa\u015fk\u0131nl\u0131\u011fa neden olurken, gelin Nicola Peltz&#8217;in g\u00f6zya\u015flar\u0131n\u0131 tutamayarak mekan\u0131 terk etti\u011fi \u00f6ne s\u00fcr\u00fcld\u00fc.<\/p>\n<p><img loading=\"lazy\" decoding=\"async\" class=\"alignnone wp-image-186920\" src=\"https:\/\/www.tgrthaber.com\/mavikadin\/wp-content\/uploads\/brooklyn-beckham-ve-nicola-peltz-bes-yillik-iliskisinin-iki-yilini-evlilikle-kutladi-36281-300x169.jpg\" alt=\"\" width=\"1208\" height=\"680\" title=\"\" srcset=\"https:\/\/www.tgrthaber.com\/mavikadin\/wp-content\/uploads\/brooklyn-beckham-ve-nicola-peltz-bes-yillik-iliskisinin-iki-yilini-evlilikle-kutladi-36281-300x169.jpg 300w, https:\/\/www.tgrthaber.com\/mavikadin\/wp-content\/uploads\/brooklyn-beckham-ve-nicola-peltz-bes-yillik-iliskisinin-iki-yilini-evlilikle-kutladi-36281.jpg 750w\" sizes=\"(max-width: 1208px) 100vw, 1208px\" \/><\/p>\n<hr \/>\n<h3>VICTORIA BECKHAM\u2019DAN GEL\u0130N\u0130NE \u015eOK HAMLE<\/h3>\n<p>Olay\u0131n yank\u0131s\u0131 bununla s\u0131n\u0131rl\u0131 kalmad\u0131. PEOPLE\u2019a konu\u015fan ba\u015fka bir isim ise, salonda adeta \u201cbuz gibi bir hava\u201d esti\u011fini ve davetlilerin \u015fa\u015fk\u0131nl\u0131ktan ne yapacaklar\u0131n\u0131 bilemedi\u011fini belirtti. Nicola ile Brooklyn\u2019in bu dans\u0131 uzun s\u00fcredir planlad\u0131klar\u0131 ve Victoria Beckham\u2019\u0131n bunu bilmesine ra\u011fmen sahneye \u00e7\u0131kmas\u0131n\u0131n gen\u00e7 kad\u0131n\u0131 derinden \u00fczd\u00fc\u011f\u00fc ifade edildi. Ancak di\u011fer baz\u0131 kaynaklar, olay\u0131n farkl\u0131 bir ba\u011flamda ger\u00e7ekle\u015fti\u011fini savunuyor.<\/p>\n<p><img loading=\"lazy\" decoding=\"async\" class=\"alignnone wp-image-186921\" src=\"https:\/\/www.tgrthaber.com\/mavikadin\/wp-content\/uploads\/0x0-victoria-beckham-da-olsa-kayinvalide-bakin-gelinini-dugununde-nasil-aglatmis-1748945372186-300x200.webp\" alt=\"\" width=\"1208\" height=\"805\" title=\"\" srcset=\"https:\/\/www.tgrthaber.com\/mavikadin\/wp-content\/uploads\/0x0-victoria-beckham-da-olsa-kayinvalide-bakin-gelinini-dugununde-nasil-aglatmis-1748945372186-300x200.webp 300w, https:\/\/www.tgrthaber.com\/mavikadin\/wp-content\/uploads\/0x0-victoria-beckham-da-olsa-kayinvalide-bakin-gelinini-dugununde-nasil-aglatmis-1748945372186.webp 600w\" sizes=\"(max-width: 1208px) 100vw, 1208px\" \/><\/p>\n<hr \/>\n<p>\u0130ddiaya g\u00f6re, \u00e7iftin ilk dans\u0131 gecenin ba\u015f\u0131nda ger\u00e7ekle\u015fmi\u015fti ve Victoria\u2019n\u0131n dansa \u00e7\u0131kt\u0131\u011f\u0131 an, kutlamalar\u0131n daha e\u011flenceli ve rahat seyretti\u011fi bir zamana denk gelmi\u015fti. \u00dcstelik o anlarda sadece Victoria de\u011fil, David Beckham da k\u00fc\u00e7\u00fck k\u0131z\u0131 Harper ile dans ediyordu.<\/p>\n<p><img loading=\"lazy\" decoding=\"async\" class=\"alignnone wp-image-186922\" src=\"https:\/\/www.tgrthaber.com\/mavikadin\/wp-content\/uploads\/s-8bdb967e1d656b0f256f7b387bcb5f1a5d1a38d4-300x171.jpg\" alt=\"\" width=\"1208\" height=\"690\" title=\"\" srcset=\"https:\/\/www.tgrthaber.com\/mavikadin\/wp-content\/uploads\/s-8bdb967e1d656b0f256f7b387bcb5f1a5d1a38d4-300x171.jpg 300w, https:\/\/www.tgrthaber.com\/mavikadin\/wp-content\/uploads\/s-8bdb967e1d656b0f256f7b387bcb5f1a5d1a38d4-1024x585.jpg 1024w, https:\/\/www.tgrthaber.com\/mavikadin\/wp-content\/uploads\/s-8bdb967e1d656b0f256f7b387bcb5f1a5d1a38d4-768x438.jpg 768w, https:\/\/www.tgrthaber.com\/mavikadin\/wp-content\/uploads\/s-8bdb967e1d656b0f256f7b387bcb5f1a5d1a38d4.jpg 1200w\" sizes=\"(max-width: 1208px) 100vw, 1208px\" \/><\/p>\n<hr \/>\n<h3>GER\u0130L\u0130M SADECE D\u00dc\u011e\u00dcNLE SINIRLI DE\u011e\u0130L<\/h3>\n<p>S\u00f6z konusu olay tek ba\u015f\u0131na bir k\u0131r\u0131lma noktas\u0131 olmasa da, Beckham ile Peltz aileleri aras\u0131ndaki mesafenin simgesi haline geldi. \u00c7iftin daha sonra Beckham ailesiyle kurdu\u011fu ili\u015fki, \u00e7o\u011fu zaman mesafeli ve karma\u015f\u0131k olarak tan\u0131mland\u0131. Hatta Mart ay\u0131nda David Beckham\u2019\u0131n 50. ya\u015f g\u00fcn\u00fc partisine Brooklyn ve Nicola&#8217;n\u0131n kat\u0131lmamas\u0131, aradaki so\u011fuklu\u011fun hala devam etti\u011fini d\u00fc\u015f\u00fcnd\u00fcrd\u00fc. Davet edilmelerine ra\u011fmen gitmemeleri, magazin kulislerinde &#8220;bir mesaj&#8221; olarak yorumland\u0131.<\/p>\n<p><img loading=\"lazy\" decoding=\"async\" class=\"alignnone wp-image-186923\" src=\"https:\/\/www.tgrthaber.com\/mavikadin\/wp-content\/uploads\/63bcf4f44e3fe0174859cb99-300x169.webp\" alt=\"\" width=\"1208\" height=\"680\" title=\"\" srcset=\"https:\/\/www.tgrthaber.com\/mavikadin\/wp-content\/uploads\/63bcf4f44e3fe0174859cb99-300x169.webp 300w, https:\/\/www.tgrthaber.com\/mavikadin\/wp-content\/uploads\/63bcf4f44e3fe0174859cb99.webp 750w\" sizes=\"(max-width: 1208px) 100vw, 1208px\" \/><\/p>\n<hr \/>\n<p>Nicola\u2019n\u0131n ailesiyle olan yak\u0131n ili\u015fkisi ise dikkat \u00e7ekici. 2024 y\u0131l\u0131nda verdi\u011fi bir r\u00f6portajda Peltz ailesiyle ba\u011flar\u0131n\u0131 \u201cAilem her \u015feyim\u201d s\u00f6zleriyle tan\u0131mlayan Nicola, Florida\u2019daki aile evine olan \u00f6zlemini ve karde\u015fleriyle ayn\u0131 \u00e7at\u0131 alt\u0131nda vakit ge\u00e7irmenin kendisine iyi geldi\u011fini vurgulam\u0131\u015ft\u0131.<\/p>\n<p>D\u00fc\u011f\u00fcn gecesi ya\u015fanan o dans an\u0131, iki aile aras\u0131nda y\u0131llar s\u00fcren gerginli\u011fin sadece g\u00f6r\u00fcnen k\u0131sm\u0131 olabilir. Brooklyn ile Nicola&#8217;n\u0131n Los Angeles&#8217;taki ya\u015famlar\u0131 ve Peltz ailesiyle olan s\u0131k\u0131 ba\u011flar\u0131 s\u00fcrerken, Beckham cephesiyle kurulan ba\u011flar\u0131n nas\u0131l \u015fekillenece\u011fi ise hala merakla takip ediliyor.<\/p>\n","protected":false},"excerpt":{"rendered":"<p>Victoria Beckham ile gelini Nicola Peltz aras\u0131nda y\u0131llar \u00f6nce ya\u015fanan bir d\u00fc\u011f\u00fcn an\u0131, aile i\u00e7indeki gerginli\u011fi tekrar g\u00fcndeme ta\u015f\u0131d\u0131. Brooklyn Beckham&#8217;\u0131n 2022\u2019de Palm Beach\u2019te yap\u0131lan d\u00fc\u011f\u00fcn\u00fcnde ya\u015fand\u0131\u011f\u0131 \u00f6ne s\u00fcr\u00fclen olay, iki aile aras\u0131ndaki so\u011fuklu\u011fun ba\u015flang\u0131\u00e7 noktalar\u0131ndan biri olarak g\u00f6steriliyor. Konuya ili\u015fkin iddialar, yeniden magazin d\u00fcnyas\u0131n\u0131n dikkatini \u00e7ekti. \u0130\u015fte detaylar&#8230;<\/p>\n","protected":false},"author":35,"featured_media":186918,"comment_status":"closed","ping_status":"closed","sticky":false,"template":"","format":"standard","meta":{"rank_math_lock_modified_date":false,"footnotes":""},"categories":[76],"tags":[23721,23720,133,23719,20081],"class_list":["post-186893","post","type-post","status-publish","format-standard","has-post-thumbnail","hentry","category-magazin","tag-beckham-ailesi","tag-brooklyn-beckham","tag-magazin","tag-nicola-peltz","tag-victoria-beckham"],"_links":{"self":[{"href":"https:\/\/www.tgrthaber.com\/mavikadin\/wp-json\/wp\/v2\/posts\/186893"}],"collection":[{"href":"https:\/\/www.tgrthaber.com\/mavikadin\/wp-json\/wp\/v2\/posts"}],"about":[{"href":"https:\/\/www.tgrthaber.com\/mavikadin\/wp-json\/wp\/v2\/types\/post"}],"author":[{"embeddable":true,"href":"https:\/\/www.tgrthaber.com\/mavikadin\/wp-json\/wp\/v2\/users\/35"}],"replies":[{"embeddable":true,"href":"https:\/\/www.tgrthaber.com\/mavikadin\/wp-json\/wp\/v2\/comments?post=186893"}],"version-history":[{"count":2,"href":"https:\/\/www.tgrthaber.com\/mavikadin\/wp-json\/wp\/v2\/posts\/186893\/revisions"}],"predecessor-version":[{"id":186925,"href":"https:\/\/www.tgrthaber.com\/mavikadin\/wp-json\/wp\/v2\/posts\/186893\/revisions\/186925"}],"wp:featuredmedia":[{"embeddable":true,"href":"https:\/\/www.tgrthaber.com\/mavikadin\/wp-json\/wp\/v2\/media\/186918"}],"wp:attachment":[{"href":"https:\/\/www.tgrthaber.com\/mavikadin\/wp-json\/wp\/v2\/media?parent=186893"}],"wp:term":[{"taxonomy":"category","embeddable":true,"href":"https:\/\/www.tgrthaber.com\/mavikadin\/wp-json\/wp\/v2\/categories?post=186893"},{"taxonomy":"post_tag","embeddable":true,"href":"https:\/\/www.tgrthaber.com\/mavikadin\/wp-json\/wp\/v2\/tags?post=186893"}],"curies":[{"name":"wp","href":"https:\/\/api.w.org\/{rel}","templated":true}]}}