{"id":186934,"date":"2025-06-03T22:24:17","date_gmt":"2025-06-03T19:24:17","guid":{"rendered":"https:\/\/www.tgrthaber.com\/mavikadin\/?p=186934"},"modified":"2025-06-03T22:24:18","modified_gmt":"2025-06-03T19:24:18","slug":"survivor-2025-almeda-baylan-hakaret-mesajlarini-ifsa-etti-dava-aciyor","status":"publish","type":"post","link":"https:\/\/www.tgrthaber.com\/mavikadin\/survivor-2025-almeda-baylan-hakaret-mesajlarini-ifsa-etti-dava-aciyor\/","title":{"rendered":"Survivor 2025 Almeda Baylan hakaret mesajlar\u0131n\u0131 if\u015fa etti dava a\u00e7\u0131yor"},"content":{"rendered":"<p class=\"p1\">Survivor All Star 2025\u2019te diskalifiye edilerek yar\u0131\u015fmaya veda eden Almeda Baylan, \u015fimdi de sosyal medya \u00fczerinden maruz kald\u0131\u011f\u0131 hakaret i\u00e7erikli mesajlarla g\u00fcndeme geldi. Yar\u0131\u015fma s\u00fcrecinde ya\u015fananlar\u0131n ard\u0131ndan dikkat \u00e7eken a\u00e7\u0131klamalarda bulunan Baylan, bu kez hukuki s\u00fcre\u00e7 ba\u015flatt\u0131\u011f\u0131n\u0131 duyurdu. Kendisine gelen hakaret i\u00e7erikli mesajlar\u0131 if\u015fa eden Almeda Baylan \u015fimdilerde dava a\u00e7maya haz\u0131rlan\u0131yor.<\/p>\n<h3>SURV\u0130VOR 2025 ALMEDA BAYLAN HAKARET MESAJLARINI \u0130F\u015eA ETT\u0130 DAVA A\u00c7MAYA HAZIRLANIYOR<\/h3>\n<p class=\"p1\">Yar\u0131\u015fmadan elendikten sonra sosyal medyada daha aktif hale gelen Baylan, kendisine gelen a\u015fa\u011f\u0131lay\u0131c\u0131 mesajlardan birini payla\u015farak, &#8216;Avukat\u0131m ile g\u00f6r\u00fc\u015ft\u00fcm, su\u00e7 duyurusunda bulunaca\u011f\u0131m&#8217; dedi. Payla\u015f\u0131m\u0131nda, &#8216;Ben kimseye kendimi ezdirmem, ezdirmedim de&#8217; ifadelerini kullanan Baylan, hem maddi hem de manevi tazminat talep edece\u011fini belirtti.<\/p>\n<p><img loading=\"lazy\" decoding=\"async\" class=\"alignnone wp-image-186935 size-full\" src=\"https:\/\/www.tgrthaber.com\/mavikadin\/wp-content\/uploads\/Ekran-Resmi-2025-06-03-22.17.40.png\" alt=\"\" width=\"976\" height=\"576\" title=\"\" srcset=\"https:\/\/www.tgrthaber.com\/mavikadin\/wp-content\/uploads\/Ekran-Resmi-2025-06-03-22.17.40.png 976w, https:\/\/www.tgrthaber.com\/mavikadin\/wp-content\/uploads\/Ekran-Resmi-2025-06-03-22.17.40-300x177.png 300w, https:\/\/www.tgrthaber.com\/mavikadin\/wp-content\/uploads\/Ekran-Resmi-2025-06-03-22.17.40-768x453.png 768w\" sizes=\"(max-width: 976px) 100vw, 976px\" \/><\/p>\n<hr \/>\n<h3 class=\"p1\"><b>D\u0130SKAL\u0130F\u0130YE SONRASI G\u00dcNDEM OLMAYA DEVAM ED\u0130YOR<\/b><b><\/b><\/h3>\n<p class=\"p1\">Survivor G\u00f6n\u00fcll\u00fcler tak\u0131m\u0131nda m\u00fccadele eden Almeda Baylan, yar\u0131\u015fma s\u0131ras\u0131nda d\u00f6rt ekip \u00e7al\u0131\u015fan\u0131na \u015fiddet uygulad\u0131\u011f\u0131 gerek\u00e7esiyle Acun Il\u0131cal\u0131 taraf\u0131ndan diskalifiye edilmi\u015fti. Yar\u0131\u015fma s\u00fcrecinde 29 kilo verdi\u011fini s\u00f6yleyen Baylan, \u00f6zellikle Ay\u015fe Y\u00fcksel hakk\u0131nda yapt\u0131\u011f\u0131 a\u00e7\u0131klamayla da dikkat \u00e7ekmi\u015fti. &#8216;Survivor\u2019daki en b\u00fcy\u00fck pi\u015fmanl\u0131\u011f\u0131m Ay\u015fe\u2019ydi. Bizi ispiyonlayan tek isim oydu&#8217; diyerek ya\u015fad\u0131\u011f\u0131 hayal k\u0131r\u0131kl\u0131\u011f\u0131n\u0131 dile getirmi\u015fti.<\/p>\n<p><img loading=\"lazy\" decoding=\"async\" class=\"alignnone wp-image-186936 size-large\" src=\"https:\/\/www.tgrthaber.com\/mavikadin\/wp-content\/uploads\/Ekran-Resmi-2025-06-03-22.17.51-1024x597.png\" alt=\"\" width=\"1024\" height=\"597\" title=\"\" srcset=\"https:\/\/www.tgrthaber.com\/mavikadin\/wp-content\/uploads\/Ekran-Resmi-2025-06-03-22.17.51-1024x597.png 1024w, https:\/\/www.tgrthaber.com\/mavikadin\/wp-content\/uploads\/Ekran-Resmi-2025-06-03-22.17.51-300x175.png 300w, https:\/\/www.tgrthaber.com\/mavikadin\/wp-content\/uploads\/Ekran-Resmi-2025-06-03-22.17.51-768x448.png 768w, https:\/\/www.tgrthaber.com\/mavikadin\/wp-content\/uploads\/Ekran-Resmi-2025-06-03-22.17.51.png 1036w\" sizes=\"(max-width: 1024px) 100vw, 1024px\" \/><\/p>\n<hr \/>\n<p class=\"p1\">Yar\u0131\u015fmadan sonra ge\u00e7irdi\u011fi estetik operasyon ve a\u00e7\u0131klamalar\u0131yla konu\u015fulan Almeda Baylan, \u015fimdi de hukuki ad\u0131m\u0131yla g\u00fcndemde. Payla\u015f\u0131mlar\u0131na gelen destek yorumlar\u0131 kadar, tart\u0131\u015fma olu\u015fturan mesajlar da dikkat \u00e7ekerken, Baylan\u2019\u0131n a\u00e7aca\u011f\u0131 dava s\u00fcrecinin nas\u0131l sonu\u00e7lanaca\u011f\u0131 merakla bekleniyor.<\/p>\n<h3>SURV\u0130VOR 2025 ALMEDA BAYLAN K\u0130MD\u0130R?<\/h3>\n<p class=\"p1\">Survivor All Star 2025 sezonuyla ad\u0131n\u0131 duyuran Almeda Baylan, sporla i\u00e7 i\u00e7e ge\u00e7en ya\u015fam tarz\u0131 ve dikkat \u00e7eken duru\u015fuyla izleyicilerin ilgisini \u00e7ekmeyi ba\u015fard\u0131. Osmaniye do\u011fumlu olan Baylan, \u00f6zellikle y\u00fczme ve dal\u0131\u015f sporlar\u0131na olan ilgisiyle biliniyor. Do\u011fayla uyumlu ya\u015fam tarz\u0131 ve aktif yap\u0131s\u0131yla yar\u0131\u015fmada fark olu\u015fturan isimler aras\u0131nda g\u00f6sterildi.<\/p>\n<p><img loading=\"lazy\" decoding=\"async\" class=\"alignnone wp-image-186937 size-full\" src=\"https:\/\/www.tgrthaber.com\/mavikadin\/wp-content\/uploads\/Ekran-Resmi-2025-06-03-22.17.58.png\" alt=\"\" width=\"982\" height=\"534\" title=\"\" srcset=\"https:\/\/www.tgrthaber.com\/mavikadin\/wp-content\/uploads\/Ekran-Resmi-2025-06-03-22.17.58.png 982w, https:\/\/www.tgrthaber.com\/mavikadin\/wp-content\/uploads\/Ekran-Resmi-2025-06-03-22.17.58-300x163.png 300w, https:\/\/www.tgrthaber.com\/mavikadin\/wp-content\/uploads\/Ekran-Resmi-2025-06-03-22.17.58-768x418.png 768w\" sizes=\"(max-width: 982px) 100vw, 982px\" \/><\/p>\n<hr \/>\n<p class=\"p1\">Survivor 2025\u2019e yedek kadrodan dahil olan Almeda Baylan, k\u0131sa s\u00fcrede g\u00f6sterdi\u011fi performansla ana kadroya ge\u00e7i\u015f yapt\u0131. Yar\u0131\u015fma boyunca sergiledi\u011fi m\u00fccadeleci tav\u0131r ve iddial\u0131 karakteriyle s\u0131k s\u0131k g\u00fcndeme geldi. Ancak yar\u0131\u015fma s\u00fcreci sadece parkurlarla s\u0131n\u0131rl\u0131 kalmad\u0131, ya\u015fad\u0131\u011f\u0131 diskalifiye s\u00fcreci ve sonras\u0131ndaki a\u00e7\u0131klamalar\u0131 da \u00e7ok konu\u015fuldu.<\/p>\n<p><img loading=\"lazy\" decoding=\"async\" class=\"alignnone wp-image-186938 size-large\" src=\"https:\/\/www.tgrthaber.com\/mavikadin\/wp-content\/uploads\/Ekran-Resmi-2025-06-03-22.19.31-1024x574.png\" alt=\"\" width=\"1024\" height=\"574\" title=\"\" srcset=\"https:\/\/www.tgrthaber.com\/mavikadin\/wp-content\/uploads\/Ekran-Resmi-2025-06-03-22.19.31-1024x574.png 1024w, https:\/\/www.tgrthaber.com\/mavikadin\/wp-content\/uploads\/Ekran-Resmi-2025-06-03-22.19.31-300x168.png 300w, https:\/\/www.tgrthaber.com\/mavikadin\/wp-content\/uploads\/Ekran-Resmi-2025-06-03-22.19.31-768x431.png 768w, https:\/\/www.tgrthaber.com\/mavikadin\/wp-content\/uploads\/Ekran-Resmi-2025-06-03-22.19.31.png 1038w\" sizes=\"(max-width: 1024px) 100vw, 1024px\" \/><\/p>\n<hr \/>\n<p class=\"p1\">Sosyal medyada \u00e7ok aktif olmayan Baylan, yine de belirli bir takip\u00e7i kitlesine sahip. Instagram\u2019da @almedabaylan kullan\u0131c\u0131 ad\u0131yla yer alan yar\u0131\u015fmac\u0131n\u0131n yakla\u015f\u0131k 161 bin takip\u00e7isi bulunuyor. Yar\u0131\u015fma sonras\u0131 yapt\u0131\u011f\u0131 dikkat \u00e7ekici payla\u015f\u0131mlar ve kendisine y\u00f6neltilen yorumlara verdi\u011fi net tepkilerle takip\u00e7i say\u0131s\u0131nda da art\u0131\u015f g\u00f6zlemlendi.<\/p>\n","protected":false},"excerpt":{"rendered":"<p>Survivor All Star 2025\u2019ten diskalifiye edilen Almeda Baylan, bu kez sosyal medya \u00fczerinden ald\u0131\u011f\u0131 hakaret mesajlar\u0131yla g\u00fcndemde. Ya\u015fad\u0131\u011f\u0131 s\u00fcrece sessiz kalmayan Baylan, gelen a\u011f\u0131r ithamlar\u0131 if\u015fa etti ve yasal s\u00fcreci ba\u015flatt\u0131\u011f\u0131n\u0131 a\u00e7\u0131klad\u0131. \u015eimdi dava a\u00e7mak i\u00e7in haz\u0131rl\u0131k yap\u0131yor. \u0130\u015fte detaylar\u2026 <\/p>\n","protected":false},"author":16,"featured_media":186942,"comment_status":"closed","ping_status":"closed","sticky":false,"template":"","format":"standard","meta":{"rank_math_lock_modified_date":false,"footnotes":""},"categories":[76],"tags":[133,2218,23724,14833,23723],"class_list":["post-186934","post","type-post","status-publish","format-standard","has-post-thumbnail","hentry","category-magazin","tag-magazin","tag-magazin-haberleri","tag-survivor-2025-almeda-baylan-hakaret-davasi","tag-survivor-2025-almeda-baylan-kimdir","tag-survivor-2025-almeda-hakaret-mesajlari-ifsa"],"_links":{"self":[{"href":"https:\/\/www.tgrthaber.com\/mavikadin\/wp-json\/wp\/v2\/posts\/186934"}],"collection":[{"href":"https:\/\/www.tgrthaber.com\/mavikadin\/wp-json\/wp\/v2\/posts"}],"about":[{"href":"https:\/\/www.tgrthaber.com\/mavikadin\/wp-json\/wp\/v2\/types\/post"}],"author":[{"embeddable":true,"href":"https:\/\/www.tgrthaber.com\/mavikadin\/wp-json\/wp\/v2\/users\/16"}],"replies":[{"embeddable":true,"href":"https:\/\/www.tgrthaber.com\/mavikadin\/wp-json\/wp\/v2\/comments?post=186934"}],"version-history":[{"count":1,"href":"https:\/\/www.tgrthaber.com\/mavikadin\/wp-json\/wp\/v2\/posts\/186934\/revisions"}],"predecessor-version":[{"id":186943,"href":"https:\/\/www.tgrthaber.com\/mavikadin\/wp-json\/wp\/v2\/posts\/186934\/revisions\/186943"}],"wp:featuredmedia":[{"embeddable":true,"href":"https:\/\/www.tgrthaber.com\/mavikadin\/wp-json\/wp\/v2\/media\/186942"}],"wp:attachment":[{"href":"https:\/\/www.tgrthaber.com\/mavikadin\/wp-json\/wp\/v2\/media?parent=186934"}],"wp:term":[{"taxonomy":"category","embeddable":true,"href":"https:\/\/www.tgrthaber.com\/mavikadin\/wp-json\/wp\/v2\/categories?post=186934"},{"taxonomy":"post_tag","embeddable":true,"href":"https:\/\/www.tgrthaber.com\/mavikadin\/wp-json\/wp\/v2\/tags?post=186934"}],"curies":[{"name":"wp","href":"https:\/\/api.w.org\/{rel}","templated":true}]}}