{"id":186968,"date":"2025-06-04T00:01:01","date_gmt":"2025-06-03T21:01:01","guid":{"rendered":"https:\/\/www.tgrthaber.com\/mavikadin\/?p=186968"},"modified":"2025-06-05T10:11:13","modified_gmt":"2025-06-05T07:11:13","slug":"jason-statham-ailesiyle-yeniden-antalyada-tatil-pozlarina-yorum-yagdi","status":"publish","type":"post","link":"https:\/\/www.tgrthaber.com\/mavikadin\/jason-statham-ailesiyle-yeniden-antalyada-tatil-pozlarina-yorum-yagdi\/","title":{"rendered":"Jason Statham ailesiyle yeniden Antalya\u2019da! Tatil pozlar\u0131na yorum ya\u011fd\u0131"},"content":{"rendered":"<p>Aksiyon filmlerinin vazge\u00e7ilmez ismi Jason Statham, T\u00fcrkiye tutkusunu bir kez daha g\u00f6sterdi. Ge\u00e7ti\u011fimiz g\u00fcnlerde Antalya&#8217;n\u0131n Serik il\u00e7esinde ailesiyle birlikte tatil yapt\u0131\u011f\u0131 ortaya \u00e7\u0131kan \u0130ngiliz oyuncu, sosyal medyada yapt\u0131\u011f\u0131 payla\u015f\u0131mlarla T\u00fcrkiye sevgisini yeniden g\u00fcndeme ta\u015f\u0131d\u0131. Ailesiyle birlikte Antalya&#8217;ya gelen Jason Statham&#8217;\u0131n payla\u015ft\u0131\u011f\u0131 tatil pozlar\u0131, T\u00fcrk hayranlar\u0131 taraf\u0131ndan be\u011feni ya\u011fmuruna tutuldu. \u0130\u015fte o kareler&#8230;<\/p>\n<h3>JASON STATHAM A\u0130LES\u0130YLE YEN\u0130DEN ANTALYA\u2019DA<\/h3>\n<p>Daha \u00f6nce 2023 y\u0131l\u0131nda &#8216;Servet Operasyonu&#8217; filminin \u00e7ekimleri i\u00e7in iki ay boyunca Antalya&#8217;da bulunan Jason Statham, bu defa set de\u011fil sahil havas\u0131 i\u00e7in T\u00fcrkiye&#8217;yi tercih etti.<\/p>\n<p><img loading=\"lazy\" decoding=\"async\" class=\"alignnone wp-image-186976\" src=\"https:\/\/www.tgrthaber.com\/mavikadin\/wp-content\/uploads\/Adsiz-tasarim-6-25-300x169.png\" alt=\"\" width=\"1208\" height=\"680\" title=\"\" srcset=\"https:\/\/www.tgrthaber.com\/mavikadin\/wp-content\/uploads\/Adsiz-tasarim-6-25-300x169.png 300w, https:\/\/www.tgrthaber.com\/mavikadin\/wp-content\/uploads\/Adsiz-tasarim-6-25-1024x576.png 1024w, https:\/\/www.tgrthaber.com\/mavikadin\/wp-content\/uploads\/Adsiz-tasarim-6-25-768x432.png 768w, https:\/\/www.tgrthaber.com\/mavikadin\/wp-content\/uploads\/Adsiz-tasarim-6-25-1536x864.png 1536w, https:\/\/www.tgrthaber.com\/mavikadin\/wp-content\/uploads\/Adsiz-tasarim-6-25.png 1920w\" sizes=\"(max-width: 1208px) 100vw, 1208px\" \/><\/p>\n<hr \/>\n<p>Ailesiyle birlikte Serik\u2019te bir haftal\u0131k tatil yapan \u00fcnl\u00fc isim, sosyal medya hesab\u0131ndan \u201cGeri d\u00f6nmek harika. Bu yeri seviyoruz\u201d notuyla payla\u015ft\u0131\u011f\u0131 foto\u011fraflar sayesinde milyonlarca takip\u00e7isini Antalya manzaralar\u0131yla bulu\u015fturdu. Takip\u00e7ileri, y\u0131ld\u0131z oyuncunun yeniden T\u00fcrkiye\u2019yi tercih etmesine \u00f6vg\u00fcler ya\u011fd\u0131rd\u0131.<\/p>\n<p><img loading=\"lazy\" decoding=\"async\" class=\"alignnone wp-image-186977\" src=\"https:\/\/www.tgrthaber.com\/mavikadin\/wp-content\/uploads\/Adsiz-tasarim-9-20-300x169.png\" alt=\"\" width=\"1208\" height=\"680\" title=\"\" srcset=\"https:\/\/www.tgrthaber.com\/mavikadin\/wp-content\/uploads\/Adsiz-tasarim-9-20-300x169.png 300w, https:\/\/www.tgrthaber.com\/mavikadin\/wp-content\/uploads\/Adsiz-tasarim-9-20-1024x576.png 1024w, https:\/\/www.tgrthaber.com\/mavikadin\/wp-content\/uploads\/Adsiz-tasarim-9-20-768x432.png 768w, https:\/\/www.tgrthaber.com\/mavikadin\/wp-content\/uploads\/Adsiz-tasarim-9-20-1536x864.png 1536w, https:\/\/www.tgrthaber.com\/mavikadin\/wp-content\/uploads\/Adsiz-tasarim-9-20.png 1920w\" sizes=\"(max-width: 1208px) 100vw, 1208px\" \/><\/p>\n<hr \/>\n<h3>T\u00dcRK\u0130YE\u2019YE HAYRANLI\u011eINI H\u0130\u00c7 G\u0130ZLEMED\u0130<\/h3>\n<p>Jason Statham, T\u00fcrkiye\u2019ye olan ilgisini yaln\u0131zca tatil tercihleriyle de\u011fil, a\u00e7\u0131klamalar\u0131yla da s\u0131k s\u0131k ortaya koyuyor. 2023 y\u0131l\u0131nda yapt\u0131\u011f\u0131 bir r\u00f6portajda, \u201cAntalya inan\u0131lmaz bir yer. Buray\u0131 \u00e7ok sevdik, her f\u0131rsatta gelmek istiyoruz\u201d s\u00f6zleriyle hayranl\u0131\u011f\u0131n\u0131 dile getirmi\u015fti. Bu a\u00e7\u0131klamas\u0131n\u0131n ard\u0131ndan yeniden Antalya\u2019da tatil yapmas\u0131, s\u00f6zlerinin bir tesad\u00fcf olmad\u0131\u011f\u0131n\u0131 g\u00f6sterdi.<\/p>\n<p><img loading=\"lazy\" decoding=\"async\" class=\"alignnone wp-image-186978\" src=\"https:\/\/www.tgrthaber.com\/mavikadin\/wp-content\/uploads\/jason-statham-1-300x166.webp\" alt=\"\" width=\"1208\" height=\"668\" title=\"\" srcset=\"https:\/\/www.tgrthaber.com\/mavikadin\/wp-content\/uploads\/jason-statham-1-300x166.webp 300w, https:\/\/www.tgrthaber.com\/mavikadin\/wp-content\/uploads\/jason-statham-1.webp 750w\" sizes=\"(max-width: 1208px) 100vw, 1208px\" \/><\/p>\n<hr \/>\n<h3>ROSIE HUNTINGTON-WHITELEY DE E\u015eL\u0130K ETT\u0130<\/h3>\n<p>Statham\u2019\u0131n yan\u0131nda, 2010 y\u0131l\u0131ndan bu yana birlikte oldu\u011fu d\u00fcnyaca \u00fcnl\u00fc model e\u015fi Rosie Huntington-Whiteley de vard\u0131.<\/p>\n<p>\u00c7iftin biri k\u0131z biri erkek olmak \u00fczere iki \u00e7ocuklar\u0131 bulunuyor. Yo\u011fun i\u015f temposuna k\u0131sa bir ara veren \u00e7ift, \u00e7ocuklar\u0131yla birlikte Antalya sahillerinde do\u011fan\u0131n ve g\u00fcne\u015fin tad\u0131n\u0131 \u00e7\u0131kard\u0131. Daha \u00f6nce T\u00fcrkiye hakk\u0131nda \u201cBu \u00fclkeye a\u015f\u0131k olduk, ger\u00e7ekten muazzam bir yer\u201d diyen Rosie Huntington-Whiteley\u2019in de yeniden Antalya\u2019ya gelmi\u015f olmas\u0131, \u00e7iftin T\u00fcrkiye\u2019ye duydu\u011fu be\u011feninin sadece s\u00f6zde kalmad\u0131\u011f\u0131n\u0131 g\u00f6sterdi.<\/p>\n<p><img loading=\"lazy\" decoding=\"async\" class=\"alignnone wp-image-186979\" src=\"https:\/\/www.tgrthaber.com\/mavikadin\/wp-content\/uploads\/Adsiz-tasarim-6-26-300x169.png\" alt=\"\" width=\"1208\" height=\"680\" title=\"\" srcset=\"https:\/\/www.tgrthaber.com\/mavikadin\/wp-content\/uploads\/Adsiz-tasarim-6-26-300x169.png 300w, https:\/\/www.tgrthaber.com\/mavikadin\/wp-content\/uploads\/Adsiz-tasarim-6-26-1024x576.png 1024w, https:\/\/www.tgrthaber.com\/mavikadin\/wp-content\/uploads\/Adsiz-tasarim-6-26-768x432.png 768w, https:\/\/www.tgrthaber.com\/mavikadin\/wp-content\/uploads\/Adsiz-tasarim-6-26-1536x864.png 1536w, https:\/\/www.tgrthaber.com\/mavikadin\/wp-content\/uploads\/Adsiz-tasarim-6-26.png 1920w\" sizes=\"(max-width: 1208px) 100vw, 1208px\" \/><\/p>\n<hr \/>\n<h3>TAT\u0130L POZLARINA YORUM YA\u011eDI<\/h3>\n<p>Jason Statham&#8217;\u0131n 42 milyon takip\u00e7ili sosyal medya hesab\u0131ndan yapt\u0131\u011f\u0131 T\u00fcrkiye payla\u015f\u0131mlar\u0131, \u00f6zellikle T\u00fcrk kullan\u0131c\u0131lar taraf\u0131ndan yo\u011fun ilgi g\u00f6rd\u00fc. Antalya\u2019dan kareler payla\u015fan oyuncuya binlerce yorum geldi.<\/p>\n<p>Takip\u00e7ileri \u201cYine bekleriz\u201d, \u201cAntalya seninle gurur duyuyor\u201d gibi ifadelerle memnuniyetini dile getirdi. \u00dcnl\u00fc \u00e7iftin payla\u015ft\u0131\u011f\u0131 kareler, k\u0131sa s\u00fcrede hem T\u00fcrkiye\u2019de hem de uluslararas\u0131 magazin sayfalar\u0131nda yank\u0131 buldu.<\/p>\n<p><img loading=\"lazy\" decoding=\"async\" class=\"alignnone wp-image-186980\" src=\"https:\/\/www.tgrthaber.com\/mavikadin\/wp-content\/uploads\/jason-statham-yeniden-antalyada-bu-yeri-seviyoruz-begeni-ye-yorum-yagdi-17489595975161_3-300x217.jpg\" alt=\"\" width=\"1208\" height=\"874\" title=\"\" srcset=\"https:\/\/www.tgrthaber.com\/mavikadin\/wp-content\/uploads\/jason-statham-yeniden-antalyada-bu-yeri-seviyoruz-begeni-ye-yorum-yagdi-17489595975161_3-300x217.jpg 300w, https:\/\/www.tgrthaber.com\/mavikadin\/wp-content\/uploads\/jason-statham-yeniden-antalyada-bu-yeri-seviyoruz-begeni-ye-yorum-yagdi-17489595975161_3-1024x741.jpg 1024w, https:\/\/www.tgrthaber.com\/mavikadin\/wp-content\/uploads\/jason-statham-yeniden-antalyada-bu-yeri-seviyoruz-begeni-ye-yorum-yagdi-17489595975161_3-768x555.jpg 768w, https:\/\/www.tgrthaber.com\/mavikadin\/wp-content\/uploads\/jason-statham-yeniden-antalyada-bu-yeri-seviyoruz-begeni-ye-yorum-yagdi-17489595975161_3.jpg 1080w\" sizes=\"(max-width: 1208px) 100vw, 1208px\" \/><\/p>\n<hr \/>\n<h3>G\u00d6ZLER B\u0130R SONRAK\u0130 T\u00dcRK\u0130YE Z\u0130YARET\u0130NDE<\/h3>\n<p>T\u00fcrkiye\u2019ye olan ilgisini her f\u0131rsatta g\u00f6steren Jason Statham\u2019\u0131n bu tatili, oyuncunun \u00fclkemize olan ba\u011f\u0131n\u0131 daha da peki\u015ftirdi. Gerek do\u011fal g\u00fczellikleri gerekse misafirperverli\u011fiyle T\u00fcrkiye, y\u0131ld\u0131z ismi ve ailesini bir kez daha kendine \u00e7ekmeyi ba\u015fard\u0131. \u015eimdi g\u00f6zler, Statham ailesinin bir sonraki T\u00fcrkiye ziyaretinde\u2026<\/p>\n","protected":false},"excerpt":{"rendered":"<p>Hollywood\u2019un y\u0131ld\u0131z ismi Jason Statham, T\u00fcrkiye sevdas\u0131ndan vazge\u00e7miyor. Ailesiyle birlikte yeniden Antalya\u2019y\u0131 tercih eden \u00fcnl\u00fc oyuncunun sosyal medyada payla\u015ft\u0131\u011f\u0131 tatil kareleri b\u00fcy\u00fck ilgi g\u00f6rd\u00fc ve k\u0131sa s\u00fcrede binlerce be\u011feni al\u0131p, yorum ya\u011fmuruna tutuldu. \u0130\u015fte Jason Statham&#8217;\u0131n Antalya payla\u015f\u0131mlar\u0131&#8230;<\/p>\n","protected":false},"author":35,"featured_media":186975,"comment_status":"closed","ping_status":"closed","sticky":false,"template":"","format":"standard","meta":{"rank_math_lock_modified_date":false,"footnotes":""},"categories":[76],"tags":[23737,23735,23736,133,23738],"class_list":["post-186968","post","type-post","status-publish","format-standard","has-post-thumbnail","hentry","category-magazin","tag-ingiliz-oyuncu","tag-jason-statham","tag-jason-statham-antalya-pozu","tag-magazin","tag-rosie-huntington-whiteley"],"_links":{"self":[{"href":"https:\/\/www.tgrthaber.com\/mavikadin\/wp-json\/wp\/v2\/posts\/186968"}],"collection":[{"href":"https:\/\/www.tgrthaber.com\/mavikadin\/wp-json\/wp\/v2\/posts"}],"about":[{"href":"https:\/\/www.tgrthaber.com\/mavikadin\/wp-json\/wp\/v2\/types\/post"}],"author":[{"embeddable":true,"href":"https:\/\/www.tgrthaber.com\/mavikadin\/wp-json\/wp\/v2\/users\/35"}],"replies":[{"embeddable":true,"href":"https:\/\/www.tgrthaber.com\/mavikadin\/wp-json\/wp\/v2\/comments?post=186968"}],"version-history":[{"count":1,"href":"https:\/\/www.tgrthaber.com\/mavikadin\/wp-json\/wp\/v2\/posts\/186968\/revisions"}],"predecessor-version":[{"id":186981,"href":"https:\/\/www.tgrthaber.com\/mavikadin\/wp-json\/wp\/v2\/posts\/186968\/revisions\/186981"}],"wp:featuredmedia":[{"embeddable":true,"href":"https:\/\/www.tgrthaber.com\/mavikadin\/wp-json\/wp\/v2\/media\/186975"}],"wp:attachment":[{"href":"https:\/\/www.tgrthaber.com\/mavikadin\/wp-json\/wp\/v2\/media?parent=186968"}],"wp:term":[{"taxonomy":"category","embeddable":true,"href":"https:\/\/www.tgrthaber.com\/mavikadin\/wp-json\/wp\/v2\/categories?post=186968"},{"taxonomy":"post_tag","embeddable":true,"href":"https:\/\/www.tgrthaber.com\/mavikadin\/wp-json\/wp\/v2\/tags?post=186968"}],"curies":[{"name":"wp","href":"https:\/\/api.w.org\/{rel}","templated":true}]}}