{"id":186989,"date":"2025-06-04T00:46:39","date_gmt":"2025-06-03T21:46:39","guid":{"rendered":"https:\/\/www.tgrthaber.com\/mavikadin\/?p=186989"},"modified":"2025-06-05T10:10:39","modified_gmt":"2025-06-05T07:10:39","slug":"prens-harryden-dikkat-ceken-adim-annesi-prenses-diananin-soyadini-almak-istiyor","status":"publish","type":"post","link":"https:\/\/www.tgrthaber.com\/mavikadin\/prens-harryden-dikkat-ceken-adim-annesi-prenses-diananin-soyadini-almak-istiyor\/","title":{"rendered":"Prens Harry&#8217;den dikkat \u00e7eken ad\u0131m! Annesi Prenses Diana&#8217;n\u0131n soyad\u0131n\u0131 almak istiyor"},"content":{"rendered":"<p>Kraliyet ailesinden ayr\u0131ld\u0131ktan sonra bir\u00e7ok konuda tart\u0131\u015fmalar\u0131n oda\u011f\u0131nda yer alan Prens Harry, bu kez soyad\u0131yla g\u00fcndemde. E\u015fi Meghan Markle ve \u00e7ocuklar\u0131yla birlikte ABD&#8217;de ya\u015fam\u0131n\u0131 s\u00fcrd\u00fcren Harry&#8217;nin, annesi Prenses Diana&#8217;n\u0131n soyad\u0131n\u0131 ta\u015f\u0131may\u0131 d\u00fc\u015f\u00fcnd\u00fc\u011f\u00fc \u00f6ne s\u00fcr\u00fcld\u00fc. \u0130\u015fte detaylar&#8230;<\/p>\n<h3>PRENS HARRY ANNES\u0130 PRENSES D\u0130ANA&#8217;NIN SOYADINI ALMAK \u0130ST\u0130YOR<\/h3>\n<p>Prens Harry&#8217;nin, annesinin ailesine ait olan &#8216;Spencer&#8217; soyad\u0131n\u0131 kullanmak i\u00e7in harekete ge\u00e7ti\u011fi iddia edildi. Bu konuyu, annesinin erkek karde\u015fi Charles Spencer\u2019la \u0130ngiltere\u2019ye yapt\u0131\u011f\u0131 son ziyarette masaya yat\u0131rd\u0131\u011f\u0131 konu\u015fuluyor. Ancak bu iste\u011fin yasal zeminde ciddi engellere tak\u0131labilece\u011fi de gelen bilgiler aras\u0131nda.<\/p>\n<p><img loading=\"lazy\" decoding=\"async\" class=\"alignnone wp-image-186991\" src=\"https:\/\/www.tgrthaber.com\/mavikadin\/wp-content\/uploads\/tasarimsu-31-37-300x169.webp\" alt=\"\" width=\"1208\" height=\"680\" title=\"\" srcset=\"https:\/\/www.tgrthaber.com\/mavikadin\/wp-content\/uploads\/tasarimsu-31-37-300x169.webp 300w, https:\/\/www.tgrthaber.com\/mavikadin\/wp-content\/uploads\/tasarimsu-31-37-1024x576.webp 1024w, https:\/\/www.tgrthaber.com\/mavikadin\/wp-content\/uploads\/tasarimsu-31-37-768x432.webp 768w, https:\/\/www.tgrthaber.com\/mavikadin\/wp-content\/uploads\/tasarimsu-31-37.webp 1280w\" sizes=\"(max-width: 1208px) 100vw, 1208px\" \/><\/p>\n<hr \/>\n<p>Sussex D\u00fck\u00fc unvan\u0131n\u0131 ta\u015f\u0131yan Harry ve e\u015fi Meghan Markle, \u015fu anda ailece &#8216;Sussex&#8217; soyad\u0131n\u0131 tercih ediyor. Ancak \u00e7ocuklar\u0131 Prens Archie ve Prenses Lilibet\u2019in do\u011fum belgelerinde resmi soyadlar\u0131 &#8216;Mountbatten-Windsor&#8217; olarak yer al\u0131yor.<\/p>\n<p>Bu soyad, Krali\u00e7e Elizabeth ile Prens Philip\u2019in soy ba\u011f\u0131ndan geliyor. \u00d6zellikle Prens Philip\u2019in \u0130ngiliz vatanda\u015fl\u0131\u011f\u0131na ge\u00e7ti\u011fi d\u00f6nemde benimsedi\u011fi &#8216;Mountbatten&#8217; ismi, 1960\u2019ta torunlar\u0131 i\u00e7in resmi soyad haline getirilmi\u015fti.<\/p>\n<p><img loading=\"lazy\" decoding=\"async\" class=\"alignnone wp-image-186992\" src=\"https:\/\/www.tgrthaber.com\/mavikadin\/wp-content\/uploads\/sdgsfsd-300x200.jpg\" alt=\"\" width=\"1208\" height=\"805\" title=\"\" srcset=\"https:\/\/www.tgrthaber.com\/mavikadin\/wp-content\/uploads\/sdgsfsd-300x200.jpg 300w, https:\/\/www.tgrthaber.com\/mavikadin\/wp-content\/uploads\/sdgsfsd.jpg 768w\" sizes=\"(max-width: 1208px) 100vw, 1208px\" \/><\/p>\n<hr \/>\n<h3>DAYISI SPENCER SOYADINA KAR\u015eI \u00c7IKTI<\/h3>\n<p>\u0130ngiliz bas\u0131n\u0131na g\u00f6re, Harry\u2019nin soyad\u0131n\u0131 de\u011fi\u015ftirme fikrine ailesi pek s\u0131cak bakmad\u0131. Day\u0131s\u0131 Charles Spencer ile yapt\u0131\u011f\u0131 \u00f6zel g\u00f6r\u00fc\u015fmede, bu ad\u0131m\u0131n hukuki ve sembolik anlamda ciddi sonu\u00e7lar do\u011furabilece\u011fi ifade edildi. \u0130ddialara g\u00f6re Spencer, ye\u011fenine bu konuda acele karar vermemesi y\u00f6n\u00fcnde telkinde bulundu.<\/p>\n<p><img loading=\"lazy\" decoding=\"async\" class=\"alignnone wp-image-186993\" src=\"https:\/\/www.tgrthaber.com\/mavikadin\/wp-content\/uploads\/king-charles-prince-harry-204f81f445af47eb8bbbdf21e24a9604-1024x768-1-300x225.jpg\" alt=\"\" width=\"1208\" height=\"906\" title=\"\" srcset=\"https:\/\/www.tgrthaber.com\/mavikadin\/wp-content\/uploads\/king-charles-prince-harry-204f81f445af47eb8bbbdf21e24a9604-1024x768-1-300x225.jpg 300w, https:\/\/www.tgrthaber.com\/mavikadin\/wp-content\/uploads\/king-charles-prince-harry-204f81f445af47eb8bbbdf21e24a9604-1024x768-1-768x576.jpg 768w, https:\/\/www.tgrthaber.com\/mavikadin\/wp-content\/uploads\/king-charles-prince-harry-204f81f445af47eb8bbbdf21e24a9604-1024x768-1.jpg 1024w\" sizes=\"(max-width: 1208px) 100vw, 1208px\" \/><\/p>\n<hr \/>\n<h3>KARAR KRAL CHARLES\u2019A MESAJ MI?<\/h3>\n<p>Harry\u2019nin bu iste\u011finin, Kral Charles ile aras\u0131ndaki k\u0131rg\u0131nl\u0131\u011f\u0131n bir yans\u0131mas\u0131 oldu\u011fu da kulislerde konu\u015fuluyor. Mountbatten ismine \u00f6zel bir anlam y\u00fckleyen Kral Charles\u2019\u0131n, o\u011flunun bu soyad\u0131 terk etme arzusunu ki\u015fisel bir sitem olarak g\u00f6rebilece\u011fi yorumlar\u0131 yap\u0131l\u0131yor. \u00d6zellikle Harry&#8217;nin 2020 y\u0131l\u0131nda kraliyet g\u00f6revlerinden \u00e7ekilmesi ve ailesiyle birlikte ABD\u2019ye ta\u015f\u0131nmas\u0131n\u0131n ard\u0131ndan baba-o\u011ful ili\u015fkilerinin ciddi bi\u00e7imde zedelendi\u011fi biliniyor.<\/p>\n<p><img loading=\"lazy\" decoding=\"async\" class=\"alignnone wp-image-186994\" src=\"https:\/\/www.tgrthaber.com\/mavikadin\/wp-content\/uploads\/6324288c4e3fe026e0c822ea-300x169.webp\" alt=\"\" width=\"1208\" height=\"680\" title=\"\" srcset=\"https:\/\/www.tgrthaber.com\/mavikadin\/wp-content\/uploads\/6324288c4e3fe026e0c822ea-300x169.webp 300w, https:\/\/www.tgrthaber.com\/mavikadin\/wp-content\/uploads\/6324288c4e3fe026e0c822ea.webp 750w\" sizes=\"(max-width: 1208px) 100vw, 1208px\" \/><\/p>\n<hr \/>\n<p>Harry ile Kral Charles aras\u0131nda s\u00fcregelen so\u011fuklu\u011fun merkezinde ise g\u00fcvenlik meselesi yer al\u0131yor. Harry, \u0130ngiltere\u2019de devletin sa\u011flad\u0131\u011f\u0131 koruman\u0131n elinden al\u0131nmas\u0131n\u0131 b\u00fcy\u00fck bir sorun olarak g\u00f6r\u00fcyor. Bir BBC r\u00f6portaj\u0131nda bu durumu dile getiren Prens, g\u00fcvenlik garantisi olmadan ailesiyle birlikte \u0130ngiltere\u2019ye d\u00f6nmeyi hayal bile edemedi\u011fini a\u00e7\u0131k\u00e7a s\u00f6ylemi\u015fti.<\/p>\n<p><img loading=\"lazy\" decoding=\"async\" class=\"alignnone wp-image-186995\" src=\"https:\/\/www.tgrthaber.com\/mavikadin\/wp-content\/uploads\/AtcIKmERRUeZD80YZWGdYg-300x170.webp\" alt=\"\" width=\"1208\" height=\"685\" title=\"\" srcset=\"https:\/\/www.tgrthaber.com\/mavikadin\/wp-content\/uploads\/AtcIKmERRUeZD80YZWGdYg-300x170.webp 300w, https:\/\/www.tgrthaber.com\/mavikadin\/wp-content\/uploads\/AtcIKmERRUeZD80YZWGdYg-768x436.webp 768w, https:\/\/www.tgrthaber.com\/mavikadin\/wp-content\/uploads\/AtcIKmERRUeZD80YZWGdYg.webp 952w\" sizes=\"(max-width: 1208px) 100vw, 1208px\" \/><\/p>\n<hr \/>\n<h3>\u201cSUSSEX SOYADI B\u0130ZE A\u0130T\u201d<\/h3>\n<p>\u00d6te yandan Meghan Markle, ge\u00e7mi\u015fte verdi\u011fi bir r\u00f6portajda \u201cSussex\u201d soyad\u0131n\u0131n ailesi i\u00e7in ne kadar \u00f6zel bir anlam ta\u015f\u0131d\u0131\u011f\u0131n\u0131 ifade etmi\u015fti. Markle, \u201c\u00c7ocuk sahibi olduktan sonra bu ismin bizim i\u00e7in ne kadar de\u011ferli oldu\u011funu daha iyi anlad\u0131m\u201d diyerek ailece payla\u015ft\u0131klar\u0131 bu ortak soyad\u0131n kendisini duygusal olarak besledi\u011fini anlatm\u0131\u015ft\u0131.<\/p>\n<p>Harry\u2019nin Spencer soyad\u0131n\u0131 al\u0131p almayaca\u011f\u0131 hen\u00fcz netlik kazanmasa da, bu geli\u015fme kraliyet ailesi i\u00e7indeki k\u0131r\u0131lgan dengelerin bir kez daha g\u00fcndeme ta\u015f\u0131nmas\u0131na neden oldu.<\/p>\n","protected":false},"excerpt":{"rendered":"<p>Kraliyet unvanlar\u0131n\u0131 geride b\u0131rak\u0131p ailesiyle birlikte yeni bir hayat kuran Prens Harry, \u015fimdi de soyad\u0131n\u0131 de\u011fi\u015ftirmeyi g\u00fcndemine ald\u0131. Annesi Diana\u2019yla ba\u011f\u0131n\u0131 daha derin bir \u015fekilde ya\u015fatmak isteyen Harry\u2019nin, \u201cSpencer\u201d soyad\u0131n\u0131 almak istedi\u011fi kulislerde konu\u015fuluyor. Bu iddia, kraliyet \u00e7evrelerinde yeni bir tart\u0131\u015fman\u0131n fitilini ate\u015fledi. <\/p>\n","protected":false},"author":35,"featured_media":186990,"comment_status":"closed","ping_status":"closed","sticky":false,"template":"","format":"standard","meta":{"rank_math_lock_modified_date":false,"footnotes":""},"categories":[76],"tags":[133,16298,23741,19363,23742],"class_list":["post-186989","post","type-post","status-publish","format-standard","has-post-thumbnail","hentry","category-magazin","tag-magazin","tag-prens-harry","tag-prens-harry-soyadi","tag-prenses-diana","tag-spencer-soyadi"],"_links":{"self":[{"href":"https:\/\/www.tgrthaber.com\/mavikadin\/wp-json\/wp\/v2\/posts\/186989"}],"collection":[{"href":"https:\/\/www.tgrthaber.com\/mavikadin\/wp-json\/wp\/v2\/posts"}],"about":[{"href":"https:\/\/www.tgrthaber.com\/mavikadin\/wp-json\/wp\/v2\/types\/post"}],"author":[{"embeddable":true,"href":"https:\/\/www.tgrthaber.com\/mavikadin\/wp-json\/wp\/v2\/users\/35"}],"replies":[{"embeddable":true,"href":"https:\/\/www.tgrthaber.com\/mavikadin\/wp-json\/wp\/v2\/comments?post=186989"}],"version-history":[{"count":2,"href":"https:\/\/www.tgrthaber.com\/mavikadin\/wp-json\/wp\/v2\/posts\/186989\/revisions"}],"predecessor-version":[{"id":186997,"href":"https:\/\/www.tgrthaber.com\/mavikadin\/wp-json\/wp\/v2\/posts\/186989\/revisions\/186997"}],"wp:featuredmedia":[{"embeddable":true,"href":"https:\/\/www.tgrthaber.com\/mavikadin\/wp-json\/wp\/v2\/media\/186990"}],"wp:attachment":[{"href":"https:\/\/www.tgrthaber.com\/mavikadin\/wp-json\/wp\/v2\/media?parent=186989"}],"wp:term":[{"taxonomy":"category","embeddable":true,"href":"https:\/\/www.tgrthaber.com\/mavikadin\/wp-json\/wp\/v2\/categories?post=186989"},{"taxonomy":"post_tag","embeddable":true,"href":"https:\/\/www.tgrthaber.com\/mavikadin\/wp-json\/wp\/v2\/tags?post=186989"}],"curies":[{"name":"wp","href":"https:\/\/api.w.org\/{rel}","templated":true}]}}