{"id":187005,"date":"2025-06-04T01:30:19","date_gmt":"2025-06-03T22:30:19","guid":{"rendered":"https:\/\/www.tgrthaber.com\/mavikadin\/?p=187005"},"modified":"2025-06-05T10:08:50","modified_gmt":"2025-06-05T07:08:50","slug":"melis-sezen-password-turkiye-sahnesinde-oryantal-yapti-sosyal-medya-bu-dansi-konusuyor","status":"publish","type":"post","link":"https:\/\/www.tgrthaber.com\/mavikadin\/melis-sezen-password-turkiye-sahnesinde-oryantal-yapti-sosyal-medya-bu-dansi-konusuyor\/","title":{"rendered":"Melis Sezen Password T\u00fcrkiye sahnesinde oryantal yapt\u0131! Sosyal medya bu dans\u0131 konu\u015fuyor"},"content":{"rendered":"<p>Kanal D ekranlar\u0131nda b\u00fcy\u00fck ilgi g\u00f6ren Password T\u00fcrkiye, ikinci sezonuyla geri d\u00f6nmeye haz\u0131rlan\u0131rken, kulislerden s\u0131zan bir g\u00f6r\u00fcnt\u00fc k\u0131sa s\u00fcrede sosyal medyada g\u00fcndem oldu. Son olarak Deha dizisinde \u2018\u0130mre\u2019 karakteriyle izleyici kar\u015f\u0131s\u0131na \u00e7\u0131kan Melis Sezen, bu kez yar\u0131\u015fma program\u0131ndaki dans \u015fovuyla ad\u0131ndan s\u00f6z ettirdi. \u0130\u015fte Melis Sezen&#8217;in Password yar\u0131\u015fmas\u0131nda g\u00f6bek at\u0131p, oryantal \u015fov yapt\u0131\u011f\u0131 o g\u00f6r\u00fcnt\u00fcler&#8230;<\/p>\n<h3>E\u011eLENCEY\u0130 TAVANA \u00c7IKARACAK 2. SEZONUN TANITIMI GELD\u0130<\/h3>\n<p>Sunuculu\u011funu \u015eebnem Bozoklu\u2019nun, daimi yar\u0131\u015fmac\u0131l\u0131\u011f\u0131n\u0131 ise Enis Ar\u0131kan\u2019\u0131n \u00fcstlendi\u011fi Password T\u00fcrkiye, ge\u00e7ti\u011fimiz sezon boyunca her b\u00f6l\u00fcm\u00fcyle izleyiciyi ekrana kilitlemi\u015fti. Birbirinden \u00fcnl\u00fc konuklar\u0131n yer ald\u0131\u011f\u0131 ilk sezonun ard\u0131ndan, program\u0131n yeni b\u00f6l\u00fcmleri i\u00e7in geri say\u0131m ba\u015flad\u0131.<\/p>\n<p><img loading=\"lazy\" decoding=\"async\" class=\"alignnone wp-image-187009\" src=\"https:\/\/www.tgrthaber.com\/mavikadin\/wp-content\/uploads\/Adsiz-tasarim-10-19-300x169.png\" alt=\"\" width=\"1208\" height=\"680\" title=\"\" srcset=\"https:\/\/www.tgrthaber.com\/mavikadin\/wp-content\/uploads\/Adsiz-tasarim-10-19-300x169.png 300w, https:\/\/www.tgrthaber.com\/mavikadin\/wp-content\/uploads\/Adsiz-tasarim-10-19-1024x576.png 1024w, https:\/\/www.tgrthaber.com\/mavikadin\/wp-content\/uploads\/Adsiz-tasarim-10-19-768x432.png 768w, https:\/\/www.tgrthaber.com\/mavikadin\/wp-content\/uploads\/Adsiz-tasarim-10-19-1536x864.png 1536w, https:\/\/www.tgrthaber.com\/mavikadin\/wp-content\/uploads\/Adsiz-tasarim-10-19.png 1920w\" sizes=\"(max-width: 1208px) 100vw, 1208px\" \/><\/p>\n<hr \/>\n<p>9 b\u00f6l\u00fcml\u00fck ilk sezonda Yasemin Sakall\u0131o\u011flu, \u015e\u00fckr\u00fc \u00d6zy\u0131ld\u0131z, Hazal Kaya, \u0130rem Derici, Eser-Berfu Yenenler ve Nilperi \u015eahinkaya gibi pek \u00e7ok isim programa konuk olmu\u015ftu.<\/p>\n<p><img loading=\"lazy\" decoding=\"async\" class=\"alignnone wp-image-187010\" src=\"https:\/\/www.tgrthaber.com\/mavikadin\/wp-content\/uploads\/t25_sadakatsizin-derini-melis-174-300x169.webp\" alt=\"\" width=\"1208\" height=\"678\" title=\"\" srcset=\"https:\/\/www.tgrthaber.com\/mavikadin\/wp-content\/uploads\/t25_sadakatsizin-derini-melis-174-300x169.webp 300w, https:\/\/www.tgrthaber.com\/mavikadin\/wp-content\/uploads\/t25_sadakatsizin-derini-melis-174-1024x575.webp 1024w, https:\/\/www.tgrthaber.com\/mavikadin\/wp-content\/uploads\/t25_sadakatsizin-derini-melis-174-768x431.webp 768w, https:\/\/www.tgrthaber.com\/mavikadin\/wp-content\/uploads\/t25_sadakatsizin-derini-melis-174.webp 1200w\" sizes=\"(max-width: 1208px) 100vw, 1208px\" \/><\/p>\n<hr \/>\n<h3>MEL\u0130S SEZEN\u2019DEN PASSWORD T\u00dcRK\u0130YE&#8217;DE ORYANTAL \u015eOV<\/h3>\n<p>Bu sezonun s\u00fcrpriz konuklar\u0131ndan biri olan Melis Sezen, Password T\u00fcrkiye sahnesinde enerjisiyle adeta r\u00fczgar estirdi. Kamera arkas\u0131ndan s\u0131zan g\u00f6r\u00fcnt\u00fclerde, g\u00fczel oyuncunun yar\u0131\u015fma s\u0131ras\u0131nda yapt\u0131\u011f\u0131 oryantal dans dikkat \u00e7ekti.<\/p>\n<p>Sezen\u2019in danslar\u0131 sosyal medyada daha \u00f6nce de konu\u015fulmu\u015f, payla\u015ft\u0131\u011f\u0131 videolar s\u0131k s\u0131k viral olmu\u015ftu. \u015eimdi bu performans\u0131n yar\u0131\u015fmada da sergilenmesi izleyicileri \u015fimdiden heyecanland\u0131rd\u0131. \u0130\u015fte Melis Sezen&#8217;nin Password yar\u0131\u015fmas\u0131nda oryantal yapt\u0131\u011f\u0131 o anlar&#8230;<\/p>\n<div style=\"width: 640px;\" class=\"wp-video\"><!--[if lt IE 9]><script>document.createElement('video');<\/script><![endif]-->\n<video class=\"wp-video-shortcode\" id=\"video-187005-1\" width=\"640\" height=\"640\" preload=\"metadata\" controls=\"controls\"><source type=\"video\/mp4\" src=\"https:\/\/www.tgrthaber.com\/mavikadin\/wp-content\/uploads\/YxAvzqMV6-t72hUz.mp4?_=1\" \/><a href=\"https:\/\/www.tgrthaber.com\/mavikadin\/wp-content\/uploads\/YxAvzqMV6-t72hUz.mp4\">https:\/\/www.tgrthaber.com\/mavikadin\/wp-content\/uploads\/YxAvzqMV6-t72hUz.mp4<\/a><\/video><\/div>\n<hr \/>\n<h3>YEN\u0130 B\u00d6L\u00dcMLER NE ZAMAN YAYINDA OLACAK?<\/h3>\n<p>Password T\u00fcrkiye\u2019nin ikinci sezonu, 8 Haziran Pazar g\u00fcn\u00fc, bayram\u0131n \u00fc\u00e7\u00fcnc\u00fc g\u00fcn\u00fc itibar\u0131yla Kanal D ekranlar\u0131nda izleyiciyle bulu\u015facak. Yar\u0131\u015fman\u0131n bu sezonunda sadece Melis Sezen de\u011fil, Seda Sayan ba\u015fta olmak \u00fczere bir\u00e7ok \u00fcnl\u00fc ismin konuk olmas\u0131 bekleniyor.<\/p>\n<p><img loading=\"lazy\" decoding=\"async\" class=\"alignnone wp-image-187012\" src=\"https:\/\/www.tgrthaber.com\/mavikadin\/wp-content\/uploads\/138892-300x169.jpg\" alt=\"\" width=\"1208\" height=\"680\" title=\"\" srcset=\"https:\/\/www.tgrthaber.com\/mavikadin\/wp-content\/uploads\/138892-300x169.jpg 300w, https:\/\/www.tgrthaber.com\/mavikadin\/wp-content\/uploads\/138892.jpg 702w\" sizes=\"(max-width: 1208px) 100vw, 1208px\" \/><\/p>\n<hr \/>\n<h3>MEL\u0130S SEZEN K\u0130MD\u0130R?<\/h3>\n<p>Melis Sezen, 2 Ocak 1997 tarihinde \u0130stanbul\u2019da do\u011fdu. Ko\u00e7 \u00dcniversitesi Medya ve G\u00f6rsel Sanatlar B\u00f6l\u00fcm\u00fc mezunu olarak biliniyor.<\/p>\n<p>Oyunculuk kariyerine 2016 y\u0131l\u0131nda \u201cHayat Bazen Tatl\u0131d\u0131r\u201d dizisiyle ad\u0131m atan Sezen, as\u0131l \u00e7\u0131k\u0131\u015f\u0131n\u0131 \u201cLeke\u201d dizisindeki Yasemin karakteriyle yapt\u0131. Ard\u0131ndan \u201cSevgili Ge\u00e7mi\u015f\u201d, \u201cSadakatsiz\u201d ve \u201cYa \u0130stiklal Ya \u00d6l\u00fcm\u201d gibi projelerde yer ald\u0131. Melis Sezen son olarak Show TV\u2019de yay\u0131nlanan \u201cDeha\u201d dizisinde \u2018\u0130mre\u2019 karakterini oynad\u0131.<\/p>\n<p>Oyunculu\u011fun yan\u0131 s\u0131ra sosyal medya payla\u015f\u0131mlar\u0131 ve dans videolar\u0131yla da Melis Sezen olduk\u00e7a dikkat \u00e7ekiyor.<\/p>\n","protected":false},"excerpt":{"rendered":"<p>Melis Sezen st\u00fcdyoyu sallayan oryantal \u015fovuyla damga vurdu! Password T\u00fcrkiye\u2019nin yeni sezon \u00e7ekimlerinden s\u0131zan bir g\u00f6r\u00fcnt\u00fc, sosyal medyay\u0131 adeta sallad\u0131. Dans performans\u0131yla izleyenleri hem \u015fa\u015f\u0131rtan hem de mest eden \u00fcnl\u00fc oyuncu, k\u0131sa s\u00fcrede en \u00e7ok konu\u015fulan isimler aras\u0131na girmeyi ba\u015fard\u0131. \u0130\u015fte Melis Sezen\u2019in Password T\u00fcrkiye sahnesindeki oryantal performans\u0131na ait o anlar\u2026<\/p>\n","protected":false},"author":35,"featured_media":187008,"comment_status":"closed","ping_status":"closed","sticky":false,"template":"","format":"standard","meta":{"rank_math_lock_modified_date":false,"footnotes":""},"categories":[76],"tags":[133,3008,23746,23744,23745],"class_list":["post-187005","post","type-post","status-publish","format-standard","has-post-thumbnail","hentry","category-magazin","tag-magazin","tag-melis-sezen","tag-melis-sezen-dansi","tag-melis-sezen-oryantal","tag-password-turkiye"],"_links":{"self":[{"href":"https:\/\/www.tgrthaber.com\/mavikadin\/wp-json\/wp\/v2\/posts\/187005"}],"collection":[{"href":"https:\/\/www.tgrthaber.com\/mavikadin\/wp-json\/wp\/v2\/posts"}],"about":[{"href":"https:\/\/www.tgrthaber.com\/mavikadin\/wp-json\/wp\/v2\/types\/post"}],"author":[{"embeddable":true,"href":"https:\/\/www.tgrthaber.com\/mavikadin\/wp-json\/wp\/v2\/users\/35"}],"replies":[{"embeddable":true,"href":"https:\/\/www.tgrthaber.com\/mavikadin\/wp-json\/wp\/v2\/comments?post=187005"}],"version-history":[{"count":1,"href":"https:\/\/www.tgrthaber.com\/mavikadin\/wp-json\/wp\/v2\/posts\/187005\/revisions"}],"predecessor-version":[{"id":187013,"href":"https:\/\/www.tgrthaber.com\/mavikadin\/wp-json\/wp\/v2\/posts\/187005\/revisions\/187013"}],"wp:featuredmedia":[{"embeddable":true,"href":"https:\/\/www.tgrthaber.com\/mavikadin\/wp-json\/wp\/v2\/media\/187008"}],"wp:attachment":[{"href":"https:\/\/www.tgrthaber.com\/mavikadin\/wp-json\/wp\/v2\/media?parent=187005"}],"wp:term":[{"taxonomy":"category","embeddable":true,"href":"https:\/\/www.tgrthaber.com\/mavikadin\/wp-json\/wp\/v2\/categories?post=187005"},{"taxonomy":"post_tag","embeddable":true,"href":"https:\/\/www.tgrthaber.com\/mavikadin\/wp-json\/wp\/v2\/tags?post=187005"}],"curies":[{"name":"wp","href":"https:\/\/api.w.org\/{rel}","templated":true}]}}