{"id":187056,"date":"2025-06-04T10:45:42","date_gmt":"2025-06-04T07:45:42","guid":{"rendered":"https:\/\/www.tgrthaber.com\/mavikadin\/?p=187056"},"modified":"2025-06-04T10:45:42","modified_gmt":"2025-06-04T07:45:42","slug":"ipek-kirac-kimdir-kac-yasinda-ipek-kirac-evleniyor-mu-sevgilisi-kim","status":"publish","type":"post","link":"https:\/\/www.tgrthaber.com\/mavikadin\/ipek-kirac-kimdir-kac-yasinda-ipek-kirac-evleniyor-mu-sevgilisi-kim\/","title":{"rendered":"\u0130pek K\u0131ra\u00e7 kimdir ka\u00e7 ya\u015f\u0131nda? \u0130pek K\u0131ra\u00e7 evleniyor mu sevgilisi kim?"},"content":{"rendered":"<p>Son zamanlarda \u0130nan K\u0131ra\u00e7\u2019\u0131n kendisini evlatl\u0131ktan reddetmesiyle ve babas\u0131n\u0131n evlili\u011fine itiraz etmesiyle g\u00fcndemden d\u00fc\u015fmeyen \u0130pek K\u0131ra\u00e7\u2019\u0131n kim oldu\u011fu ara\u015ft\u0131r\u0131l\u0131yor. Ko\u00e7 Holding\u2019in \u00f6nemli isimleri aras\u0131nda yer alan ve \u0130nan K\u0131ra\u00e7\u2019\u0131n k\u0131z\u0131 olarak tan\u0131nan \u0130pek K\u0131ra\u00e7, i\u015f d\u00fcnyas\u0131 ve sosyal sorumluluk projelerindeki aktif rol\u00fcyle dikkatleri \u00fczerine \u00e7ekiyor. \u0130pek K\u0131ra\u00e7\u2019\u0131n kim oldu\u011fu da merak ediliyor. Peki, \u0130pek K\u0131ra\u00e7 kimdir? \u0130pek K\u0131ra\u00e7 ka\u00e7 ya\u015f\u0131nda? \u0130pek K\u0131ra\u00e7 evlatl\u0131k m\u0131? \u0130pek K\u0131ra\u00e7 evleniyor mu? \u0130pek K\u0131ra\u00e7 kiminle sevgili? \u0130pek K\u0131ra\u00e7 hakk\u0131nda merak edilenleri sizin i\u00e7in ara\u015ft\u0131rd\u0131k. \u0130\u015fte \u0130pek K\u0131ra\u00e7 hakk\u0131nda bilinmeyenler\u2026<\/p>\n<h3>\u0130PEK KIRA\u00c7 K\u0130MD\u0130R?<\/h3>\n<p>\u0130pek K\u0131ra\u00e7, T\u00fcrkiye\u2019nin en k\u00f6kl\u00fc ailelerinden biri olan Ko\u00e7 ailesinin bir ferdidir. 29 Kas\u0131m 1984 tarihinde \u0130stanbul\u2019un Emin\u00f6n\u00fc il\u00e7esinde d\u00fcnyaya gelen \u0130pek, k\u00fc\u00e7\u00fck ya\u015ftayken \u0130nan ve Suna K\u0131ra\u00e7 taraf\u0131ndan evlatl\u0131k edinildi. \u0130pek K\u0131ra\u00e7\u2019\u0131n babas\u0131 i\u015f insan\u0131 \u0130nan K\u0131ra\u00e7, annesi ise e\u011fitim alan\u0131ndaki katk\u0131lar\u0131yla tan\u0131nan Suna K\u0131ra\u00e7\u2019t\u0131r.<\/p>\n<p><img loading=\"lazy\" decoding=\"async\" class=\"alignnone wp-image-187058\" src=\"https:\/\/www.tgrthaber.com\/mavikadin\/wp-content\/uploads\/Ipek-Kirac-7-1024x576.jpg\" alt=\"\u0130pek K\u0131ra\u00e7 kimdir ka\u00e7 ya\u015f\u0131nda? \u0130pek K\u0131ra\u00e7 evleniyor mu sevgilisi kim? \" width=\"1208\" height=\"680\" title=\"\" srcset=\"https:\/\/www.tgrthaber.com\/mavikadin\/wp-content\/uploads\/Ipek-Kirac-7-1024x576.jpg 1024w, https:\/\/www.tgrthaber.com\/mavikadin\/wp-content\/uploads\/Ipek-Kirac-7-300x169.jpg 300w, https:\/\/www.tgrthaber.com\/mavikadin\/wp-content\/uploads\/Ipek-Kirac-7-768x432.jpg 768w, https:\/\/www.tgrthaber.com\/mavikadin\/wp-content\/uploads\/Ipek-Kirac-7-1536x864.jpg 1536w, https:\/\/www.tgrthaber.com\/mavikadin\/wp-content\/uploads\/Ipek-Kirac-7.jpg 1600w\" sizes=\"(max-width: 1208px) 100vw, 1208px\" \/><\/p>\n<hr \/>\n<p>\u0130pek K\u0131ra\u00e7, ilkokul ve ortaokul e\u011fitimini ba\u015far\u0131yla tamamlayarak 2002 y\u0131l\u0131nda Ko\u00e7 \u00d6zel Lisesi\u2019nden mezun oldu. K\u0131ra\u00e7, \u00fcniversite e\u011fitimini 2007 y\u0131l\u0131nda Brown \u00dcniversitesi Biyoloji B\u00f6l\u00fcm\u00fc\u2019nden mezun olarak tamamlad\u0131. K\u0131ra\u00e7, 2009 y\u0131l\u0131nda ba\u015flad\u0131\u011f\u0131 Brown \u00dcniversitesi Halk Sa\u011fl\u0131\u011f\u0131 program\u0131nda y\u00fcksek lisans e\u011fitimine devam ederken, UMass T\u0131p Fak\u00fcltesi\u2019nde ALS hastal\u0131\u011f\u0131 \u00fczerine ara\u015ft\u0131rmalar y\u00fcr\u00fcten Cecil B. Day Laboratuvar\u0131 N\u00f6romusk\u00fcler Ara\u015ft\u0131rmalar\u0131\u2019nda g\u00f6rev ald\u0131.<\/p>\n<p><img loading=\"lazy\" decoding=\"async\" class=\"alignnone wp-image-187059\" src=\"https:\/\/www.tgrthaber.com\/mavikadin\/wp-content\/uploads\/Ipek-Kirac-9-1024x576.jpg\" alt=\"\u0130pek K\u0131ra\u00e7 kimdir ka\u00e7 ya\u015f\u0131nda? \u0130pek K\u0131ra\u00e7 evleniyor mu sevgilisi kim? \" width=\"1208\" height=\"680\" title=\"\" srcset=\"https:\/\/www.tgrthaber.com\/mavikadin\/wp-content\/uploads\/Ipek-Kirac-9-1024x576.jpg 1024w, https:\/\/www.tgrthaber.com\/mavikadin\/wp-content\/uploads\/Ipek-Kirac-9-300x169.jpg 300w, https:\/\/www.tgrthaber.com\/mavikadin\/wp-content\/uploads\/Ipek-Kirac-9-768x432.jpg 768w, https:\/\/www.tgrthaber.com\/mavikadin\/wp-content\/uploads\/Ipek-Kirac-9-1536x864.jpg 1536w, https:\/\/www.tgrthaber.com\/mavikadin\/wp-content\/uploads\/Ipek-Kirac-9.jpg 1600w\" sizes=\"(max-width: 1208px) 100vw, 1208px\" \/><\/p>\n<hr \/>\n<h3>\u0130PEK KIRA\u00c7 KA\u00c7 YA\u015eINDA?<\/h3>\n<p>1984 do\u011fumlu \u0130pek K\u0131ra\u00e7, 2025 y\u0131l\u0131 itibar\u0131yla 41 ya\u015f\u0131ndad\u0131r. ABD\u2019deki Brown \u00dcniversitesi\u2019nden mezun olan K\u0131ra\u00e7, e\u011fitimini molek\u00fcler biyoloji ve genetik \u00fczerine tamamlad\u0131. K\u0131ra\u00e7, Amerikan Hastanesi Fiziksel T\u0131p ve Rehabilitasyon B\u00f6l\u00fcm\u00fc\u2019nde ger\u00e7ekle\u015ftirdi\u011fi staj\u0131yla klinik deneyimi kazand\u0131. 2012-2021 y\u0131llar\u0131 aras\u0131nda Sirena Marine Denizcilik San. Ticaret A.\u015e.\u2019nin CEO\u2019lu\u011funu \u00fcstlenen K\u0131ra\u00e7, bu alanda olduk\u00e7a ba\u015far\u0131l\u0131 i\u015flere imza atarak ad\u0131n\u0131 duyurdu.<\/p>\n<p><img loading=\"lazy\" decoding=\"async\" class=\"alignnone wp-image-187060\" src=\"https:\/\/www.tgrthaber.com\/mavikadin\/wp-content\/uploads\/Ipek-Kirac-4-1-1024x576.jpg\" alt=\"\u0130pek K\u0131ra\u00e7 kimdir ka\u00e7 ya\u015f\u0131nda? \u0130pek K\u0131ra\u00e7 evleniyor mu sevgilisi kim? \" width=\"1208\" height=\"680\" title=\"\" srcset=\"https:\/\/www.tgrthaber.com\/mavikadin\/wp-content\/uploads\/Ipek-Kirac-4-1-1024x576.jpg 1024w, https:\/\/www.tgrthaber.com\/mavikadin\/wp-content\/uploads\/Ipek-Kirac-4-1-300x169.jpg 300w, https:\/\/www.tgrthaber.com\/mavikadin\/wp-content\/uploads\/Ipek-Kirac-4-1-768x432.jpg 768w, https:\/\/www.tgrthaber.com\/mavikadin\/wp-content\/uploads\/Ipek-Kirac-4-1-1536x864.jpg 1536w, https:\/\/www.tgrthaber.com\/mavikadin\/wp-content\/uploads\/Ipek-Kirac-4-1.jpg 1600w\" sizes=\"(max-width: 1208px) 100vw, 1208px\" \/><\/p>\n<hr \/>\n<p>\u0130pek K\u0131ra\u00e7 liderli\u011finde stratejik bir d\u00f6n\u00fc\u015f\u00fcm ge\u00e7iren Sirena Marine, T\u00fcrkiye\u2019nin en b\u00fcy\u00fck ilk 500 ihracat\u00e7\u0131s\u0131 aras\u0131na girdi. \u00dcretimdeki m\u00fckemmeliyet yakla\u015f\u0131m\u0131 ve marka bilinirli\u011fi Sirena Marine\u2019i savunma sanayi ve otomotiv sekt\u00f6rlerindeki projelerde de tercih edilen bir tedarik\u00e7i haline getirdi. G\u00fcn\u00fcm\u00fczde hala Sirena Marine\u2019deki Y\u00f6netim Kurulu Ba\u015fkanl\u0131\u011f\u0131 g\u00f6revini s\u00fcrd\u00fcren K\u0131ra\u00e7, gen\u00e7 ya\u015f\u0131nda ra\u011fmen i\u015f d\u00fcnyas\u0131ndaki liderli\u011fi ve vizyoner yakla\u015f\u0131m\u0131yla dikkatleri \u00fczerine \u00e7ekiyor.<\/p>\n<p><img loading=\"lazy\" decoding=\"async\" class=\"alignnone wp-image-187062\" src=\"https:\/\/www.tgrthaber.com\/mavikadin\/wp-content\/uploads\/Ipek-Kirac-1-1-1024x576.jpg\" alt=\"\u0130pek K\u0131ra\u00e7 kimdir ka\u00e7 ya\u015f\u0131nda? \u0130pek K\u0131ra\u00e7 evleniyor mu sevgilisi kim? \" width=\"1208\" height=\"680\" title=\"\" srcset=\"https:\/\/www.tgrthaber.com\/mavikadin\/wp-content\/uploads\/Ipek-Kirac-1-1-1024x576.jpg 1024w, https:\/\/www.tgrthaber.com\/mavikadin\/wp-content\/uploads\/Ipek-Kirac-1-1-300x169.jpg 300w, https:\/\/www.tgrthaber.com\/mavikadin\/wp-content\/uploads\/Ipek-Kirac-1-1-768x432.jpg 768w, https:\/\/www.tgrthaber.com\/mavikadin\/wp-content\/uploads\/Ipek-Kirac-1-1-1536x864.jpg 1536w, https:\/\/www.tgrthaber.com\/mavikadin\/wp-content\/uploads\/Ipek-Kirac-1-1.jpg 1600w\" sizes=\"(max-width: 1208px) 100vw, 1208px\" \/><\/p>\n<hr \/>\n<h3>\u0130PEK KIRA\u00c7 EVLATLIK MI?<\/h3>\n<p>\u0130\u015f d\u00fcnyas\u0131n\u0131n \u00f6nemli isimleri aras\u0131nda yer alan \u0130nan K\u0131ra\u00e7 ve merhum Suna K\u0131ra\u00e7\u2019\u0131n k\u00fc\u00e7\u00fck ya\u015flarda \u0130pek K\u0131ra\u00e7\u2019\u0131 evlatl\u0131k edindi\u011fi biliniyor. Evlatl\u0131k olmas\u0131na ra\u011fmen aile ba\u011flar\u0131 kuvvetli olan K\u0131ra\u00e7, ba\u015far\u0131l\u0131 e\u011fitim ser\u00fcveni ve kariyeriyle dikkat \u00e7ekiyor. \u00d6zellikle e\u011fitim ve toplumsal e\u015fitlik konular\u0131nda aktif \u00e7al\u0131\u015fmalar y\u00fcr\u00fcten K\u0131ra\u00e7, sosyal sorumluluk projeleriyle de \u00f6n plana \u00e7\u0131k\u0131yor.<\/p>\n<p><img loading=\"lazy\" decoding=\"async\" class=\"alignnone wp-image-187063\" src=\"https:\/\/www.tgrthaber.com\/mavikadin\/wp-content\/uploads\/Ipek-Kirac-3-1-1024x576.jpg\" alt=\"\u0130pek K\u0131ra\u00e7 kimdir ka\u00e7 ya\u015f\u0131nda? \u0130pek K\u0131ra\u00e7 evleniyor mu sevgilisi kim? \" width=\"1208\" height=\"680\" title=\"\" srcset=\"https:\/\/www.tgrthaber.com\/mavikadin\/wp-content\/uploads\/Ipek-Kirac-3-1-1024x576.jpg 1024w, https:\/\/www.tgrthaber.com\/mavikadin\/wp-content\/uploads\/Ipek-Kirac-3-1-300x169.jpg 300w, https:\/\/www.tgrthaber.com\/mavikadin\/wp-content\/uploads\/Ipek-Kirac-3-1-768x432.jpg 768w, https:\/\/www.tgrthaber.com\/mavikadin\/wp-content\/uploads\/Ipek-Kirac-3-1-1536x864.jpg 1536w, https:\/\/www.tgrthaber.com\/mavikadin\/wp-content\/uploads\/Ipek-Kirac-3-1.jpg 1600w\" sizes=\"(max-width: 1208px) 100vw, 1208px\" \/><\/p>\n<hr \/>\n<p>\u0130pek K\u0131ra\u00e7, hem Ko\u00e7 Ailesi\u2019nin gen\u00e7 temsilcili\u011fini hem de bireysel duru\u015fuyla T\u00fcrkiye\u2019de \u00f6rnek g\u00f6sterilen i\u015f kad\u0131nlar\u0131n biri olarak kar\u015f\u0131m\u0131za \u00e7\u0131k\u0131yor. T\u00fcrkiye\u2019nin en zengin kad\u0131n\u0131 olarak da tan\u0131nan K\u0131ra\u00e7, 2,7 milyar dolarl\u0131k servetiyle de dikkat \u00e7ekiyor. Suna K\u0131ra\u00e7 ve \u0130nan K\u0131ra\u00e7 Vakf\u0131\u2019n\u0131n Kurucu Y\u00f6netim Kurulu \u00dcyeli\u011fi\u2019ni de y\u00fcr\u00fctmekte olan \u0130pek K\u0131ra\u00e7, 2021 y\u0131l\u0131nda annesi Suna K\u0131ra\u00e7\u2019\u0131n ismini ta\u015f\u0131yan \u2018Suna\u2019n\u0131n K\u0131zlar\u0131\u2019 ad\u0131nda bir e\u011fitim kurulu\u015fu da kurdu.<\/p>\n<p><img loading=\"lazy\" decoding=\"async\" class=\"alignnone wp-image-187064\" src=\"https:\/\/www.tgrthaber.com\/mavikadin\/wp-content\/uploads\/Ipek-Kirac-8-1024x576.jpg\" alt=\"\u0130pek K\u0131ra\u00e7 kimdir ka\u00e7 ya\u015f\u0131nda? \u0130pek K\u0131ra\u00e7 evleniyor mu sevgilisi kim? \" width=\"1208\" height=\"680\" title=\"\" srcset=\"https:\/\/www.tgrthaber.com\/mavikadin\/wp-content\/uploads\/Ipek-Kirac-8-1024x576.jpg 1024w, https:\/\/www.tgrthaber.com\/mavikadin\/wp-content\/uploads\/Ipek-Kirac-8-300x169.jpg 300w, https:\/\/www.tgrthaber.com\/mavikadin\/wp-content\/uploads\/Ipek-Kirac-8-768x432.jpg 768w, https:\/\/www.tgrthaber.com\/mavikadin\/wp-content\/uploads\/Ipek-Kirac-8-1536x864.jpg 1536w, https:\/\/www.tgrthaber.com\/mavikadin\/wp-content\/uploads\/Ipek-Kirac-8.jpg 1600w\" sizes=\"(max-width: 1208px) 100vw, 1208px\" \/><\/p>\n<hr \/>\n<h3>\u0130PEK KIRA\u00c7 EVLEN\u0130YOR MU SEVG\u0130L\u0130S\u0130 K\u0130M?<\/h3>\n<p>Sabah\u2019tan B\u00fclent Cankurt\u2019un haberine g\u00f6re, \u0130pek K\u0131ra\u00e7\u2019\u0131n, yakla\u015f\u0131k 2 y\u0131ld\u0131r a\u015fk ya\u015fad\u0131\u011f\u0131 Bursal\u0131 DJ sevgilisi Sezer Uysal ile d\u00fcnyaevine girmeye karar verdi\u011fi \u00f6\u011frenildi. \u00c7iftin ayn\u0131 zamanda eyl\u00fcl ay\u0131nda nikah masas\u0131na oturmay\u0131 planlad\u0131klar\u0131 da s\u00f6ylenenler aras\u0131nda yer ald\u0131.<\/p>\n<p><img loading=\"lazy\" decoding=\"async\" class=\"alignnone wp-image-187065\" src=\"https:\/\/www.tgrthaber.com\/mavikadin\/wp-content\/uploads\/Ipek-Kirac-5-1-1024x576.jpg\" alt=\"\u0130pek K\u0131ra\u00e7 kimdir ka\u00e7 ya\u015f\u0131nda? \u0130pek K\u0131ra\u00e7 evleniyor mu sevgilisi kim? \" width=\"1208\" height=\"680\" title=\"\" srcset=\"https:\/\/www.tgrthaber.com\/mavikadin\/wp-content\/uploads\/Ipek-Kirac-5-1-1024x576.jpg 1024w, https:\/\/www.tgrthaber.com\/mavikadin\/wp-content\/uploads\/Ipek-Kirac-5-1-300x169.jpg 300w, https:\/\/www.tgrthaber.com\/mavikadin\/wp-content\/uploads\/Ipek-Kirac-5-1-768x432.jpg 768w, https:\/\/www.tgrthaber.com\/mavikadin\/wp-content\/uploads\/Ipek-Kirac-5-1-1536x864.jpg 1536w, https:\/\/www.tgrthaber.com\/mavikadin\/wp-content\/uploads\/Ipek-Kirac-5-1.jpg 1600w\" sizes=\"(max-width: 1208px) 100vw, 1208px\" \/><\/p>\n<hr \/>\n<p>Ko\u00e7 Ailesi\u2019nin de\u011ferli ismi merhum Suna K\u0131ra\u00e7 ile \u0130nan K\u0131ra\u00e7\u2019\u0131n evlat edindi\u011fi \u0130pek K\u0131ra\u00e7, \u015fimdilerde T\u00fcrkiye\u2019nin 6. zengin insan\u0131 olarak adland\u0131r\u0131l\u0131yor. \u0130pek K\u0131ra\u00e7\u2019\u0131n bir DJ ile evlenecek oluyor olmas\u0131 sosyetenin diline dolanm\u0131\u015f durumda. Ayn\u0131 zamanda Bursal\u0131 DJ Sezer Uysal\u2019\u0131n Bursa\u2019dan \u00e7ocukluk arkada\u015f\u0131 ve meslekta\u015f\u0131 Mahmut Orhan ve yine m\u00fczik piyasas\u0131ndan Ayta\u00e7 Kart ile bekar evinde ya\u015fad\u0131\u011f\u0131 s\u00f6yleniyor.<\/p>\n","protected":false},"excerpt":{"rendered":"<p>Ko\u00e7 Holding\u2019in \u00f6nemli isimleri aras\u0131nda yer alan ve \u0130nan K\u0131ra\u00e7\u2019\u0131n k\u0131z\u0131 olarak tan\u0131nan \u0130pek K\u0131ra\u00e7\u2019\u0131n kim oldu\u011fu merak ediliyor. Peki, \u0130pek K\u0131ra\u00e7 kimdir, ka\u00e7 ya\u015f\u0131nda? \u0130pek K\u0131ra\u00e7 evleniyor mu, sevgilisi kim? \u0130\u015fte detaylar\u2026<\/p>\n","protected":false},"author":26,"featured_media":187057,"comment_status":"closed","ping_status":"closed","sticky":false,"template":"","format":"standard","meta":{"rank_math_lock_modified_date":false,"footnotes":""},"categories":[491],"tags":[3374,16521,7339,7340,23753],"class_list":["post-187056","post","type-post","status-publish","format-standard","has-post-thumbnail","hentry","category-biyografi","tag-biyografi","tag-biyografi-haberleri","tag-inan-kirac","tag-ipek-kirac","tag-ipek-kirac-kimdir"],"_links":{"self":[{"href":"https:\/\/www.tgrthaber.com\/mavikadin\/wp-json\/wp\/v2\/posts\/187056"}],"collection":[{"href":"https:\/\/www.tgrthaber.com\/mavikadin\/wp-json\/wp\/v2\/posts"}],"about":[{"href":"https:\/\/www.tgrthaber.com\/mavikadin\/wp-json\/wp\/v2\/types\/post"}],"author":[{"embeddable":true,"href":"https:\/\/www.tgrthaber.com\/mavikadin\/wp-json\/wp\/v2\/users\/26"}],"replies":[{"embeddable":true,"href":"https:\/\/www.tgrthaber.com\/mavikadin\/wp-json\/wp\/v2\/comments?post=187056"}],"version-history":[{"count":2,"href":"https:\/\/www.tgrthaber.com\/mavikadin\/wp-json\/wp\/v2\/posts\/187056\/revisions"}],"predecessor-version":[{"id":187068,"href":"https:\/\/www.tgrthaber.com\/mavikadin\/wp-json\/wp\/v2\/posts\/187056\/revisions\/187068"}],"wp:featuredmedia":[{"embeddable":true,"href":"https:\/\/www.tgrthaber.com\/mavikadin\/wp-json\/wp\/v2\/media\/187057"}],"wp:attachment":[{"href":"https:\/\/www.tgrthaber.com\/mavikadin\/wp-json\/wp\/v2\/media?parent=187056"}],"wp:term":[{"taxonomy":"category","embeddable":true,"href":"https:\/\/www.tgrthaber.com\/mavikadin\/wp-json\/wp\/v2\/categories?post=187056"},{"taxonomy":"post_tag","embeddable":true,"href":"https:\/\/www.tgrthaber.com\/mavikadin\/wp-json\/wp\/v2\/tags?post=187056"}],"curies":[{"name":"wp","href":"https:\/\/api.w.org\/{rel}","templated":true}]}}