{"id":187061,"date":"2025-06-04T10:47:13","date_gmt":"2025-06-04T07:47:13","guid":{"rendered":"https:\/\/www.tgrthaber.com\/mavikadin\/?p=187061"},"modified":"2025-06-04T10:47:13","modified_gmt":"2025-06-04T07:47:13","slug":"kadinlar-sanayide-guc-kazaniyor-55-kursiyer-teknik-egitimle-gelecege-isik-tutuyor","status":"publish","type":"post","link":"https:\/\/www.tgrthaber.com\/mavikadin\/kadinlar-sanayide-guc-kazaniyor-55-kursiyer-teknik-egitimle-gelecege-isik-tutuyor\/","title":{"rendered":"Kad\u0131nlar sanayide g\u00fc\u00e7 kazan\u0131yor! 55 kursiyer teknik e\u011fitimle gelece\u011fe \u0131\u015f\u0131k tutuyor"},"content":{"rendered":"<p>&#8216;\u0130malat Sanayinde Kad\u0131nlar\u0131n G\u00fc\u00e7lenmesine Y\u00f6nelik Model Geli\u015ftirme Projesi&#8217; kapsam\u0131nda 55 kad\u0131n kursiyer, sanayinin ihtiya\u00e7 duydu\u011fu alanlarda teknik e\u011fitim almaya ba\u015flad\u0131.<\/p>\n<h3>KADINLAR SANAY\u0130DE G\u00dc\u00c7 KAZANIYOR!<\/h3>\n<p>Ankara Sanayi Odas\u0131 S\u00fcrekli E\u011fitim Merkezi&#8217;nde (ASO-SEM), kad\u0131n istihdam\u0131na y\u00f6nelik \u00f6rnek bir proje hayata ge\u00e7irildi. Birle\u015fmi\u015f Milletler Kalk\u0131nma Program\u0131 (UNDP), T\u00fcrkiye \u0130\u015fveren Sendikalar\u0131 Konfederasyonu (T\u0130SK) ve ASO-SEM i\u015f birli\u011fiyle y\u00fcr\u00fct\u00fclen &#8216;\u0130malat Sanayinde Kad\u0131nlar\u0131n G\u00fc\u00e7lenmesine Y\u00f6nelik Model Geli\u015ftirme Projesi&#8217; kapsam\u0131nda 55 kad\u0131n kursiyer, sanayinin ihtiya\u00e7 duydu\u011fu alanlarda yo\u011fun teknik e\u011fitim almaya ba\u015flad\u0131.<\/p>\n<p><img loading=\"lazy\" decoding=\"async\" class=\"alignnone size-full wp-image-187066\" src=\"https:\/\/www.tgrthaber.com\/mavikadin\/wp-content\/uploads\/Imalat-Sanayinde-Kadinlarin-Guclenmesine-Yonelik-Model-Gelistirme-Projesi-1.png\" alt=\"\" width=\"1208\" height=\"680\" title=\"\" srcset=\"https:\/\/www.tgrthaber.com\/mavikadin\/wp-content\/uploads\/Imalat-Sanayinde-Kadinlarin-Guclenmesine-Yonelik-Model-Gelistirme-Projesi-1.png 1208w, https:\/\/www.tgrthaber.com\/mavikadin\/wp-content\/uploads\/Imalat-Sanayinde-Kadinlarin-Guclenmesine-Yonelik-Model-Gelistirme-Projesi-1-300x169.png 300w, https:\/\/www.tgrthaber.com\/mavikadin\/wp-content\/uploads\/Imalat-Sanayinde-Kadinlarin-Guclenmesine-Yonelik-Model-Gelistirme-Projesi-1-1024x576.png 1024w, https:\/\/www.tgrthaber.com\/mavikadin\/wp-content\/uploads\/Imalat-Sanayinde-Kadinlarin-Guclenmesine-Yonelik-Model-Gelistirme-Projesi-1-768x432.png 768w\" sizes=\"(max-width: 1208px) 100vw, 1208px\" \/><\/p>\n<hr \/>\n<p>ASO-SEM&#8217;de d\u00fczenlenen a\u00e7\u0131l\u0131\u015f ve bilgilendirme toplant\u0131s\u0131nda konu\u015fan ASO 1. OSB Y\u00f6netim Kurulu \u00dcyesi Serdar T\u00fctek, sanayide kad\u0131n g\u00fcc\u00fcn\u00fcn artmas\u0131n\u0131n sekt\u00f6re ivme kazand\u0131raca\u011f\u0131n\u0131 belirterek, &#8220;Bu proje ile sadece kad\u0131nlara f\u0131rsat sunmuyor, ayn\u0131 zamanda sanayimizin nitelikli i\u015f g\u00fcc\u00fc ihtiyac\u0131na do\u011frudan katk\u0131 sa\u011fl\u0131yoruz. Kad\u0131nlar sanayiye, sanayi gelece\u011fe g\u00fc\u00e7 katacak&#8221; dedi.<br \/>\nProjenin y\u00f6neticisi Emin \u00c7etin Ha\u015far ise modelin s\u00fcrd\u00fcr\u00fclebilirli\u011fine dikkati \u00e7ekerek, &#8220;Kursiyerlerimiz hen\u00fcz e\u011fitim ba\u015flamadan firmalarla e\u015fle\u015ftirildi. Bu sayede her biri, e\u011fitim s\u00fcrecine do\u011frudan istihdam motivasyonuyla ba\u015flad\u0131. Bu yakla\u015f\u0131m\u0131n uzun vadeli etkileri olaca\u011f\u0131na inan\u0131yoruz&#8221; diye konu\u015ftu.<\/p>\n<p><img loading=\"lazy\" decoding=\"async\" class=\"alignnone size-full wp-image-187069\" src=\"https:\/\/www.tgrthaber.com\/mavikadin\/wp-content\/uploads\/Imalat-Sanayinde-Kadinlarin-Guclenmesine-Yonelik-Model-Gelistirme-Projesi-2.png\" alt=\"\" width=\"1208\" height=\"680\" title=\"\" srcset=\"https:\/\/www.tgrthaber.com\/mavikadin\/wp-content\/uploads\/Imalat-Sanayinde-Kadinlarin-Guclenmesine-Yonelik-Model-Gelistirme-Projesi-2.png 1208w, https:\/\/www.tgrthaber.com\/mavikadin\/wp-content\/uploads\/Imalat-Sanayinde-Kadinlarin-Guclenmesine-Yonelik-Model-Gelistirme-Projesi-2-300x169.png 300w, https:\/\/www.tgrthaber.com\/mavikadin\/wp-content\/uploads\/Imalat-Sanayinde-Kadinlarin-Guclenmesine-Yonelik-Model-Gelistirme-Projesi-2-1024x576.png 1024w, https:\/\/www.tgrthaber.com\/mavikadin\/wp-content\/uploads\/Imalat-Sanayinde-Kadinlarin-Guclenmesine-Yonelik-Model-Gelistirme-Projesi-2-768x432.png 768w\" sizes=\"(max-width: 1208px) 100vw, 1208px\" \/><\/p>\n<hr \/>\n<p>Sanayi i\u015fletmelerinden toplanan istihdam talepleri do\u011frultusunda se\u00e7ilen adaylar, proje sonunda sanayi kurulu\u015flar\u0131nda do\u011frudan istihdama kazand\u0131r\u0131lacak. A\u00e7\u0131l\u0131\u015f toplant\u0131s\u0131n\u0131n ard\u0131ndan kursiyerler, e\u015fle\u015ftirildikleri firmalarla birebir g\u00f6r\u00fc\u015fmeler ger\u00e7ekle\u015ftirdi.<\/p>\n","protected":false},"excerpt":{"rendered":"<p>&#8216;\u0130malat Sanayinde Kad\u0131nlar\u0131n G\u00fc\u00e7lenmesine Y\u00f6nelik Model Geli\u015ftirme Projesi&#8217; kapsam\u0131nda 55 kursiyer sanayinin ihtiya\u00e7 duydu\u011fu alanlarda e\u011fitim al\u0131yor.<\/p>\n","protected":false},"author":5,"featured_media":187070,"comment_status":"closed","ping_status":"closed","sticky":false,"template":"","format":"standard","meta":{"rank_math_lock_modified_date":false,"footnotes":""},"categories":[2149],"tags":[3455,86,2517,23754],"class_list":["post-187061","post","type-post","status-publish","format-standard","has-post-thumbnail","hentry","category-guclu-kadin","tag-guclu-kadin","tag-kadin","tag-kadin-gucu","tag-sanayi"],"_links":{"self":[{"href":"https:\/\/www.tgrthaber.com\/mavikadin\/wp-json\/wp\/v2\/posts\/187061"}],"collection":[{"href":"https:\/\/www.tgrthaber.com\/mavikadin\/wp-json\/wp\/v2\/posts"}],"about":[{"href":"https:\/\/www.tgrthaber.com\/mavikadin\/wp-json\/wp\/v2\/types\/post"}],"author":[{"embeddable":true,"href":"https:\/\/www.tgrthaber.com\/mavikadin\/wp-json\/wp\/v2\/users\/5"}],"replies":[{"embeddable":true,"href":"https:\/\/www.tgrthaber.com\/mavikadin\/wp-json\/wp\/v2\/comments?post=187061"}],"version-history":[{"count":1,"href":"https:\/\/www.tgrthaber.com\/mavikadin\/wp-json\/wp\/v2\/posts\/187061\/revisions"}],"predecessor-version":[{"id":187071,"href":"https:\/\/www.tgrthaber.com\/mavikadin\/wp-json\/wp\/v2\/posts\/187061\/revisions\/187071"}],"wp:featuredmedia":[{"embeddable":true,"href":"https:\/\/www.tgrthaber.com\/mavikadin\/wp-json\/wp\/v2\/media\/187070"}],"wp:attachment":[{"href":"https:\/\/www.tgrthaber.com\/mavikadin\/wp-json\/wp\/v2\/media?parent=187061"}],"wp:term":[{"taxonomy":"category","embeddable":true,"href":"https:\/\/www.tgrthaber.com\/mavikadin\/wp-json\/wp\/v2\/categories?post=187061"},{"taxonomy":"post_tag","embeddable":true,"href":"https:\/\/www.tgrthaber.com\/mavikadin\/wp-json\/wp\/v2\/tags?post=187061"}],"curies":[{"name":"wp","href":"https:\/\/api.w.org\/{rel}","templated":true}]}}