{"id":187076,"date":"2025-06-04T11:43:25","date_gmt":"2025-06-04T08:43:25","guid":{"rendered":"https:\/\/www.tgrthaber.com\/mavikadin\/?p=187076"},"modified":"2025-06-04T11:48:12","modified_gmt":"2025-06-04T08:48:12","slug":"dj-sezer-uysal-kimdir-ipek-kiracin-evlenecegi-kisi-sezer-uysal-ne-is-yapar","status":"publish","type":"post","link":"https:\/\/www.tgrthaber.com\/mavikadin\/dj-sezer-uysal-kimdir-ipek-kiracin-evlenecegi-kisi-sezer-uysal-ne-is-yapar\/","title":{"rendered":"DJ Sezer Uysal kimdir? \u0130pek K\u0131ra\u00e7\u2019\u0131n evlenece\u011fi ki\u015fi Sezer Uysal ne i\u015f yapar?"},"content":{"rendered":"<p>2.7 milyar servetiyle d\u00fcnyan\u0131n en zengin ve en g\u00f6zde bekarlar\u0131ndan olan \u0130pek K\u0131ra\u00e7, Eyl\u00fcl ay\u0131nda DJ Sezer Uysal ile evleniyor. Ko\u00e7 ailesinin miras\u00e7\u0131s\u0131 K\u0131ra\u00e7\u2019\u0131n, DJ Sezer Uysal ile evlenme karar\u0131 sosyete d\u00fcnyas\u0131nda b\u00fcy\u00fck \u015fa\u015fk\u0131nl\u0131kla kar\u015f\u0131land\u0131. Sezer Uysal\u2019\u0131n kim oldu\u011fu merak konusu oldu.<\/p>\n<p>Sezer Uysal DJ ve prod\u00fckt\u00f6rt\u00fcr. Elektronik m\u00fczikle ilgilenmektedir. Elektronik m\u00fczik d\u00fcnyas\u0131n\u0131n \u00f6nde gelen DJ\u2019lerindendir.<\/p>\n<h3>SEZER UYSAL K\u0130MD\u0130R?<\/h3>\n<p>Sezer Uysal DJ ve prod\u00fckt\u00f6rt\u00fcr.<\/p>\n<p>Sezer Uysal, Bursa\u2019da d\u00fcnyaya geldi. Profesyonel m\u00fczik hayat\u0131na 17 ya\u015f\u0131nda ba\u015flad\u0131. 2008 senesinde ilk plak \u015firketi olan \u201cDark Pleasure Records\u201d\u2019u kurdu.<\/p>\n<p><img loading=\"lazy\" decoding=\"async\" class=\"aligncenter wp-image-187081\" src=\"https:\/\/www.tgrthaber.com\/mavikadin\/wp-content\/uploads\/ipek-kirac-in-evlenecegi-kisi-sezer-uysal-kimdir-sezer-uysal-ne-is-yapar-4.jpg\" alt=\"\" width=\"1208\" height=\"680\" title=\"\" srcset=\"https:\/\/www.tgrthaber.com\/mavikadin\/wp-content\/uploads\/ipek-kirac-in-evlenecegi-kisi-sezer-uysal-kimdir-sezer-uysal-ne-is-yapar-4.jpg 1920w, https:\/\/www.tgrthaber.com\/mavikadin\/wp-content\/uploads\/ipek-kirac-in-evlenecegi-kisi-sezer-uysal-kimdir-sezer-uysal-ne-is-yapar-4-300x169.jpg 300w, https:\/\/www.tgrthaber.com\/mavikadin\/wp-content\/uploads\/ipek-kirac-in-evlenecegi-kisi-sezer-uysal-kimdir-sezer-uysal-ne-is-yapar-4-1024x576.jpg 1024w, https:\/\/www.tgrthaber.com\/mavikadin\/wp-content\/uploads\/ipek-kirac-in-evlenecegi-kisi-sezer-uysal-kimdir-sezer-uysal-ne-is-yapar-4-768x432.jpg 768w, https:\/\/www.tgrthaber.com\/mavikadin\/wp-content\/uploads\/ipek-kirac-in-evlenecegi-kisi-sezer-uysal-kimdir-sezer-uysal-ne-is-yapar-4-1536x864.jpg 1536w\" sizes=\"(max-width: 1208px) 100vw, 1208px\" \/><\/p>\n<hr \/>\n<p>Rusya, Finlandiya, Hong Kong, gibi d\u00fcnyan\u0131n \u00e7e\u015fitli \u00fclkelerinde elektronik m\u00fczik etkinliklerinde g\u00f6rev ald\u0131. Evren Ulusoy\u2019la birlikte \u00e7\u0131kard\u0131\u011f\u0131 Singing in the Bathtub adl\u0131 \u015fark\u0131 \u00e7ok be\u011fenilmi\u015f, d\u00fcnyaca \u00fcnl\u00fc DJ&#8217;lerin topland\u0131\u011f\u0131 ve par\u00e7alar\u0131n\u0131 yay\u0131nlad\u0131klar\u0131 Beatport isimli sitede 3 ay boyunca en iyi Deep House \u015fark\u0131 olarak g\u00f6r\u00fclm\u00fc\u015ft\u00fcr.<\/p>\n<p><img loading=\"lazy\" decoding=\"async\" class=\"aligncenter wp-image-187082\" src=\"https:\/\/www.tgrthaber.com\/mavikadin\/wp-content\/uploads\/ipek-kirac-in-evlenecegi-kisi-sezer-uysal-kimdir-sezer-uysal-ne-is-yapar-2.jpg\" alt=\"\" width=\"1208\" height=\"680\" title=\"\" srcset=\"https:\/\/www.tgrthaber.com\/mavikadin\/wp-content\/uploads\/ipek-kirac-in-evlenecegi-kisi-sezer-uysal-kimdir-sezer-uysal-ne-is-yapar-2.jpg 1920w, https:\/\/www.tgrthaber.com\/mavikadin\/wp-content\/uploads\/ipek-kirac-in-evlenecegi-kisi-sezer-uysal-kimdir-sezer-uysal-ne-is-yapar-2-300x169.jpg 300w, https:\/\/www.tgrthaber.com\/mavikadin\/wp-content\/uploads\/ipek-kirac-in-evlenecegi-kisi-sezer-uysal-kimdir-sezer-uysal-ne-is-yapar-2-1024x576.jpg 1024w, https:\/\/www.tgrthaber.com\/mavikadin\/wp-content\/uploads\/ipek-kirac-in-evlenecegi-kisi-sezer-uysal-kimdir-sezer-uysal-ne-is-yapar-2-768x432.jpg 768w, https:\/\/www.tgrthaber.com\/mavikadin\/wp-content\/uploads\/ipek-kirac-in-evlenecegi-kisi-sezer-uysal-kimdir-sezer-uysal-ne-is-yapar-2-1536x864.jpg 1536w\" sizes=\"(max-width: 1208px) 100vw, 1208px\" \/><\/p>\n<hr \/>\n<p>DJ Sezer Uysal, T\u00fcrkiye\u2019de elektronik m\u00fczik \u00e7al\u0131\u015fmalar\u0131n\u0131n \u00f6nde gelen isimlerinden biri olarak g\u00f6r\u00fcl\u00fcyor.<\/p>\n<p>\u00d6nceleri, Mahmut Orhan ve Ayta\u00e7 Kart gibi m\u00fczisyenlerle bekar evinde kalan Uysal, Ko\u00e7 ailesine damat olma yolunda. Sezer Uysal\u2019\u0131n T\u00fcrkiye\u2019nin en k\u00f6kl\u00fc ve zengin ailelerinden Ko\u00e7 Ailesi\u2019nden Suna K\u0131ra\u00e7 ve \u0130nan K\u0131ra\u00e7\u2019\u0131n evlatl\u0131k miras\u00e7\u0131s\u0131 \u0130pek K\u0131ra\u00e7 ile Eyl\u00fcl ay\u0131nda evlenmesi bekleniyor.<\/p>\n<p><img loading=\"lazy\" decoding=\"async\" class=\"aligncenter wp-image-187083\" src=\"https:\/\/www.tgrthaber.com\/mavikadin\/wp-content\/uploads\/ipek-kirac-in-evlenecegi-kisi-sezer-uysal-kimdir-sezer-uysal-ne-is-yapar-3.jpg\" alt=\"\" width=\"1208\" height=\"680\" title=\"\" srcset=\"https:\/\/www.tgrthaber.com\/mavikadin\/wp-content\/uploads\/ipek-kirac-in-evlenecegi-kisi-sezer-uysal-kimdir-sezer-uysal-ne-is-yapar-3.jpg 1920w, https:\/\/www.tgrthaber.com\/mavikadin\/wp-content\/uploads\/ipek-kirac-in-evlenecegi-kisi-sezer-uysal-kimdir-sezer-uysal-ne-is-yapar-3-300x169.jpg 300w, https:\/\/www.tgrthaber.com\/mavikadin\/wp-content\/uploads\/ipek-kirac-in-evlenecegi-kisi-sezer-uysal-kimdir-sezer-uysal-ne-is-yapar-3-1024x576.jpg 1024w, https:\/\/www.tgrthaber.com\/mavikadin\/wp-content\/uploads\/ipek-kirac-in-evlenecegi-kisi-sezer-uysal-kimdir-sezer-uysal-ne-is-yapar-3-768x432.jpg 768w, https:\/\/www.tgrthaber.com\/mavikadin\/wp-content\/uploads\/ipek-kirac-in-evlenecegi-kisi-sezer-uysal-kimdir-sezer-uysal-ne-is-yapar-3-1536x864.jpg 1536w\" sizes=\"(max-width: 1208px) 100vw, 1208px\" \/><\/p>\n<hr \/>\n<h3>N\u0130KAH EYL\u00dcL\u2019DE<\/h3>\n<p>\u0130pek K\u0131ra\u00e7 ve Sezer Uysal \u00e7iftinin Eyl\u00fcl 2025\u2019te evlenmeyi planlad\u0131\u011f\u0131 \u00f6\u011frenildi. D\u00fc\u011f\u00fcnle ilgili ayr\u0131nt\u0131lar hen\u00fcz kesinle\u015fmese de, sosyetenin en g\u00f6zde bekarlar\u0131ndan, d\u00fcnyan\u0131n en zengin kad\u0131nlar\u0131ndan biri olan K\u0131ra\u00e7\u2019\u0131n bu \u00f6zel g\u00fcn\u00fc, b\u00fcy\u00fck bir organizasyonla ger\u00e7ekle\u015ftirece\u011fi d\u00fc\u015f\u00fcn\u00fcl\u00fcyor. \u00c7iftin nikah\u0131, i\u015f d\u00fcnyas\u0131 ve magazin camias\u0131 taraf\u0131ndan merakla bekleniyor.<\/p>\n<p><img loading=\"lazy\" decoding=\"async\" class=\"aligncenter wp-image-187085\" src=\"https:\/\/www.tgrthaber.com\/mavikadin\/wp-content\/uploads\/ipek-kirac-in-evlenecegi-kisi-sezer-uysal-kimdir-sezer-uysal-ne-is-yapar-8.jpg\" alt=\"\" width=\"1208\" height=\"680\" title=\"\" srcset=\"https:\/\/www.tgrthaber.com\/mavikadin\/wp-content\/uploads\/ipek-kirac-in-evlenecegi-kisi-sezer-uysal-kimdir-sezer-uysal-ne-is-yapar-8.jpg 1920w, https:\/\/www.tgrthaber.com\/mavikadin\/wp-content\/uploads\/ipek-kirac-in-evlenecegi-kisi-sezer-uysal-kimdir-sezer-uysal-ne-is-yapar-8-300x169.jpg 300w, https:\/\/www.tgrthaber.com\/mavikadin\/wp-content\/uploads\/ipek-kirac-in-evlenecegi-kisi-sezer-uysal-kimdir-sezer-uysal-ne-is-yapar-8-1024x576.jpg 1024w, https:\/\/www.tgrthaber.com\/mavikadin\/wp-content\/uploads\/ipek-kirac-in-evlenecegi-kisi-sezer-uysal-kimdir-sezer-uysal-ne-is-yapar-8-768x432.jpg 768w, https:\/\/www.tgrthaber.com\/mavikadin\/wp-content\/uploads\/ipek-kirac-in-evlenecegi-kisi-sezer-uysal-kimdir-sezer-uysal-ne-is-yapar-8-1536x864.jpg 1536w\" sizes=\"(max-width: 1208px) 100vw, 1208px\" \/><\/p>\n<hr \/>\n<h3>\u0130PEK KIRA\u00c7 K\u0130MD\u0130R?<\/h3>\n<p>\u0130pek K\u0131ra\u00e7 T\u00fcrk i\u015f kad\u0131n\u0131d\u0131r.<\/p>\n<p>29 Kas\u0131m 1984 y\u0131l\u0131nda d\u00fcnyaya geldi. K\u0131ra\u00e7, 2025 y\u0131l\u0131 itibariyle 41 ya\u015f\u0131ndad\u0131r. Ko\u00e7 ailesinden olan Suna K\u0131ra\u00e7 ve \u0130nan K\u0131ra\u00e7 taraf\u0131ndan evlatl\u0131k edinildi. Brown \u00dcniversitesi Biyoloji B\u00f6l\u00fcm\u00fcnden mezun oldu. Halk sa\u011fl\u0131\u011f\u0131 \u00fczerine y\u00fcksek lisans yapt\u0131.<\/p>\n<p><img loading=\"lazy\" decoding=\"async\" class=\"aligncenter wp-image-187084\" src=\"https:\/\/www.tgrthaber.com\/mavikadin\/wp-content\/uploads\/ipek-kirac-in-evlenecegi-kisi-sezer-uysal-kimdir-sezer-uysal-ne-is-yapar-12.jpg\" alt=\"\" width=\"1208\" height=\"680\" title=\"\" srcset=\"https:\/\/www.tgrthaber.com\/mavikadin\/wp-content\/uploads\/ipek-kirac-in-evlenecegi-kisi-sezer-uysal-kimdir-sezer-uysal-ne-is-yapar-12.jpg 1920w, https:\/\/www.tgrthaber.com\/mavikadin\/wp-content\/uploads\/ipek-kirac-in-evlenecegi-kisi-sezer-uysal-kimdir-sezer-uysal-ne-is-yapar-12-300x169.jpg 300w, https:\/\/www.tgrthaber.com\/mavikadin\/wp-content\/uploads\/ipek-kirac-in-evlenecegi-kisi-sezer-uysal-kimdir-sezer-uysal-ne-is-yapar-12-1024x576.jpg 1024w, https:\/\/www.tgrthaber.com\/mavikadin\/wp-content\/uploads\/ipek-kirac-in-evlenecegi-kisi-sezer-uysal-kimdir-sezer-uysal-ne-is-yapar-12-768x432.jpg 768w, https:\/\/www.tgrthaber.com\/mavikadin\/wp-content\/uploads\/ipek-kirac-in-evlenecegi-kisi-sezer-uysal-kimdir-sezer-uysal-ne-is-yapar-12-1536x864.jpg 1536w\" sizes=\"(max-width: 1208px) 100vw, 1208px\" \/><\/p>\n<p>2021 y\u0131l\u0131nda annesi Suna K\u0131ra\u00e7\u2019\u0131n ad\u0131na hitaben \u201cSuna\u2019n\u0131n K\u0131zlar\u0131\u201d e\u011fitim projesini ba\u015flatt\u0131. \u0130pek K\u0131ra\u00e7, Suna ve \u0130nan K\u0131ra\u00e7 Vakf\u0131\u2019n\u0131n Kurucu Y\u00f6netim Kurulu \u00dcyesi g\u00f6revini \u00fcstlenmektedir.<\/p>\n","protected":false},"excerpt":{"rendered":"<p>Ko\u00e7 Holding Y\u00f6netim Kurulu ba\u015fkan vekili Suna K\u0131ra\u00e7 ve \u0130nan K\u0131ra\u00e7\u2019\u0131n evlatl\u0131k k\u0131z\u0131, d\u00fcnyan\u0131n say\u0131l\u0131 zenginlerinden olan \u0130pek K\u0131ra\u00e7, Sezer Uysal ile d\u00fcnya evine giriyor. K\u0131ra\u00e7\u2019\u0131n evlenece\u011fi Sezer Uysal\u2019\u0131n kim oldu\u011fu \u00e7ok merak ediliyor. Sezer Uysal kimdir? Ne i\u015f yapar?<\/p>\n","protected":false},"author":30,"featured_media":187080,"comment_status":"closed","ping_status":"closed","sticky":false,"template":"","format":"standard","meta":{"rank_math_lock_modified_date":false,"footnotes":""},"categories":[491],"tags":[16521,23758,7340,23757,23747],"class_list":["post-187076","post","type-post","status-publish","format-standard","has-post-thumbnail","hentry","category-biyografi","tag-biyografi-haberleri","tag-dj-sezer-uysal","tag-ipek-kirac","tag-ipek-kirac-sevgilisi","tag-sezer-uysal"],"_links":{"self":[{"href":"https:\/\/www.tgrthaber.com\/mavikadin\/wp-json\/wp\/v2\/posts\/187076"}],"collection":[{"href":"https:\/\/www.tgrthaber.com\/mavikadin\/wp-json\/wp\/v2\/posts"}],"about":[{"href":"https:\/\/www.tgrthaber.com\/mavikadin\/wp-json\/wp\/v2\/types\/post"}],"author":[{"embeddable":true,"href":"https:\/\/www.tgrthaber.com\/mavikadin\/wp-json\/wp\/v2\/users\/30"}],"replies":[{"embeddable":true,"href":"https:\/\/www.tgrthaber.com\/mavikadin\/wp-json\/wp\/v2\/comments?post=187076"}],"version-history":[{"count":2,"href":"https:\/\/www.tgrthaber.com\/mavikadin\/wp-json\/wp\/v2\/posts\/187076\/revisions"}],"predecessor-version":[{"id":187089,"href":"https:\/\/www.tgrthaber.com\/mavikadin\/wp-json\/wp\/v2\/posts\/187076\/revisions\/187089"}],"wp:featuredmedia":[{"embeddable":true,"href":"https:\/\/www.tgrthaber.com\/mavikadin\/wp-json\/wp\/v2\/media\/187080"}],"wp:attachment":[{"href":"https:\/\/www.tgrthaber.com\/mavikadin\/wp-json\/wp\/v2\/media?parent=187076"}],"wp:term":[{"taxonomy":"category","embeddable":true,"href":"https:\/\/www.tgrthaber.com\/mavikadin\/wp-json\/wp\/v2\/categories?post=187076"},{"taxonomy":"post_tag","embeddable":true,"href":"https:\/\/www.tgrthaber.com\/mavikadin\/wp-json\/wp\/v2\/tags?post=187076"}],"curies":[{"name":"wp","href":"https:\/\/api.w.org\/{rel}","templated":true}]}}