{"id":187128,"date":"2025-06-04T14:43:01","date_gmt":"2025-06-04T11:43:01","guid":{"rendered":"https:\/\/www.tgrthaber.com\/mavikadin\/?p=187128"},"modified":"2025-06-04T14:59:07","modified_gmt":"2025-06-04T11:59:07","slug":"murat-boz-evlilik-hakkinda-konustu-gorucu-usulu-evlilige-yesil-isik-yakti","status":"publish","type":"post","link":"https:\/\/www.tgrthaber.com\/mavikadin\/murat-boz-evlilik-hakkinda-konustu-gorucu-usulu-evlilige-yesil-isik-yakti\/","title":{"rendered":"Murat Boz evlilik hakk\u0131nda konu\u015ftu! G\u00f6r\u00fcc\u00fc usul\u00fc evlili\u011fe ye\u015fil \u0131\u015f\u0131k yakt\u0131"},"content":{"rendered":"<p>Evlilik hakk\u0131nda yapt\u0131\u011f\u0131 a\u00e7\u0131klamalar\u0131yla dikkat \u00e7eken Murat Boz konser ak\u015fam\u0131 muhabirlerle samimi bir sohbet ger\u00e7ekle\u015ftirdi. Annesinin bo\u015f durmad\u0131\u011f\u0131n\u0131 belirten \u00fcnl\u00fc \u015fark\u0131c\u0131 g\u00f6r\u00fcc\u00fc usul\u00fc evlilik i\u00e7in ye\u015fil \u0131\u015f\u0131k yakt\u0131.<\/p>\n<h3>MURAT BOZ EVL\u0130L\u0130K HAKKINDA KONU\u015eTU!<\/h3>\n<p>Konser verdi\u011fi ak\u015fam muhabirlerle sohbet eden Murat Boz, evlilik hakk\u0131nda konu\u015ftu. Annesinin bo\u015f durmad\u0131\u011f\u0131n\u0131 ifade eden Boz, g\u00f6r\u00fcc\u00fc usul\u00fc evlilik i\u00e7in \u201cNegatif bir bak\u0131\u015f a\u00e7\u0131m yok o i\u015f k\u0131smet i\u015fi. Kar\u015f\u0131na \u00e7\u0131kar bir anda oluverir. Hayat bu ama ben genel olarak \u00f6yle bakm\u0131yorum. Daha \u00e7ok zaman ge\u00e7irdi\u011fim g\u00f6r\u00fc\u015ft\u00fc\u011f\u00fcm birisiyle olmas\u0131na inan\u0131yorum\u201d dedi.<\/p>\n<div style=\"width: 640px;\" class=\"wp-video\"><!--[if lt IE 9]><script>document.createElement('video');<\/script><![endif]-->\n<video class=\"wp-video-shortcode\" id=\"video-187128-1\" width=\"640\" height=\"1138\" preload=\"metadata\" controls=\"controls\"><source type=\"video\/mp4\" src=\"https:\/\/www.tgrthaber.com\/mavikadin\/wp-content\/uploads\/Murat-Boz-1.mp4?_=1\" \/><a href=\"https:\/\/www.tgrthaber.com\/mavikadin\/wp-content\/uploads\/Murat-Boz-1.mp4\">https:\/\/www.tgrthaber.com\/mavikadin\/wp-content\/uploads\/Murat-Boz-1.mp4<\/a><\/video><\/div>\n<hr \/>\n<h3>\u0130MAJ DE\u011e\u0130\u015eT\u0130RD\u0130<\/h3>\n<p>45 ya\u015f\u0131ndaki Murat Boz, yeni imaj\u0131yla da dikkatleri \u00fczerine \u00e7ekmeyi ba\u015fard\u0131. Bilfen Flarmoni Orkestras\u0131 ve Korosu e\u015fli\u011finde bir konser veren Boz, yeni tarz\u0131yla be\u011feni toplad\u0131. Uzun zamandan beri ili\u015fkisi olmayan Murat Boz, \u015fimdilerde sadece kariyeri \u00fczerine yo\u011funla\u015f\u0131yor.<\/p>\n<p><img loading=\"lazy\" decoding=\"async\" class=\"alignnone size-full wp-image-187130\" src=\"https:\/\/www.tgrthaber.com\/mavikadin\/wp-content\/uploads\/Murat-Boz-1.png\" alt=\"\" width=\"1208\" height=\"680\" title=\"\" srcset=\"https:\/\/www.tgrthaber.com\/mavikadin\/wp-content\/uploads\/Murat-Boz-1.png 1208w, https:\/\/www.tgrthaber.com\/mavikadin\/wp-content\/uploads\/Murat-Boz-1-300x169.png 300w, https:\/\/www.tgrthaber.com\/mavikadin\/wp-content\/uploads\/Murat-Boz-1-1024x576.png 1024w, https:\/\/www.tgrthaber.com\/mavikadin\/wp-content\/uploads\/Murat-Boz-1-768x432.png 768w\" sizes=\"(max-width: 1208px) 100vw, 1208px\" \/><\/p>\n<hr \/>\n<p>\u00d6zel konserindeki etkileyici performans\u0131yla be\u011feni toplayan Boz\u2019un sa\u00e7 stilindeki de\u011fi\u015fiklik de hayranlar\u0131n\u0131n ilgisini \u00e7ekti. Instagram hesab\u0131ndan yapt\u0131\u011f\u0131 payla\u015f\u0131mda \u015fu ifadeleri kulland\u0131:<\/p>\n<p>\u201cD\u00fcn muhte\u015fem bir konser verdik. M\u00fcthi\u015f bir orkestra, Bilfen Flarmoni Orkestras\u0131 ve Korosu bana e\u015flik etti. Kariyerimin en anlaml\u0131 konserlerinden biriydi. D\u00fcn ak\u015fam\u0131 bana unutulmaz k\u0131ld\u0131\u011f\u0131n\u0131z i\u00e7in hepinize te\u015fekk\u00fcr ederim. Harikayd\u0131n\u0131z \u00e7ocuklar!\u201d<\/p>\n<p>\u00dcnl\u00fc \u015fark\u0131c\u0131n\u0131n payla\u015f\u0131m\u0131 k\u0131sa s\u00fcrede binlerce be\u011feni ald\u0131.<\/p>\n<p><img loading=\"lazy\" decoding=\"async\" class=\"alignnone size-full wp-image-187131\" src=\"https:\/\/www.tgrthaber.com\/mavikadin\/wp-content\/uploads\/Murat-Boz-2.png\" alt=\"\" width=\"1208\" height=\"680\" title=\"\" srcset=\"https:\/\/www.tgrthaber.com\/mavikadin\/wp-content\/uploads\/Murat-Boz-2.png 1208w, https:\/\/www.tgrthaber.com\/mavikadin\/wp-content\/uploads\/Murat-Boz-2-300x169.png 300w, https:\/\/www.tgrthaber.com\/mavikadin\/wp-content\/uploads\/Murat-Boz-2-1024x576.png 1024w, https:\/\/www.tgrthaber.com\/mavikadin\/wp-content\/uploads\/Murat-Boz-2-768x432.png 768w\" sizes=\"(max-width: 1208px) 100vw, 1208px\" \/><\/p>\n<hr \/>\n<h3>KULLANICILAR YEN\u0130 \u0130MAJINI BE\u011eEND\u0130<\/h3>\n<p>Sanat\u00e7\u0131 yeni imaj\u0131yla dikkat \u00e7ekmeyi ba\u015far\u0131rken yani haline yorum ya\u011fd\u0131.<\/p>\n<h3>&#8220;AMA BU \u0130\u015e NAS\u0130P VE KISMET&#8221;<\/h3>\n<p>Murat Boz y\u0131llar \u00f6nce verdi\u011fi bir r\u00f6portajda evlilik hakk\u0131ndaki d\u00fc\u015f\u00fcncelerini \u015fu \u015fekilde anlatm\u0131\u015ft\u0131:<\/p>\n<p>Evlenme ve \u00e7ocuk yapma hayalin var m\u0131?<\/p>\n<p>\u00c7ocuklar\u0131 \u00e7ok severim. Ge\u00e7enlerde bir arkada\u015f\u0131m\u0131n bebe\u011fi oldu. Kuca\u011f\u0131ma ald\u0131m, a\u011fl\u0131yordu. Yemekte kuca\u011f\u0131mda sallaya sallaya uyuttum. Ama bu i\u015f nasip ve k\u0131smet. Ger\u00e7ekten inand\u0131\u011f\u0131m ve \u2018bu o\u2019 dedi\u011fim ki\u015fi \u00e7\u0131karsa \u00e7ok da bekleyece\u011fimi d\u00fc\u015f\u00fcnm\u00fcyorum.<\/p>\n","protected":false},"excerpt":{"rendered":"<p>\u00dcnl\u00fc \u015fark\u0131c\u0131 Murat Boz konser ak\u015fam\u0131 muhabirlerle samimi bir sohbet ger\u00e7ekle\u015ftirdi. G\u00f6r\u00fcc\u00fc usul\u00fc evlili\u011fe negatif bakmad\u0131\u011f\u0131n\u0131 ifade eden Boz a\u00e7\u0131klamalar\u0131yla \u015fa\u015f\u0131rtt\u0131.<\/p>\n","protected":false},"author":5,"featured_media":187132,"comment_status":"closed","ping_status":"closed","sticky":false,"template":"","format":"standard","meta":{"rank_math_lock_modified_date":false,"footnotes":""},"categories":[76],"tags":[133,18305,23765],"class_list":["post-187128","post","type-post","status-publish","format-standard","has-post-thumbnail","hentry","category-magazin","tag-magazin","tag-murat-boz","tag-murat-boz-evlilik"],"_links":{"self":[{"href":"https:\/\/www.tgrthaber.com\/mavikadin\/wp-json\/wp\/v2\/posts\/187128"}],"collection":[{"href":"https:\/\/www.tgrthaber.com\/mavikadin\/wp-json\/wp\/v2\/posts"}],"about":[{"href":"https:\/\/www.tgrthaber.com\/mavikadin\/wp-json\/wp\/v2\/types\/post"}],"author":[{"embeddable":true,"href":"https:\/\/www.tgrthaber.com\/mavikadin\/wp-json\/wp\/v2\/users\/5"}],"replies":[{"embeddable":true,"href":"https:\/\/www.tgrthaber.com\/mavikadin\/wp-json\/wp\/v2\/comments?post=187128"}],"version-history":[{"count":4,"href":"https:\/\/www.tgrthaber.com\/mavikadin\/wp-json\/wp\/v2\/posts\/187128\/revisions"}],"predecessor-version":[{"id":187145,"href":"https:\/\/www.tgrthaber.com\/mavikadin\/wp-json\/wp\/v2\/posts\/187128\/revisions\/187145"}],"wp:featuredmedia":[{"embeddable":true,"href":"https:\/\/www.tgrthaber.com\/mavikadin\/wp-json\/wp\/v2\/media\/187132"}],"wp:attachment":[{"href":"https:\/\/www.tgrthaber.com\/mavikadin\/wp-json\/wp\/v2\/media?parent=187128"}],"wp:term":[{"taxonomy":"category","embeddable":true,"href":"https:\/\/www.tgrthaber.com\/mavikadin\/wp-json\/wp\/v2\/categories?post=187128"},{"taxonomy":"post_tag","embeddable":true,"href":"https:\/\/www.tgrthaber.com\/mavikadin\/wp-json\/wp\/v2\/tags?post=187128"}],"curies":[{"name":"wp","href":"https:\/\/api.w.org\/{rel}","templated":true}]}}