{"id":187155,"date":"2025-06-04T16:13:38","date_gmt":"2025-06-04T13:13:38","guid":{"rendered":"https:\/\/www.tgrthaber.com\/mavikadin\/?p=187155"},"modified":"2025-06-04T16:13:38","modified_gmt":"2025-06-04T13:13:38","slug":"saclariniz-bu-maskeye-bayilacak-15-dakikada-yaz-boyu-nem-etkisi","status":"publish","type":"post","link":"https:\/\/www.tgrthaber.com\/mavikadin\/saclariniz-bu-maskeye-bayilacak-15-dakikada-yaz-boyu-nem-etkisi\/","title":{"rendered":"Sa\u00e7lar\u0131n\u0131z bu maskeye bay\u0131lacak! 15 dakikada yaz boyu nem etkisi"},"content":{"rendered":"<p>Yaz\u0131n sa\u00e7lar\u0131m\u0131z istemeden kuruyabilir ve s\u0131caktan hacmini kaybedebilir. Sizde yaz\u0131n sa\u00e7lar\u0131n\u0131z\u0131n kurumas\u0131ndan korkanlardansan\u0131z dikkat! G\u00fcne\u015ften kuruyan sa\u00e7lar\u0131 an\u0131nda nemlendirecek ve yaz boyu nemli tutacak muhte\u015fem kar\u0131\u015f\u0131m\u0131 sizin i\u00e7in ara\u015ft\u0131rd\u0131k. Sa\u00e7lar\u0131n\u0131z bu maskeye bay\u0131lacak. Sa\u00e7lar\u0131n\u0131zda 15 dakikada yaz boyu nem etkisi olu\u015fturmak istiyorsan\u0131z bu maskeye kesinlikle \u015fans vermelisiniz. Evde kolayca haz\u0131rlayabilece\u011finiz ve uygulayabilece\u011finiz bu maske sayesinde sa\u00e7lar\u0131n\u0131z yaz boyu nemli kalacak! \u0130\u015fte 15 dakikada yaz boyu sa\u00e7lar\u0131n\u0131za nem etkisi yapacak muhte\u015fem maske\u2026<\/p>\n<h3>SA\u00c7LARINIZ BU MASKEYE BAYILACAK!<\/h3>\n<p>Yaz aylar\u0131n\u0131n kavurucu g\u00fcne\u015fi, deniz tuzu ve klor derken sa\u00e7lar\u0131n\u0131z y\u0131pranmaya m\u0131 ba\u015flad\u0131? Endi\u015felenmenize gerek yok! Sadece 15 dakikada uygulayabilece\u011finiz bu do\u011fal ya\u011f maskesi sayesinde sa\u00e7lar\u0131n\u0131za yaz boyu s\u00fcrecek yo\u011fun bir nem kazand\u0131rabilirsiniz. \u00dcstelik bu maskeyi evdeki malzemelerle haz\u0131rlamak olduk\u00e7a kolay!<\/p>\n<p><img loading=\"lazy\" decoding=\"async\" class=\"alignnone wp-image-187158\" src=\"https:\/\/www.tgrthaber.com\/mavikadin\/wp-content\/uploads\/saci-nemlendiren-maske-2-1024x576.jpg\" alt=\"Sa\u00e7lar\u0131n\u0131z bu maskeye bay\u0131lacak! 15 dakikada yaz boyu nem etkisi\" width=\"1208\" height=\"680\" title=\"\" srcset=\"https:\/\/www.tgrthaber.com\/mavikadin\/wp-content\/uploads\/saci-nemlendiren-maske-2-1024x576.jpg 1024w, https:\/\/www.tgrthaber.com\/mavikadin\/wp-content\/uploads\/saci-nemlendiren-maske-2-300x169.jpg 300w, https:\/\/www.tgrthaber.com\/mavikadin\/wp-content\/uploads\/saci-nemlendiren-maske-2-768x432.jpg 768w, https:\/\/www.tgrthaber.com\/mavikadin\/wp-content\/uploads\/saci-nemlendiren-maske-2-1536x864.jpg 1536w, https:\/\/www.tgrthaber.com\/mavikadin\/wp-content\/uploads\/saci-nemlendiren-maske-2.jpg 1600w\" sizes=\"(max-width: 1208px) 100vw, 1208px\" \/><\/p>\n<hr \/>\n<p>Yaz boyu kuruyan sa\u00e7lara elveda demenin vakti sizce de gelmedi mi? Sizde sa\u00e7lar\u0131n\u0131z\u0131n yaz boyu parlamas\u0131n\u0131 ve neme doymas\u0131n\u0131 istiyorsan\u0131z hemen bu maskeyi yapmal\u0131s\u0131n\u0131z! Sa\u00e7lar\u0131n\u0131z\u0131n yaz boyu nemli kalmas\u0131n\u0131 sa\u011flayan ya\u011f maskesiyle yaz\u0131 parlak sa\u00e7larla ge\u00e7irmeye haz\u0131r olun! Yaz\u0131n s\u0131ca\u011f\u0131n\u0131n sa\u00e7lar\u0131n\u0131z\u0131 kurutup y\u0131pratmas\u0131na izin vermeyin! Sadece 15 dakikan\u0131z\u0131 alacak bu maskeye bir \u015fans verin.<\/p>\n<p><img loading=\"lazy\" decoding=\"async\" class=\"alignnone wp-image-187159\" src=\"https:\/\/www.tgrthaber.com\/mavikadin\/wp-content\/uploads\/saci-nemlendiren-maske-4-1024x576.jpg\" alt=\"Sa\u00e7lar\u0131n\u0131z bu maskeye bay\u0131lacak! 15 dakikada yaz boyu nem etkisi\" width=\"1208\" height=\"680\" title=\"\" srcset=\"https:\/\/www.tgrthaber.com\/mavikadin\/wp-content\/uploads\/saci-nemlendiren-maske-4-1024x576.jpg 1024w, https:\/\/www.tgrthaber.com\/mavikadin\/wp-content\/uploads\/saci-nemlendiren-maske-4-300x169.jpg 300w, https:\/\/www.tgrthaber.com\/mavikadin\/wp-content\/uploads\/saci-nemlendiren-maske-4-768x432.jpg 768w, https:\/\/www.tgrthaber.com\/mavikadin\/wp-content\/uploads\/saci-nemlendiren-maske-4-1536x864.jpg 1536w, https:\/\/www.tgrthaber.com\/mavikadin\/wp-content\/uploads\/saci-nemlendiren-maske-4.jpg 1600w\" sizes=\"(max-width: 1208px) 100vw, 1208px\" \/><\/p>\n<hr \/>\n<h3>15 DAK\u0130KADA SA\u00c7LARINIZDA YAZ BOYU NEM ETK\u0130S\u0130 OLU\u015eTURUN!<\/h3>\n<p>Yaz mevsimi boyunca sa\u00e7 tellerinizin kurumas\u0131n\u0131 ve matla\u015fmas\u0131n\u0131 \u00f6nlemek i\u00e7in haftada 1 kez uygulayabilece\u011finiz bu maske, i\u00e7eri\u011findeki do\u011fal ya\u011flarla sa\u00e7lara hem bak\u0131m yap\u0131yor hem de parlakl\u0131k kat\u0131yor. \u00dcstelik evde kolayca haz\u0131rlayabilece\u011finiz bu maske sa\u00e7lar\u0131n\u0131z\u0131 yaz boyu nemlendiriyor.<\/p>\n<p><img loading=\"lazy\" decoding=\"async\" class=\"alignnone wp-image-187160\" src=\"https:\/\/www.tgrthaber.com\/mavikadin\/wp-content\/uploads\/saci-nemlendiren-maske-1024x576.jpg\" alt=\"Sa\u00e7lar\u0131n\u0131z bu maskeye bay\u0131lacak! 15 dakikada yaz boyu nem etkisi\" width=\"1208\" height=\"680\" title=\"\" srcset=\"https:\/\/www.tgrthaber.com\/mavikadin\/wp-content\/uploads\/saci-nemlendiren-maske-1024x576.jpg 1024w, https:\/\/www.tgrthaber.com\/mavikadin\/wp-content\/uploads\/saci-nemlendiren-maske-300x169.jpg 300w, https:\/\/www.tgrthaber.com\/mavikadin\/wp-content\/uploads\/saci-nemlendiren-maske-768x432.jpg 768w, https:\/\/www.tgrthaber.com\/mavikadin\/wp-content\/uploads\/saci-nemlendiren-maske-1536x864.jpg 1536w, https:\/\/www.tgrthaber.com\/mavikadin\/wp-content\/uploads\/saci-nemlendiren-maske.jpg 1600w\" sizes=\"(max-width: 1208px) 100vw, 1208px\" \/><\/p>\n<hr \/>\n<p>Sizde yaz\u0131n kavurucu s\u0131ca\u011f\u0131 tam olarak etkisini g\u00f6stermeden sadece 15 dakikan\u0131z\u0131 ay\u0131rarak ya\u011f maskesiyle yaz boyu sa\u00e7lar\u0131n\u0131z\u0131 koruyun. Sa\u00e7lar\u0131n\u0131z yaz\u0131n da \u0131\u015f\u0131l \u0131\u015f\u0131l g\u00f6z\u00fcks\u00fcn ve canl\u0131l\u0131\u011f\u0131n\u0131 korusun istiyorsan\u0131z verece\u011fimiz bu maske tarifini mutlaka deneyin. \u0130\u015fte 15 dakikada yaz boyu sa\u00e7lar\u0131n\u0131za nem etkisi yapacak muhte\u015fem maske\u2026<\/p>\n<h3>YAZ BOYU SA\u00c7I NEML\u0130 TUTACAK YA\u011e MASKES\u0130!<\/h3>\n<p>Sa\u00e7\u0131n\u0131z\u0131 yaz boyu nemli tutacak bu kar\u0131\u015f\u0131m, sa\u00e7 tellerine derinlemesine n\u00fcfuz ederek nem bariyerini g\u00fc\u00e7lendiriyor. \u00d6zellikle deniz ya da havuz sonras\u0131 kullan\u0131ld\u0131\u011f\u0131nda, sa\u00e7larda olu\u015fabilecek kuruluk ve k\u0131r\u0131lmay\u0131 en aza indiriyor. Hindistancevizi ya\u011f\u0131 nemlendirirken, zeytinya\u011f\u0131 sa\u00e7\u0131n elastikiyetini art\u0131r\u0131yor. Argan ya\u011f\u0131 ise sa\u00e7 u\u00e7lar\u0131ndaki k\u0131r\u0131klar\u0131 onarmaya yard\u0131mc\u0131 oluyor.<\/p>\n<p><img loading=\"lazy\" decoding=\"async\" class=\"alignnone wp-image-187161\" src=\"https:\/\/www.tgrthaber.com\/mavikadin\/wp-content\/uploads\/saci-nemlendiren-maske-3-1024x576.jpg\" alt=\"Sa\u00e7lar\u0131n\u0131z bu maskeye bay\u0131lacak! 15 dakikada yaz boyu nem etkisi\" width=\"1208\" height=\"680\" title=\"\" srcset=\"https:\/\/www.tgrthaber.com\/mavikadin\/wp-content\/uploads\/saci-nemlendiren-maske-3-1024x576.jpg 1024w, https:\/\/www.tgrthaber.com\/mavikadin\/wp-content\/uploads\/saci-nemlendiren-maske-3-300x169.jpg 300w, https:\/\/www.tgrthaber.com\/mavikadin\/wp-content\/uploads\/saci-nemlendiren-maske-3-768x432.jpg 768w, https:\/\/www.tgrthaber.com\/mavikadin\/wp-content\/uploads\/saci-nemlendiren-maske-3-1536x864.jpg 1536w, https:\/\/www.tgrthaber.com\/mavikadin\/wp-content\/uploads\/saci-nemlendiren-maske-3.jpg 1600w\" sizes=\"(max-width: 1208px) 100vw, 1208px\" \/><\/p>\n<hr \/>\n<p><strong>Malzemeler:<\/strong><\/p>\n<ul>\n<li>1 yemek ka\u015f\u0131\u011f\u0131 hindistancevizi ya\u011f\u0131<\/li>\n<li>1 yemek ka\u015f\u0131\u011f\u0131 zeytinya\u011f\u0131<\/li>\n<li>1 \u00e7ay ka\u015f\u0131\u011f\u0131 argan ya\u011f\u0131<\/li>\n<li>3-4 damla E vitamini ya\u011f\u0131 (iste\u011fe ba\u011fl\u0131)<\/li>\n<\/ul>\n<p><strong>Haz\u0131rlan\u0131\u015f\u0131 ve Uygulama:<\/strong><\/p>\n<ul>\n<li>T\u00fcm ya\u011flar\u0131 cam bir kasede kar\u0131\u015ft\u0131r\u0131n.<\/li>\n<li>Kar\u0131\u015f\u0131m\u0131 sa\u00e7 diplerinden u\u00e7lara do\u011fru masaj yaparak uygulay\u0131n.<\/li>\n<li>Sa\u00e7lar\u0131n\u0131z\u0131 bone ya da stre\u00e7 filmle sararak 15 dakika bekletin.<\/li>\n<li>Son olarak sa\u00e7lar\u0131n\u0131z\u0131 \u0131l\u0131k suyla ve s\u00fclfats\u0131z bir \u015fampuanla durulay\u0131n.<\/li>\n<\/ul>\n<p><img loading=\"lazy\" decoding=\"async\" class=\"alignnone wp-image-187162\" src=\"https:\/\/www.tgrthaber.com\/mavikadin\/wp-content\/uploads\/saci-nemlendiren-maske-5-1024x576.jpg\" alt=\"Sa\u00e7lar\u0131n\u0131z bu maskeye bay\u0131lacak! 15 dakikada yaz boyu nem etkisi\" width=\"1208\" height=\"680\" title=\"\" srcset=\"https:\/\/www.tgrthaber.com\/mavikadin\/wp-content\/uploads\/saci-nemlendiren-maske-5-1024x576.jpg 1024w, https:\/\/www.tgrthaber.com\/mavikadin\/wp-content\/uploads\/saci-nemlendiren-maske-5-300x169.jpg 300w, https:\/\/www.tgrthaber.com\/mavikadin\/wp-content\/uploads\/saci-nemlendiren-maske-5-768x432.jpg 768w, https:\/\/www.tgrthaber.com\/mavikadin\/wp-content\/uploads\/saci-nemlendiren-maske-5-1536x864.jpg 1536w, https:\/\/www.tgrthaber.com\/mavikadin\/wp-content\/uploads\/saci-nemlendiren-maske-5.jpg 1600w\" sizes=\"(max-width: 1208px) 100vw, 1208px\" \/><\/p>\n<hr \/>\n<p>Haftada sadece 15 dakika ay\u0131rarak, sa\u00e7lar\u0131n\u0131z\u0131 yaz boyunca canl\u0131 ve nemli tutmak olduk\u00e7a kolay. \u00dcstelik bu do\u011fal tarifle sa\u00e7lar\u0131n\u0131z hem sa\u011fl\u0131kl\u0131 g\u00f6r\u00fcnecek hem de mis gibi kokacak! Sa\u00e7 bak\u0131m rutininize bu maskeyi eklemeyi unutmay\u0131n.<\/p>\n","protected":false},"excerpt":{"rendered":"<p>Yaz\u0131n gelmesiyle birlikte sa\u00e7lardaki kuruluk oran\u0131 da art\u0131\u015f g\u00f6stermeye ba\u015flad\u0131. Sizde bu yaz sa\u00e7lar\u0131n\u0131z neme doysun istiyorsan\u0131z bu maskeyi mutlaka yapmal\u0131s\u0131n\u0131z! \u0130\u015fte detaylar\u2026<\/p>\n","protected":false},"author":26,"featured_media":187157,"comment_status":"closed","ping_status":"closed","sticky":false,"template":"","format":"standard","meta":{"rank_math_lock_modified_date":false,"footnotes":""},"categories":[166],"tags":[19043,2832,17995,23767],"class_list":["post-187155","post","type-post","status-publish","format-standard","has-post-thumbnail","hentry","category-sac-bakimi-sac-uzatma","tag-sac-bakim-haberleri","tag-sac-bakimi","tag-sac-bakimi-ve-sac-uzatma-haberi","tag-sac-kurulugu"],"_links":{"self":[{"href":"https:\/\/www.tgrthaber.com\/mavikadin\/wp-json\/wp\/v2\/posts\/187155"}],"collection":[{"href":"https:\/\/www.tgrthaber.com\/mavikadin\/wp-json\/wp\/v2\/posts"}],"about":[{"href":"https:\/\/www.tgrthaber.com\/mavikadin\/wp-json\/wp\/v2\/types\/post"}],"author":[{"embeddable":true,"href":"https:\/\/www.tgrthaber.com\/mavikadin\/wp-json\/wp\/v2\/users\/26"}],"replies":[{"embeddable":true,"href":"https:\/\/www.tgrthaber.com\/mavikadin\/wp-json\/wp\/v2\/comments?post=187155"}],"version-history":[{"count":2,"href":"https:\/\/www.tgrthaber.com\/mavikadin\/wp-json\/wp\/v2\/posts\/187155\/revisions"}],"predecessor-version":[{"id":187164,"href":"https:\/\/www.tgrthaber.com\/mavikadin\/wp-json\/wp\/v2\/posts\/187155\/revisions\/187164"}],"wp:featuredmedia":[{"embeddable":true,"href":"https:\/\/www.tgrthaber.com\/mavikadin\/wp-json\/wp\/v2\/media\/187157"}],"wp:attachment":[{"href":"https:\/\/www.tgrthaber.com\/mavikadin\/wp-json\/wp\/v2\/media?parent=187155"}],"wp:term":[{"taxonomy":"category","embeddable":true,"href":"https:\/\/www.tgrthaber.com\/mavikadin\/wp-json\/wp\/v2\/categories?post=187155"},{"taxonomy":"post_tag","embeddable":true,"href":"https:\/\/www.tgrthaber.com\/mavikadin\/wp-json\/wp\/v2\/tags?post=187155"}],"curies":[{"name":"wp","href":"https:\/\/api.w.org\/{rel}","templated":true}]}}