{"id":187180,"date":"2025-06-04T16:54:03","date_gmt":"2025-06-04T13:54:03","guid":{"rendered":"https:\/\/www.tgrthaber.com\/mavikadin\/?p=187180"},"modified":"2025-06-04T16:54:04","modified_gmt":"2025-06-04T13:54:04","slug":"sarkici-simalin-esi-necati-aricidan-yurek-burkan-paylasim-simal-yildizlarinin-altinda-yeniden-bulusacagiz","status":"publish","type":"post","link":"https:\/\/www.tgrthaber.com\/mavikadin\/sarkici-simalin-esi-necati-aricidan-yurek-burkan-paylasim-simal-yildizlarinin-altinda-yeniden-bulusacagiz\/","title":{"rendered":"\u015eark\u0131c\u0131 \u015eimal\u2019in e\u015fi Necati Ar\u0131c\u0131\u2019dan y\u00fcrek burkan payla\u015f\u0131m! \u201c\u015eimal y\u0131ld\u0131zlar\u0131n\u0131n alt\u0131nda yeniden bulu\u015faca\u011f\u0131z\u201d"},"content":{"rendered":"<p>Ba\u015far\u0131l\u0131 m\u00fczik kariyeriyle ad\u0131n\u0131 duyuran \u00fcnl\u00fc \u015fark\u0131c\u0131 \u015eimal, uzun bir s\u00fcredir kanser tedavisi g\u00f6rd\u00fc\u011f\u00fc hastal\u0131\u011fa yenik d\u00fc\u015ft\u00fc. Ge\u00e7ti\u011fimiz g\u00fcnlerde hayata g\u00f6zlerini yuman \u00fcnl\u00fc \u015fark\u0131c\u0131, vefat haberiyle sevenlerini derin bir h\u00fczne bo\u011fdu. E\u015fi Necati Ar\u0131c\u0131\u2019y\u0131 g\u00f6z\u00fc ya\u015fl\u0131 b\u0131rakan \u015eimal, 30 May\u0131s\u2019ta hayat m\u00fccadelesini noktalam\u0131\u015ft\u0131. Tedavi s\u00fcreci boyunca bir an olsun e\u015finin yan\u0131ndan ayr\u0131lmayan Necati Ar\u0131c\u0131\u2019dan y\u00fcrek burkan payla\u015f\u0131m geldi. Necati Ar\u0131c\u0131 sosyal medya hesab\u0131ndan yapt\u0131\u011f\u0131 payla\u015f\u0131mla y\u00fcrekleri da\u011flad\u0131.<\/p>\n<h3>\u015eARKICI \u015e\u0130MAL\u2019\u0130N E\u015e\u0130 NECAT\u0130 ARICI\u2019DAN Y\u00dcREK BURKAN PAYLA\u015eIM!<\/h3>\n<p>Yakla\u015f\u0131k 4 y\u0131l boyunca kanser tedavisi g\u00f6ren \u00fcnl\u00fc \u015fark\u0131c\u0131 \u015eimal, 30 May\u0131s\u2019ta hayat\u0131n\u0131 kaybetmi\u015fti. Bir s\u00fcredir kanser hastal\u0131\u011f\u0131 ve \u00e7e\u015fitli sa\u011fl\u0131k sorunlar\u0131yla m\u00fccadele eden \u00fcnl\u00fc \u015fark\u0131c\u0131, ge\u00e7ti\u011fimiz g\u00fcnlerde hayata g\u00f6zlerini yummu\u015f ve sevenlerini derin bir h\u00fczne bo\u011fmu\u015ftu.<\/p>\n<p><img loading=\"lazy\" decoding=\"async\" class=\"alignnone wp-image-187189\" src=\"https:\/\/www.tgrthaber.com\/mavikadin\/wp-content\/uploads\/Necati-Arici-1024x576.jpg\" alt=\"\u015eark\u0131c\u0131 \u015eimal\u2019in e\u015fi Necati Ar\u0131c\u0131\u2019dan y\u00fcrek burkan payla\u015f\u0131m! \u201c\u015eimal y\u0131ld\u0131zlar\u0131n\u0131n alt\u0131nda yeniden bulu\u015faca\u011f\u0131z\u201d\" width=\"1208\" height=\"680\" title=\"\" srcset=\"https:\/\/www.tgrthaber.com\/mavikadin\/wp-content\/uploads\/Necati-Arici-1024x576.jpg 1024w, https:\/\/www.tgrthaber.com\/mavikadin\/wp-content\/uploads\/Necati-Arici-300x169.jpg 300w, https:\/\/www.tgrthaber.com\/mavikadin\/wp-content\/uploads\/Necati-Arici-768x432.jpg 768w, https:\/\/www.tgrthaber.com\/mavikadin\/wp-content\/uploads\/Necati-Arici-1536x864.jpg 1536w, https:\/\/www.tgrthaber.com\/mavikadin\/wp-content\/uploads\/Necati-Arici.jpg 1600w\" sizes=\"(max-width: 1208px) 100vw, 1208px\" \/><\/p>\n<hr \/>\n<p>\u015eimal\u2019in e\u015fi Necati Ar\u0131c\u0131, gelen ac\u0131 haberle sars\u0131lm\u0131\u015f ve \u00fcnl\u00fc \u015fark\u0131c\u0131n\u0131n vefat haberini sevenleriyle payla\u015fm\u0131\u015ft\u0131. \u00dcnl\u00fc \u015fark\u0131c\u0131n\u0131n ac\u0131 haberi duyan t\u00fcm yak\u0131n dostlar\u0131 onu son yolculu\u011funda yaln\u0131z b\u0131rakmam\u0131\u015ft\u0131.<\/p>\n<p><img loading=\"lazy\" decoding=\"async\" class=\"alignnone wp-image-187184\" src=\"https:\/\/www.tgrthaber.com\/mavikadin\/wp-content\/uploads\/Necati-Arici-3-1024x576.jpg\" alt=\"\u015eark\u0131c\u0131 \u015eimal\u2019in e\u015fi Necati Ar\u0131c\u0131\u2019dan y\u00fcrek burkan payla\u015f\u0131m! \u201c\u015eimal y\u0131ld\u0131zlar\u0131n\u0131n alt\u0131nda yeniden bulu\u015faca\u011f\u0131z\u201d\" width=\"1208\" height=\"680\" title=\"\" srcset=\"https:\/\/www.tgrthaber.com\/mavikadin\/wp-content\/uploads\/Necati-Arici-3-1024x576.jpg 1024w, https:\/\/www.tgrthaber.com\/mavikadin\/wp-content\/uploads\/Necati-Arici-3-300x169.jpg 300w, https:\/\/www.tgrthaber.com\/mavikadin\/wp-content\/uploads\/Necati-Arici-3-768x432.jpg 768w, https:\/\/www.tgrthaber.com\/mavikadin\/wp-content\/uploads\/Necati-Arici-3-1536x864.jpg 1536w, https:\/\/www.tgrthaber.com\/mavikadin\/wp-content\/uploads\/Necati-Arici-3.jpg 1600w\" sizes=\"(max-width: 1208px) 100vw, 1208px\" \/><\/p>\n<hr \/>\n<p>39 ya\u015f\u0131nda hayat\u0131n\u0131 kaybeden \u015eimal i\u00e7in ilk t\u00f6ren \u0130stanbul Karacaahmet Mezarl\u0131\u011f\u0131\u2019nda d\u00fczenlenmi\u015fti. T\u00f6rene kat\u0131lanlar aras\u0131nda Murat Dalk\u0131l\u0131\u00e7, Derya Ulu\u011f ve Merve \u00d6zbey\u2019de vard\u0131. E\u015fi \u015eimal\u2019in vefat\u0131yla sars\u0131lan Necati Ar\u0131c\u0131, \u00fcnl\u00fc \u015fark\u0131c\u0131n\u0131n tabutu ba\u015f\u0131nda zor anlar ya\u015fam\u0131\u015f ve g\u00f6zya\u015flar\u0131na hakim olamam\u0131\u015ft\u0131.<\/p>\n<p>\u015eark\u0131c\u0131 \u015eimal\u2019in cenazesi \u0130stanbul Karacaahmet Mezarl\u0131\u011f\u0131\u2019nda d\u00fczenlenen t\u00f6renin ard\u0131ndan Ku\u015fadas\u0131\u2019na g\u00f6t\u00fcr\u00fclm\u00fc\u015f ve Adal\u0131zade Mezarl\u0131\u011f\u0131\u2019na defnedilmi\u015fti. E\u015fini kaybetti\u011fi g\u00fcnden bu yana sosyal medyadan duygusal payla\u015f\u0131mlarda bulunan Necati Ar\u0131c\u0131\u2019dan yeni bir payla\u015f\u0131m geldi. Ar\u0131c\u0131, duygusal payla\u015f\u0131m\u0131yla y\u00fcrekleri da\u011flad\u0131.<\/p>\n<p><img loading=\"lazy\" decoding=\"async\" class=\"alignnone wp-image-187186\" src=\"https:\/\/www.tgrthaber.com\/mavikadin\/wp-content\/uploads\/Necati-Arici-4-1024x576.jpg\" alt=\"\u015eark\u0131c\u0131 \u015eimal\u2019in e\u015fi Necati Ar\u0131c\u0131\u2019dan y\u00fcrek burkan payla\u015f\u0131m! \u201c\u015eimal y\u0131ld\u0131zlar\u0131n\u0131n alt\u0131nda yeniden bulu\u015faca\u011f\u0131z\u201d\" width=\"1208\" height=\"680\" title=\"\" srcset=\"https:\/\/www.tgrthaber.com\/mavikadin\/wp-content\/uploads\/Necati-Arici-4-1024x576.jpg 1024w, https:\/\/www.tgrthaber.com\/mavikadin\/wp-content\/uploads\/Necati-Arici-4-300x169.jpg 300w, https:\/\/www.tgrthaber.com\/mavikadin\/wp-content\/uploads\/Necati-Arici-4-768x432.jpg 768w, https:\/\/www.tgrthaber.com\/mavikadin\/wp-content\/uploads\/Necati-Arici-4-1536x864.jpg 1536w, https:\/\/www.tgrthaber.com\/mavikadin\/wp-content\/uploads\/Necati-Arici-4.jpg 1600w\" sizes=\"(max-width: 1208px) 100vw, 1208px\" \/><\/p>\n<hr \/>\n<h3>\u201c\u015e\u0130MAL YILDIZLARININ ALTINDA YEN\u0130DEN BULU\u015eACA\u011eIZ\u201d<\/h3>\n<p>Tedavi s\u00fcreci boyunca bir an olsun e\u015fi \u015eimal\u2019in yan\u0131ndan ayr\u0131lmayan Necati Ar\u0131c\u0131\u2019dan y\u00fcrek burkan yeni bir payla\u015f\u0131m geldi. Ar\u0131c\u0131, sosyal medya hesab\u0131ndan yapt\u0131\u011f\u0131 payla\u015f\u0131mla y\u00fcrekleri da\u011flad\u0131. \u015eimal\u2019in vefat\u0131ndan bu yana s\u0131k s\u0131k e\u015fine olan \u00f6zlemini dile getiren Ar\u0131c\u0131, Instagram\u2019dan yapt\u0131\u011f\u0131 payla\u015f\u0131ma \u015fu notu d\u00fc\u015ft\u00fc:<\/p>\n<p><img loading=\"lazy\" decoding=\"async\" class=\"alignnone wp-image-187188\" src=\"https:\/\/www.tgrthaber.com\/mavikadin\/wp-content\/uploads\/Necati-Arici-1-1024x576.jpg\" alt=\"\u015eark\u0131c\u0131 \u015eimal\u2019in e\u015fi Necati Ar\u0131c\u0131\u2019dan y\u00fcrek burkan payla\u015f\u0131m! \u201c\u015eimal y\u0131ld\u0131zlar\u0131n\u0131n alt\u0131nda yeniden bulu\u015faca\u011f\u0131z\u201d\" width=\"1208\" height=\"680\" title=\"\" srcset=\"https:\/\/www.tgrthaber.com\/mavikadin\/wp-content\/uploads\/Necati-Arici-1-1024x576.jpg 1024w, https:\/\/www.tgrthaber.com\/mavikadin\/wp-content\/uploads\/Necati-Arici-1-300x169.jpg 300w, https:\/\/www.tgrthaber.com\/mavikadin\/wp-content\/uploads\/Necati-Arici-1-768x432.jpg 768w, https:\/\/www.tgrthaber.com\/mavikadin\/wp-content\/uploads\/Necati-Arici-1-1536x864.jpg 1536w, https:\/\/www.tgrthaber.com\/mavikadin\/wp-content\/uploads\/Necati-Arici-1.jpg 1600w\" sizes=\"(max-width: 1208px) 100vw, 1208px\" \/><\/p>\n<hr \/>\n<p>\u201cSen benim hayat yolculu\u011fumdaki en g\u00fczel durakt\u0131n. Seninle payla\u015ft\u0131\u011f\u0131m her an, kalbimde \u00f6l\u00fcms\u00fcz bir iz b\u0131rakt\u0131. Biliyorum ki \u015fimal y\u0131ld\u0131zlar\u0131n\u0131n alt\u0131nda yeniden bulu\u015faca\u011f\u0131z. Beni bekle, seni sevmeye sonsuz kadar devam edece\u011fim. G\u00fczel y\u00fczl\u00fcm mekan\u0131n cennet olsun. Seni \u00e7ok seviyorum.\u201d<\/p>\n","protected":false},"excerpt":{"rendered":"<p>Ge\u00e7ti\u011fimiz g\u00fcnlerde kanser hastal\u0131\u011f\u0131 y\u00fcz\u00fcnden hayat\u0131n\u0131 kaybeden \u00fcnl\u00fc \u015fark\u0131c\u0131 \u015eimal\u2019in e\u015fi Necati Ar\u0131c\u0131\u2019dan y\u00fcrek burkan payla\u015f\u0131m geldi. Tedavisi boyunca \u00fcnl\u00fc \u015fark\u0131c\u0131n\u0131n yan\u0131ndan ayr\u0131lmayan e\u015fi, yapt\u0131\u011f\u0131 duygusal payla\u015f\u0131mla y\u00fcrekleri da\u011flad\u0131. <\/p>\n","protected":false},"author":26,"featured_media":187182,"comment_status":"closed","ping_status":"closed","sticky":false,"template":"","format":"standard","meta":{"rank_math_lock_modified_date":false,"footnotes":""},"categories":[76],"tags":[133,2218,20573,23619,4124],"class_list":["post-187180","post","type-post","status-publish","format-standard","has-post-thumbnail","hentry","category-magazin","tag-magazin","tag-magazin-haberleri","tag-necati-arici","tag-necati-arici-paylasimi","tag-sarkici-simal"],"_links":{"self":[{"href":"https:\/\/www.tgrthaber.com\/mavikadin\/wp-json\/wp\/v2\/posts\/187180"}],"collection":[{"href":"https:\/\/www.tgrthaber.com\/mavikadin\/wp-json\/wp\/v2\/posts"}],"about":[{"href":"https:\/\/www.tgrthaber.com\/mavikadin\/wp-json\/wp\/v2\/types\/post"}],"author":[{"embeddable":true,"href":"https:\/\/www.tgrthaber.com\/mavikadin\/wp-json\/wp\/v2\/users\/26"}],"replies":[{"embeddable":true,"href":"https:\/\/www.tgrthaber.com\/mavikadin\/wp-json\/wp\/v2\/comments?post=187180"}],"version-history":[{"count":2,"href":"https:\/\/www.tgrthaber.com\/mavikadin\/wp-json\/wp\/v2\/posts\/187180\/revisions"}],"predecessor-version":[{"id":187191,"href":"https:\/\/www.tgrthaber.com\/mavikadin\/wp-json\/wp\/v2\/posts\/187180\/revisions\/187191"}],"wp:featuredmedia":[{"embeddable":true,"href":"https:\/\/www.tgrthaber.com\/mavikadin\/wp-json\/wp\/v2\/media\/187182"}],"wp:attachment":[{"href":"https:\/\/www.tgrthaber.com\/mavikadin\/wp-json\/wp\/v2\/media?parent=187180"}],"wp:term":[{"taxonomy":"category","embeddable":true,"href":"https:\/\/www.tgrthaber.com\/mavikadin\/wp-json\/wp\/v2\/categories?post=187180"},{"taxonomy":"post_tag","embeddable":true,"href":"https:\/\/www.tgrthaber.com\/mavikadin\/wp-json\/wp\/v2\/tags?post=187180"}],"curies":[{"name":"wp","href":"https:\/\/api.w.org\/{rel}","templated":true}]}}