{"id":187235,"date":"2025-06-04T18:51:57","date_gmt":"2025-06-04T15:51:57","guid":{"rendered":"https:\/\/www.tgrthaber.com\/mavikadin\/?p=187235"},"modified":"2025-06-04T18:51:57","modified_gmt":"2025-06-04T15:51:57","slug":"emre-izer-kimdir-emre-izer-kac-yasinda-ve-ne-is-yapar","status":"publish","type":"post","link":"https:\/\/www.tgrthaber.com\/mavikadin\/emre-izer-kimdir-emre-izer-kac-yasinda-ve-ne-is-yapar\/","title":{"rendered":"Emre \u0130zer kimdir? Emre \u0130zer ka\u00e7 ya\u015f\u0131nda ve ne i\u015f yapar?"},"content":{"rendered":"<p>&#8220;G\u00fcne\u015fi Beklerken&#8221;, &#8220;Hayat\u0131m\u0131n A\u015fk\u0131&#8221;, &#8220;Can K\u0131r\u0131klar\u0131&#8221;, &#8220;Annemizi Saklarken&#8221;, \u201cTa\u015f Ka\u011f\u0131t Makas\u201d gibi dizilerden tan\u0131d\u0131\u011f\u0131m\u0131z g\u00fczel oyuncu Hande Do\u011fandemir bir s\u00fcredir Emre \u0130zer ile birlikte. Emre \u0130zer ismini duyanlar Emre \u0130zer&#8217;in kim oldu\u011funu, evli olup olmad\u0131\u011f\u0131n\u0131 internet \u00fczerinden ara\u015ft\u0131rmaya ba\u015flad\u0131. Emre \u0130zer kimdir? Emre \u0130zer ka\u00e7 ya\u015f\u0131nda ve ne i\u015f yapar? Ayr\u0131nt\u0131lar haberimizde.<\/p>\n<h3>EMRE \u0130ZER K\u0130MD\u0130R?<\/h3>\n<p>Emre \u0130zer T\u00fcrk \u0130\u00e7 mimard\u0131r. 1977 senesinde \u0130stanbul\u2019da d\u00fcnyaya geldi. \u0130stanbul \u015ei\u015fli Koleji&#8217;nden mezun oldu. Bilkent \u00dcniversitesi G\u00fczel Sanatlar, Tasar\u0131m ve Mimarl\u0131k Fak\u00fcltesi&#8217;ni bitirdi.<\/p>\n<p>Bilkentte ald\u0131\u011f\u0131 e\u011fitim mimari alandaki yeteneklerinin ortaya \u00e7\u0131kmas\u0131nda \u00f6nemli bir rol oynad\u0131.<\/p>\n<p>2001 Aral\u0131k \u2013 2002 Haziran aras\u0131nda Van\u2019da askerlik vazifesini yerine getirdi.<\/p>\n<p><img loading=\"lazy\" decoding=\"async\" class=\"aligncenter wp-image-187237\" src=\"https:\/\/www.tgrthaber.com\/mavikadin\/wp-content\/uploads\/emre-izer-kimdir-emre-izer-kac-yasinda-ve-ne-is-yapar-5.jpg\" alt=\"\" width=\"1208\" height=\"680\" title=\"\" srcset=\"https:\/\/www.tgrthaber.com\/mavikadin\/wp-content\/uploads\/emre-izer-kimdir-emre-izer-kac-yasinda-ve-ne-is-yapar-5.jpg 1920w, https:\/\/www.tgrthaber.com\/mavikadin\/wp-content\/uploads\/emre-izer-kimdir-emre-izer-kac-yasinda-ve-ne-is-yapar-5-300x169.jpg 300w, https:\/\/www.tgrthaber.com\/mavikadin\/wp-content\/uploads\/emre-izer-kimdir-emre-izer-kac-yasinda-ve-ne-is-yapar-5-1024x576.jpg 1024w, https:\/\/www.tgrthaber.com\/mavikadin\/wp-content\/uploads\/emre-izer-kimdir-emre-izer-kac-yasinda-ve-ne-is-yapar-5-768x432.jpg 768w, https:\/\/www.tgrthaber.com\/mavikadin\/wp-content\/uploads\/emre-izer-kimdir-emre-izer-kac-yasinda-ve-ne-is-yapar-5-1536x864.jpg 1536w\" sizes=\"(max-width: 1208px) 100vw, 1208px\" \/><\/p>\n<hr \/>\n<p>2002-2004 y\u0131llar\u0131nda Window International Nisanta\u015f\u0131 isimli ofiste i\u00e7 mimar olarak \u00e7al\u0131\u015ft\u0131.<\/p>\n<p>2004 senesinde, Dubai merkezli Al Aqili Furnishing \u015firketinin orta\u011f\u0131 olan Mansour Khodjasteh\u2019in teklifini kabul edip uluslararas\u0131 alanda deneyim \u015fans\u0131 yakalad\u0131. Dubai&#8217;deki firmada, \u00a0tasar\u0131m ekibinde g\u00f6rev ald\u0131, anahtar teslim i\u00e7 mimari projeleri ger\u00e7ekle\u015ftirdi. Bu tecr\u00fcbesi sayesinde uluslararas\u0131 projelerde ba\u015far\u0131lar\u0131na da yenisini ekledi, mimari a\u00e7\u0131dan da vizyonunu geni\u015fletti.<\/p>\n<p><img loading=\"lazy\" decoding=\"async\" class=\"aligncenter wp-image-187238\" src=\"https:\/\/www.tgrthaber.com\/mavikadin\/wp-content\/uploads\/emre-izer-kimdir-emre-izer-kac-yasinda-ve-ne-is-yapar-4.jpg\" alt=\"\" width=\"1208\" height=\"680\" title=\"\" srcset=\"https:\/\/www.tgrthaber.com\/mavikadin\/wp-content\/uploads\/emre-izer-kimdir-emre-izer-kac-yasinda-ve-ne-is-yapar-4.jpg 1920w, https:\/\/www.tgrthaber.com\/mavikadin\/wp-content\/uploads\/emre-izer-kimdir-emre-izer-kac-yasinda-ve-ne-is-yapar-4-300x169.jpg 300w, https:\/\/www.tgrthaber.com\/mavikadin\/wp-content\/uploads\/emre-izer-kimdir-emre-izer-kac-yasinda-ve-ne-is-yapar-4-1024x576.jpg 1024w, https:\/\/www.tgrthaber.com\/mavikadin\/wp-content\/uploads\/emre-izer-kimdir-emre-izer-kac-yasinda-ve-ne-is-yapar-4-768x432.jpg 768w, https:\/\/www.tgrthaber.com\/mavikadin\/wp-content\/uploads\/emre-izer-kimdir-emre-izer-kac-yasinda-ve-ne-is-yapar-4-1536x864.jpg 1536w\" sizes=\"(max-width: 1208px) 100vw, 1208px\" \/><\/p>\n<hr \/>\n<p>2006\u2019da Dubai\u2019den \u0130stanbul\u2019a d\u00f6n\u00fc\u015f yapan Emre \u0130zer, kariyerine serbest mimar olarak devam etti. \u00c7e\u015fitli projelerde yer alarak kendi tarz\u0131n\u0131, \u00e7izgisini ortaya koydu.<\/p>\n<p>2012 senesinde, kendi ismiyle a\u00e7t\u0131\u011f\u0131 Emre \u0130zer Mimarl\u0131k Dekorasyon Tic. Ltd. \u015eti.&#8217;ni kurdu. \u0130zer, Kad\u0131k\u00f6y Moda&#8217;daki ofisinde mimari \u00e7al\u0131\u015fmalar\u0131na devam etmektedir.<\/p>\n<p><img loading=\"lazy\" decoding=\"async\" class=\"aligncenter wp-image-187239\" src=\"https:\/\/www.tgrthaber.com\/mavikadin\/wp-content\/uploads\/emre-izer-kimdir-emre-izer-kac-yasinda-ve-ne-is-yapar-3.jpg\" alt=\"\" width=\"1208\" height=\"680\" title=\"\" srcset=\"https:\/\/www.tgrthaber.com\/mavikadin\/wp-content\/uploads\/emre-izer-kimdir-emre-izer-kac-yasinda-ve-ne-is-yapar-3.jpg 1920w, https:\/\/www.tgrthaber.com\/mavikadin\/wp-content\/uploads\/emre-izer-kimdir-emre-izer-kac-yasinda-ve-ne-is-yapar-3-300x169.jpg 300w, https:\/\/www.tgrthaber.com\/mavikadin\/wp-content\/uploads\/emre-izer-kimdir-emre-izer-kac-yasinda-ve-ne-is-yapar-3-1024x576.jpg 1024w, https:\/\/www.tgrthaber.com\/mavikadin\/wp-content\/uploads\/emre-izer-kimdir-emre-izer-kac-yasinda-ve-ne-is-yapar-3-768x432.jpg 768w, https:\/\/www.tgrthaber.com\/mavikadin\/wp-content\/uploads\/emre-izer-kimdir-emre-izer-kac-yasinda-ve-ne-is-yapar-3-1536x864.jpg 1536w\" sizes=\"(max-width: 1208px) 100vw, 1208px\" \/><\/p>\n<hr \/>\n<h3>EMRE \u0130ZER KA\u00c7 YA\u015eINDA?<\/h3>\n<p>Emre \u0130zer, 1977 do\u011fumludur. 2025 senesi itibariyle 48 ya\u015f\u0131ndad\u0131r.<\/p>\n<h3>EMRE \u0130ZER NEREL\u0130?<\/h3>\n<p>Emre \u0130zer, \u0130stanbul do\u011fumludur.<\/p>\n<p><img loading=\"lazy\" decoding=\"async\" class=\"aligncenter wp-image-187240\" src=\"https:\/\/www.tgrthaber.com\/mavikadin\/wp-content\/uploads\/emre-izer-kimdir-emre-izer-kac-yasinda-ve-ne-is-yapar-2.jpg\" alt=\"\" width=\"1208\" height=\"680\" title=\"\" srcset=\"https:\/\/www.tgrthaber.com\/mavikadin\/wp-content\/uploads\/emre-izer-kimdir-emre-izer-kac-yasinda-ve-ne-is-yapar-2.jpg 1920w, https:\/\/www.tgrthaber.com\/mavikadin\/wp-content\/uploads\/emre-izer-kimdir-emre-izer-kac-yasinda-ve-ne-is-yapar-2-300x169.jpg 300w, https:\/\/www.tgrthaber.com\/mavikadin\/wp-content\/uploads\/emre-izer-kimdir-emre-izer-kac-yasinda-ve-ne-is-yapar-2-1024x576.jpg 1024w, https:\/\/www.tgrthaber.com\/mavikadin\/wp-content\/uploads\/emre-izer-kimdir-emre-izer-kac-yasinda-ve-ne-is-yapar-2-768x432.jpg 768w, https:\/\/www.tgrthaber.com\/mavikadin\/wp-content\/uploads\/emre-izer-kimdir-emre-izer-kac-yasinda-ve-ne-is-yapar-2-1536x864.jpg 1536w\" sizes=\"(max-width: 1208px) 100vw, 1208px\" \/><\/p>\n<hr \/>\n<h3>EMRE \u0130ZER EVL\u0130 M\u0130?<\/h3>\n<p>Emre \u0130zer \u015fuan evli de\u011fildir, daha \u00f6nce 1 evlilik yapm\u0131\u015ft\u0131r.<\/p>\n<p>Emre \u0130zer, oyuncu \u015eebnem Bozoklu ile 22 Eyl\u00fcl 2010 senesinde evlendi. \u00c7iftin evlili\u011fi 7 sene s\u00fcrd\u00fc, 7 y\u0131ll\u0131k evlili\u011fin ard\u0131ndan tek celsede bo\u015fand\u0131lar.<\/p>\n<p>\u015eebnem Bozoklu kendisine bo\u015fanma nedenini soran muhabirlere \u015fu a\u00e7\u0131klamay\u0131 yapt\u0131: &#8220;Mutlu oldu\u011fum bir beraberlikti. Ama 7 y\u0131l\u0131n sonunda art\u0131k eskisi gibi hissetmedi\u011fimizi anlad\u0131k, bunu a\u00e7\u0131k\u00e7a birbirimize s\u00f6yledik, bo\u015fand\u0131k.&#8221;<\/p>\n","protected":false},"excerpt":{"rendered":"<p>Son g\u00fcnlerde ad\u0131 oyuncu Hande Do\u011fandemir ile an\u0131lan Emre \u0130zer&#8217;in kim oldu\u011fu merak konusu oldu. Hande Do\u011fandemir&#8217;in instagram payla\u015f\u0131mlar\u0131n\u0131n ard\u0131ndan Emre \u0130zer\u2019in kim oldu\u011fu, ne i\u015f yapt\u0131\u011f\u0131 ara\u015ft\u0131r\u0131lmaya ba\u015fland\u0131. Peki Emre \u0130zer kimdir? Ka\u00e7 ya\u015f\u0131nda? Hande Do\u011fandemir ile Emre \u0130zer evli mi?<\/p>\n","protected":false},"author":30,"featured_media":187236,"comment_status":"closed","ping_status":"closed","sticky":false,"template":"","format":"standard","meta":{"rank_math_lock_modified_date":false,"footnotes":""},"categories":[491],"tags":[16521,23731,11847,23786,11539],"class_list":["post-187235","post","type-post","status-publish","format-standard","has-post-thumbnail","hentry","category-biyografi","tag-biyografi-haberleri","tag-emre-izer","tag-hande-dogandemir","tag-hande-dogandemir-sevgilisi","tag-sebnem-bozoklu"],"_links":{"self":[{"href":"https:\/\/www.tgrthaber.com\/mavikadin\/wp-json\/wp\/v2\/posts\/187235"}],"collection":[{"href":"https:\/\/www.tgrthaber.com\/mavikadin\/wp-json\/wp\/v2\/posts"}],"about":[{"href":"https:\/\/www.tgrthaber.com\/mavikadin\/wp-json\/wp\/v2\/types\/post"}],"author":[{"embeddable":true,"href":"https:\/\/www.tgrthaber.com\/mavikadin\/wp-json\/wp\/v2\/users\/30"}],"replies":[{"embeddable":true,"href":"https:\/\/www.tgrthaber.com\/mavikadin\/wp-json\/wp\/v2\/comments?post=187235"}],"version-history":[{"count":2,"href":"https:\/\/www.tgrthaber.com\/mavikadin\/wp-json\/wp\/v2\/posts\/187235\/revisions"}],"predecessor-version":[{"id":187242,"href":"https:\/\/www.tgrthaber.com\/mavikadin\/wp-json\/wp\/v2\/posts\/187235\/revisions\/187242"}],"wp:featuredmedia":[{"embeddable":true,"href":"https:\/\/www.tgrthaber.com\/mavikadin\/wp-json\/wp\/v2\/media\/187236"}],"wp:attachment":[{"href":"https:\/\/www.tgrthaber.com\/mavikadin\/wp-json\/wp\/v2\/media?parent=187235"}],"wp:term":[{"taxonomy":"category","embeddable":true,"href":"https:\/\/www.tgrthaber.com\/mavikadin\/wp-json\/wp\/v2\/categories?post=187235"},{"taxonomy":"post_tag","embeddable":true,"href":"https:\/\/www.tgrthaber.com\/mavikadin\/wp-json\/wp\/v2\/tags?post=187235"}],"curies":[{"name":"wp","href":"https:\/\/api.w.org\/{rel}","templated":true}]}}