{"id":187243,"date":"2025-06-04T19:11:02","date_gmt":"2025-06-04T16:11:02","guid":{"rendered":"https:\/\/www.tgrthaber.com\/mavikadin\/?p=187243"},"modified":"2025-06-04T19:12:00","modified_gmt":"2025-06-04T16:12:00","slug":"kiskanmak-dizisinin-senihasi-ozgu-namal-kimdir-kac-yasinda-iste-oynadigi-dizi-ve-filmler","status":"publish","type":"post","link":"https:\/\/www.tgrthaber.com\/mavikadin\/kiskanmak-dizisinin-senihasi-ozgu-namal-kimdir-kac-yasinda-iste-oynadigi-dizi-ve-filmler\/","title":{"rendered":"K\u0131skanmak dizisinin Seniha\u2019s\u0131 \u00d6zg\u00fc Namal kimdir ka\u00e7 ya\u015f\u0131nda? \u0130\u015fte oynad\u0131\u011f\u0131 dizi ve filmler"},"content":{"rendered":"<p class=\"p1\">K\u0131z\u0131l Goncalar dizisinin final yapaca\u011f\u0131 a\u00e7\u0131klan\u0131r a\u00e7\u0131klanmaz, g\u00f6zler T\u00fcrkiye\u2019nin usta oyuncular\u0131ndan \u00d6zg\u00fc Namal\u2019a \u00e7evrildi. Kulislerde dola\u015fan bilgilere g\u00f6re teklif ya\u011fmuruna tutulan Namal, yeni sezonda Ay Yap\u0131m imzal\u0131 &#8216;K\u0131skanmak&#8217; dizisinde rol almay\u0131 kabul etti. Oyuncunun oynayaca\u011f\u0131 Seniha karakteri \u015fimdiden izleyicilerde b\u00fcy\u00fck bir merak uyand\u0131rd\u0131. \u00d6zg\u00fc Namal\u2019\u0131n s\u00fcrpriz karar\u0131 yaln\u0131zca diziye olan ilgiyi art\u0131rmakla kalmad\u0131, oyuncunun \u00f6zel ya\u015fam\u0131 ve ge\u00e7mi\u015f projeleri de yeniden g\u00fcndem oldu. Kariyerinde pek \u00e7ok \u00f6nemli yap\u0131ma imza atan Namal, bu yeni projeyle uzun bir aradan sonra iddial\u0131 bir d\u00f6n\u00fc\u015fe haz\u0131rlan\u0131yor. Peki \u00d6zg\u00fc Namal kimdir, ka\u00e7 ya\u015f\u0131nda? \u0130\u015fte oynad\u0131\u011f\u0131 dizi ve filmler\u2026<\/p>\n<h3 class=\"p1\"><b>KISKANMAK D\u0130Z\u0130S\u0130N\u0130N SEN\u0130HA&#8217;SI \u00d6ZG\u00dc NAMAL K\u0130MD\u0130R KA\u00c7 YA\u015eINDA?\u00a0<\/b><b><\/b><\/h3>\n<p class=\"p1\">Ay Yap\u0131m taraf\u0131ndan haz\u0131rlanan ve y\u00f6netmen koltu\u011funda Nadim G\u00fc\u00e7\u2019\u00fcn oturaca\u011f\u0131 &#8216;K\u0131skanmak&#8217; dizisi, Nahid S\u0131rr\u0131 \u00d6rik\u2019in ayn\u0131 adl\u0131 eserinden Y\u0131lmaz \u015eahin taraf\u0131ndan televizyona uyarlan\u0131yor.<\/p>\n<p><img loading=\"lazy\" decoding=\"async\" class=\"alignnone wp-image-187244 size-full\" src=\"https:\/\/www.tgrthaber.com\/mavikadin\/wp-content\/uploads\/Ekran-Resmi-2025-06-04-19.02.49.png\" alt=\"\" width=\"1006\" height=\"592\" title=\"\" srcset=\"https:\/\/www.tgrthaber.com\/mavikadin\/wp-content\/uploads\/Ekran-Resmi-2025-06-04-19.02.49.png 1006w, https:\/\/www.tgrthaber.com\/mavikadin\/wp-content\/uploads\/Ekran-Resmi-2025-06-04-19.02.49-300x177.png 300w, https:\/\/www.tgrthaber.com\/mavikadin\/wp-content\/uploads\/Ekran-Resmi-2025-06-04-19.02.49-768x452.png 768w\" sizes=\"(max-width: 1006px) 100vw, 1006px\" \/><\/p>\n<hr \/>\n<p class=\"p1\">Dizide, Seniha karakteri \u00fczerinden bast\u0131r\u0131lm\u0131\u015f arzular, toplumsal bask\u0131lar ve karde\u015f k\u0131skan\u00e7l\u0131\u011f\u0131 gibi derin temalar i\u015flenecek. Eserdeki N\u00fczhet karakterini ise Selahattin Pa\u015fal\u0131 oynayacak.\u00a0 \u00d6zg\u00fc Namal ve Selahattin Pa\u015fal\u0131\u2019n\u0131n ba\u015frol\u00fc payla\u015faca\u011f\u0131 dizinin, NOW TV ekranlar\u0131nda yeni sezonda izleyiciyle bulu\u015fmas\u0131 bekleniyor. Daha \u00f6nce Zeki Demirkubuz taraf\u0131ndan sinemaya uyarlanan K\u0131skanmak, bu kez dizi format\u0131nda \u00e7ok daha geni\u015f bir anlat\u0131mla ekrana ta\u015f\u0131nacak.<\/p>\n<p><img loading=\"lazy\" decoding=\"async\" class=\"alignnone wp-image-187245 size-full\" src=\"https:\/\/www.tgrthaber.com\/mavikadin\/wp-content\/uploads\/Ekran-Resmi-2025-06-04-19.02.57.png\" alt=\"\" width=\"1014\" height=\"564\" title=\"\" srcset=\"https:\/\/www.tgrthaber.com\/mavikadin\/wp-content\/uploads\/Ekran-Resmi-2025-06-04-19.02.57.png 1014w, https:\/\/www.tgrthaber.com\/mavikadin\/wp-content\/uploads\/Ekran-Resmi-2025-06-04-19.02.57-300x167.png 300w, https:\/\/www.tgrthaber.com\/mavikadin\/wp-content\/uploads\/Ekran-Resmi-2025-06-04-19.02.57-768x427.png 768w\" sizes=\"(max-width: 1014px) 100vw, 1014px\" \/><\/p>\n<hr \/>\n<p class=\"p1\">Tam ad\u0131 Melahat \u00d6zg\u00fc Namal olan oyuncu, 1978 y\u0131l\u0131nda \u0130stanbul\u2019da d\u00fcnyaya geldi. Tiyatro yolculu\u011fu hen\u00fcz 14 ya\u015f\u0131ndayken Enis Fosforo\u011flu Tiyatrosu\u2019nda ba\u015flad\u0131. \u0130stanbul \u00dcniversitesi Devlet Konservatuvar\u0131 Tiyatro B\u00f6l\u00fcm\u00fc mezunu olan Namal, televizyon ekranlar\u0131ndaki ilk ciddi \u00e7\u0131k\u0131\u015f\u0131n\u0131 1998 y\u0131l\u0131nda &#8216;Affet Bizi Hocam&#8217; dizisiyle yapt\u0131.<\/p>\n<p><img loading=\"lazy\" decoding=\"async\" class=\"alignnone wp-image-187246 size-full\" src=\"https:\/\/www.tgrthaber.com\/mavikadin\/wp-content\/uploads\/Ekran-Resmi-2025-06-04-19.03.02.png\" alt=\"\" width=\"992\" height=\"600\" title=\"\" srcset=\"https:\/\/www.tgrthaber.com\/mavikadin\/wp-content\/uploads\/Ekran-Resmi-2025-06-04-19.03.02.png 992w, https:\/\/www.tgrthaber.com\/mavikadin\/wp-content\/uploads\/Ekran-Resmi-2025-06-04-19.03.02-300x181.png 300w, https:\/\/www.tgrthaber.com\/mavikadin\/wp-content\/uploads\/Ekran-Resmi-2025-06-04-19.03.02-768x465.png 768w\" sizes=\"(max-width: 992px) 100vw, 992px\" \/><\/p>\n<hr \/>\n<p class=\"p1\">2000\u2019li y\u0131llarda rol ald\u0131\u011f\u0131 &#8216;Karete Can&#8217;, &#8216;Yeditepe \u0130stanbul&#8217;, &#8216;Kerem&#8217;, &#8216;Havada Bulut&#8217; gibi projelerle dikkat \u00e7eken Namal, 2002 yap\u0131m\u0131 &#8216;S\u0131r \u00c7ocuklar\u0131&#8217; filmiyle Umut Vadeden Kad\u0131n Oyuncu \u00f6d\u00fcl\u00fcn\u00fc kazand\u0131.<\/p>\n<p><img loading=\"lazy\" decoding=\"async\" class=\"alignnone wp-image-187247 size-large\" src=\"https:\/\/www.tgrthaber.com\/mavikadin\/wp-content\/uploads\/Ekran-Resmi-2025-06-04-19.03.10-1024x603.png\" alt=\"\" width=\"1024\" height=\"603\" title=\"\" srcset=\"https:\/\/www.tgrthaber.com\/mavikadin\/wp-content\/uploads\/Ekran-Resmi-2025-06-04-19.03.10-1024x603.png 1024w, https:\/\/www.tgrthaber.com\/mavikadin\/wp-content\/uploads\/Ekran-Resmi-2025-06-04-19.03.10-300x177.png 300w, https:\/\/www.tgrthaber.com\/mavikadin\/wp-content\/uploads\/Ekran-Resmi-2025-06-04-19.03.10-768x452.png 768w, https:\/\/www.tgrthaber.com\/mavikadin\/wp-content\/uploads\/Ekran-Resmi-2025-06-04-19.03.10.png 1026w\" sizes=\"(max-width: 1024px) 100vw, 1024px\" \/><\/p>\n<hr \/>\n<p class=\"p1\">Ayn\u0131 y\u0131l &#8216;Kurtlar Vadisi&#8217; dizisindeki Elif karakteriyle T\u00fcrkiye\u2019nin en \u00e7ok konu\u015fulan isimlerinden biri haline geldi. Ard\u0131ndan &#8216;B\u00fcy\u00fc&#8217;, &#8216;Anlat \u0130stanbul&#8217; ve &#8216;Han\u0131m\u0131n \u00c7iftli\u011fi&#8217;\u00a0 gibi sinema ve televizyon projeleriyle ba\u015far\u0131s\u0131n\u0131 per\u00e7inledi.<\/p>\n<p class=\"p1\">\n","protected":false},"excerpt":{"rendered":"<p>K\u0131z\u0131l Goncalar\u2019\u0131n final karar\u0131 sonras\u0131 \u00d6zg\u00fc Namal\u2019\u0131n ad\u0131 yeniden g\u00fcndeme geldi. Tekliflerle kar\u015f\u0131la\u015fan \u00fcnl\u00fc oyuncu, Ay Yap\u0131m\u2019\u0131n K\u0131skanmak dizisinde Seniha karakterini oynayacak. Bu geli\u015fme hem projeye olan ilgiyi art\u0131rd\u0131 hem de Namal\u2019\u0131n hayat\u0131n\u0131 merak konusu haline getirdi. Peki \u00d6zg\u00fc Namal kimdir, ka\u00e7 ya\u015f\u0131nda? \u0130\u015fte detaylar&#8230; <\/p>\n","protected":false},"author":16,"featured_media":187249,"comment_status":"closed","ping_status":"closed","sticky":false,"template":"","format":"standard","meta":{"rank_math_lock_modified_date":false,"footnotes":""},"categories":[491],"tags":[3374,16521,23788,23787],"class_list":["post-187243","post","type-post","status-publish","format-standard","has-post-thumbnail","hentry","category-biyografi","tag-biyografi","tag-biyografi-haberleri","tag-kiskanmak-dizisi-seniha-ozgu-namal-kac-yasinda","tag-kiskanmak-dizisi-seniha-ozgu-namal-kimdir"],"_links":{"self":[{"href":"https:\/\/www.tgrthaber.com\/mavikadin\/wp-json\/wp\/v2\/posts\/187243"}],"collection":[{"href":"https:\/\/www.tgrthaber.com\/mavikadin\/wp-json\/wp\/v2\/posts"}],"about":[{"href":"https:\/\/www.tgrthaber.com\/mavikadin\/wp-json\/wp\/v2\/types\/post"}],"author":[{"embeddable":true,"href":"https:\/\/www.tgrthaber.com\/mavikadin\/wp-json\/wp\/v2\/users\/16"}],"replies":[{"embeddable":true,"href":"https:\/\/www.tgrthaber.com\/mavikadin\/wp-json\/wp\/v2\/comments?post=187243"}],"version-history":[{"count":1,"href":"https:\/\/www.tgrthaber.com\/mavikadin\/wp-json\/wp\/v2\/posts\/187243\/revisions"}],"predecessor-version":[{"id":187248,"href":"https:\/\/www.tgrthaber.com\/mavikadin\/wp-json\/wp\/v2\/posts\/187243\/revisions\/187248"}],"wp:featuredmedia":[{"embeddable":true,"href":"https:\/\/www.tgrthaber.com\/mavikadin\/wp-json\/wp\/v2\/media\/187249"}],"wp:attachment":[{"href":"https:\/\/www.tgrthaber.com\/mavikadin\/wp-json\/wp\/v2\/media?parent=187243"}],"wp:term":[{"taxonomy":"category","embeddable":true,"href":"https:\/\/www.tgrthaber.com\/mavikadin\/wp-json\/wp\/v2\/categories?post=187243"},{"taxonomy":"post_tag","embeddable":true,"href":"https:\/\/www.tgrthaber.com\/mavikadin\/wp-json\/wp\/v2\/tags?post=187243"}],"curies":[{"name":"wp","href":"https:\/\/api.w.org\/{rel}","templated":true}]}}