{"id":187267,"date":"2025-06-04T20:58:21","date_gmt":"2025-06-04T17:58:21","guid":{"rendered":"https:\/\/www.tgrthaber.com\/mavikadin\/?p=187267"},"modified":"2025-06-04T20:58:21","modified_gmt":"2025-06-04T17:58:21","slug":"harvarddan-carpici-arastirma-her-gun-bir-fincan-kahve-icmek-genclestiriyor","status":"publish","type":"post","link":"https:\/\/www.tgrthaber.com\/mavikadin\/harvarddan-carpici-arastirma-her-gun-bir-fincan-kahve-icmek-genclestiriyor\/","title":{"rendered":"Harvard\u2019dan \u00e7arp\u0131c\u0131 ara\u015ft\u0131rma! Her g\u00fcn bir fincan kahve i\u00e7mek gen\u00e7le\u015ftiriyor!"},"content":{"rendered":"<p class=\"p1\">Harvard \u00dcniversitesi taraf\u0131ndan y\u00fcr\u00fct\u00fclen son ara\u015ft\u0131rmalar, kahve t\u00fcketiminin yaln\u0131zca bir sabah al\u0131\u015fkanl\u0131\u011f\u0131 olmad\u0131\u011f\u0131n\u0131 ortaya koydu. Ara\u015ft\u0131rmaya g\u00f6re, her g\u00fcn d\u00fczenli olarak kahve i\u00e7mek, v\u00fccuda enerji vermesinin \u00f6tesinde, ya\u015flanma s\u00fcrecini de yava\u015flat\u0131c\u0131 etki g\u00f6steriyor. \u00d6zellikle kad\u0131nlarda hem fiziksel hem de zihinsel sa\u011fl\u0131\u011f\u0131n korunmas\u0131nda \u00f6nemli bir rol oynad\u0131\u011f\u0131 belirtiliyor.<\/p>\n<h3>HARWARD&#8217;DAN \u00c7ARPICI ARA\u015eTIRMA! HER G\u00dcN B\u0130R F\u0130NCAN KAHVE \u0130\u00c7MEK GEN\u00c7LE\u015eT\u0130R\u0130YOR<\/h3>\n<p class=\"p1\">Kahvenin i\u00e7eri\u011finde bulunan antioksidanlar, h\u00fccreleri serbest radikallerin zarar\u0131ndan koruyarak ya\u015flanman\u0131n temel nedenlerinden biri olan h\u00fccresel bozulmay\u0131 yava\u015flat\u0131yor. Harvard ara\u015ft\u0131rmac\u0131lar\u0131, kahve t\u00fcketen bireylerde \u00f6zellikle cilt elastikiyetinin daha uzun s\u00fcre korundu\u011funu, bili\u015fsel yetilerin daha ge\u00e7 geriledi\u011fini ve genel enerji seviyelerinin daha dengeli kald\u0131\u011f\u0131n\u0131 vurguluyor. Kafein, beyin fonksiyonlar\u0131n\u0131 uyararak hem zihinsel berrakl\u0131\u011f\u0131 art\u0131r\u0131yor hem de depresyon ve anksiyete risklerini azaltmada destekleyici bir fakt\u00f6r olarak \u00f6ne \u00e7\u0131k\u0131yor.<\/p>\n<p><img loading=\"lazy\" decoding=\"async\" class=\"alignnone wp-image-187268 size-full\" src=\"https:\/\/www.tgrthaber.com\/mavikadin\/wp-content\/uploads\/Ekran-Resmi-2025-06-04-20.53.52.png\" alt=\"\" width=\"1002\" height=\"608\" title=\"\" srcset=\"https:\/\/www.tgrthaber.com\/mavikadin\/wp-content\/uploads\/Ekran-Resmi-2025-06-04-20.53.52.png 1002w, https:\/\/www.tgrthaber.com\/mavikadin\/wp-content\/uploads\/Ekran-Resmi-2025-06-04-20.53.52-300x182.png 300w, https:\/\/www.tgrthaber.com\/mavikadin\/wp-content\/uploads\/Ekran-Resmi-2025-06-04-20.53.52-768x466.png 768w\" sizes=\"(max-width: 1002px) 100vw, 1002px\" \/><\/p>\n<hr \/>\n<p class=\"p1\">Kad\u0131nlar \u00fczerinde yap\u0131lan uzun d\u00f6nemli takiplerde, d\u00fczenli kahve i\u00e7enlerde kas-iskelet sistemi sorunlar\u0131n\u0131n daha az g\u00f6r\u00fcld\u00fc\u011f\u00fc ve menopoz d\u00f6neminde ortaya \u00e7\u0131kan baz\u0131 rahats\u0131zl\u0131klar\u0131n daha hafif seyretti\u011fi g\u00f6zlemlenmi\u015f. Ayn\u0131 zamanda, tip 2 diyabet ve kalp-damar hastal\u0131klar\u0131na kar\u015f\u0131 da kahve t\u00fcketiminin koruyucu etkiler sundu\u011fu ifade ediliyor.<\/p>\n<p><img loading=\"lazy\" decoding=\"async\" class=\"alignnone wp-image-187269 size-full\" src=\"https:\/\/www.tgrthaber.com\/mavikadin\/wp-content\/uploads\/Ekran-Resmi-2025-06-04-20.53.58.png\" alt=\"\" width=\"982\" height=\"576\" title=\"\" srcset=\"https:\/\/www.tgrthaber.com\/mavikadin\/wp-content\/uploads\/Ekran-Resmi-2025-06-04-20.53.58.png 982w, https:\/\/www.tgrthaber.com\/mavikadin\/wp-content\/uploads\/Ekran-Resmi-2025-06-04-20.53.58-300x176.png 300w, https:\/\/www.tgrthaber.com\/mavikadin\/wp-content\/uploads\/Ekran-Resmi-2025-06-04-20.53.58-768x450.png 768w\" sizes=\"(max-width: 982px) 100vw, 982px\" \/><\/p>\n<hr \/>\n<p class=\"p1\">Elbette bu etkilerin g\u00f6r\u00fclebilmesi i\u00e7in kahvenin \u015fekersiz ve katk\u0131s\u0131z t\u00fcketilmesi gerekiyor. G\u00fcnde 1-2 fincan do\u011fal filtre kahve ya da T\u00fcrk kahvesi, hem zihin hem beden sa\u011fl\u0131\u011f\u0131n\u0131 korumada basit ama etkili bir destek sunuyor. Bilimsel veriler art\u0131k g\u00f6steriyor ki, kahve sadece g\u00fcne ba\u015flama rit\u00fceli de\u011fil, ayn\u0131 zamanda bir sa\u011fl\u0131k yat\u0131r\u0131m\u0131.<\/p>\n<p><img loading=\"lazy\" decoding=\"async\" class=\"alignnone wp-image-187270 size-large\" src=\"https:\/\/www.tgrthaber.com\/mavikadin\/wp-content\/uploads\/Ekran-Resmi-2025-06-04-20.54.12-1024x590.png\" alt=\"\" width=\"1024\" height=\"590\" title=\"\" srcset=\"https:\/\/www.tgrthaber.com\/mavikadin\/wp-content\/uploads\/Ekran-Resmi-2025-06-04-20.54.12-1024x590.png 1024w, https:\/\/www.tgrthaber.com\/mavikadin\/wp-content\/uploads\/Ekran-Resmi-2025-06-04-20.54.12-300x173.png 300w, https:\/\/www.tgrthaber.com\/mavikadin\/wp-content\/uploads\/Ekran-Resmi-2025-06-04-20.54.12-768x442.png 768w, https:\/\/www.tgrthaber.com\/mavikadin\/wp-content\/uploads\/Ekran-Resmi-2025-06-04-20.54.12.png 1038w\" sizes=\"(max-width: 1024px) 100vw, 1024px\" \/><\/p>\n<hr \/>\n<h3>KAHVE NEDEN M\u0130DE BULANDIRIR?<\/h3>\n<p class=\"p1\">Kahve her ne kadar enerji verici etkisiyle sabah rutinlerinin vazge\u00e7ilmezi olsa da, baz\u0131 ki\u015filerde mide bulant\u0131s\u0131na yol a\u00e7abilir. Bunun ba\u015fl\u0131ca nedeni, kahvenin mide asidini art\u0131rmas\u0131d\u0131r. \u00d6zellikle a\u00e7 karn\u0131na t\u00fcketildi\u011finde, mideyi koruyan mukus tabakas\u0131 yeterince aktif olmad\u0131\u011f\u0131ndan asit dengesizli\u011fi ya\u015fanabilir.<\/p>\n<p><img loading=\"lazy\" decoding=\"async\" class=\"alignnone wp-image-187271 size-large\" src=\"https:\/\/www.tgrthaber.com\/mavikadin\/wp-content\/uploads\/Ekran-Resmi-2025-06-04-20.54.05-1024x617.png\" alt=\"\" width=\"1024\" height=\"617\" title=\"\" srcset=\"https:\/\/www.tgrthaber.com\/mavikadin\/wp-content\/uploads\/Ekran-Resmi-2025-06-04-20.54.05-1024x617.png 1024w, https:\/\/www.tgrthaber.com\/mavikadin\/wp-content\/uploads\/Ekran-Resmi-2025-06-04-20.54.05-300x181.png 300w, https:\/\/www.tgrthaber.com\/mavikadin\/wp-content\/uploads\/Ekran-Resmi-2025-06-04-20.54.05-768x463.png 768w, https:\/\/www.tgrthaber.com\/mavikadin\/wp-content\/uploads\/Ekran-Resmi-2025-06-04-20.54.05.png 1036w\" sizes=\"(max-width: 1024px) 100vw, 1024px\" \/><\/p>\n<hr \/>\n<p class=\"p1\">Bu da mide astar\u0131n\u0131 tahri\u015f ederek bulant\u0131 hissine sebep olur. Ayr\u0131ca baz\u0131 kahve t\u00fcrleri y\u00fcksek kafein i\u00e7erdi\u011fi i\u00e7in sindirim sisteminde hassasiyeti olan bireylerde mide rahats\u0131zl\u0131klar\u0131na yol a\u00e7abilir. Kahveye eklenen tatland\u0131r\u0131c\u0131lar, s\u00fct veya katk\u0131 maddeleri de bu durumu tetikleyebilir.<\/p>\n","protected":false},"excerpt":{"rendered":"<p>Harvard \u00dcniversitesi\u2019nden gelen \u015fa\u015f\u0131rt\u0131c\u0131 bulgular kahve tutkunlar\u0131n\u0131 sevindirecek cinsten! Ara\u015ft\u0131rmalara g\u00f6re, her g\u00fcn t\u00fcketilen bir fincan kahve yaln\u0131zca enerji vermekle kalm\u0131yor, ya\u015flanma s\u00fcrecini de yava\u015flat\u0131yor. \u00d6zellikle kad\u0131nlarda gen\u00e7lik etkisiyle dikkat \u00e7eken bu sonu\u00e7lar b\u00fcy\u00fck merak uyand\u0131rd\u0131. \u0130\u015fte detaylar\u2026 <\/p>\n","protected":false},"author":16,"featured_media":187272,"comment_status":"closed","ping_status":"closed","sticky":false,"template":"","format":"standard","meta":{"rank_math_lock_modified_date":false,"footnotes":""},"categories":[95],"tags":[106,11403,23795,23797,23796],"class_list":["post-187267","post","type-post","status-publish","format-standard","has-post-thumbnail","hentry","category-guzellik","tag-guzellik","tag-guzellik-haberleri","tag-hergun-kahve-icilir-mi","tag-kahve-icmek-genclestirir-mi","tag-kahve-neden-ide-bulandirir"],"_links":{"self":[{"href":"https:\/\/www.tgrthaber.com\/mavikadin\/wp-json\/wp\/v2\/posts\/187267"}],"collection":[{"href":"https:\/\/www.tgrthaber.com\/mavikadin\/wp-json\/wp\/v2\/posts"}],"about":[{"href":"https:\/\/www.tgrthaber.com\/mavikadin\/wp-json\/wp\/v2\/types\/post"}],"author":[{"embeddable":true,"href":"https:\/\/www.tgrthaber.com\/mavikadin\/wp-json\/wp\/v2\/users\/16"}],"replies":[{"embeddable":true,"href":"https:\/\/www.tgrthaber.com\/mavikadin\/wp-json\/wp\/v2\/comments?post=187267"}],"version-history":[{"count":1,"href":"https:\/\/www.tgrthaber.com\/mavikadin\/wp-json\/wp\/v2\/posts\/187267\/revisions"}],"predecessor-version":[{"id":187273,"href":"https:\/\/www.tgrthaber.com\/mavikadin\/wp-json\/wp\/v2\/posts\/187267\/revisions\/187273"}],"wp:featuredmedia":[{"embeddable":true,"href":"https:\/\/www.tgrthaber.com\/mavikadin\/wp-json\/wp\/v2\/media\/187272"}],"wp:attachment":[{"href":"https:\/\/www.tgrthaber.com\/mavikadin\/wp-json\/wp\/v2\/media?parent=187267"}],"wp:term":[{"taxonomy":"category","embeddable":true,"href":"https:\/\/www.tgrthaber.com\/mavikadin\/wp-json\/wp\/v2\/categories?post=187267"},{"taxonomy":"post_tag","embeddable":true,"href":"https:\/\/www.tgrthaber.com\/mavikadin\/wp-json\/wp\/v2\/tags?post=187267"}],"curies":[{"name":"wp","href":"https:\/\/api.w.org\/{rel}","templated":true}]}}