{"id":187360,"date":"2025-06-07T11:43:29","date_gmt":"2025-06-07T08:43:29","guid":{"rendered":"https:\/\/www.tgrthaber.com\/mavikadin\/?p=187360"},"modified":"2025-06-06T11:33:40","modified_gmt":"2025-06-06T08:33:40","slug":"bayram-ziyaretlerinde-herkes-donup-size-bakacak-cildi-isil-isil-yapan-maske","status":"publish","type":"post","link":"https:\/\/www.tgrthaber.com\/mavikadin\/bayram-ziyaretlerinde-herkes-donup-size-bakacak-cildi-isil-isil-yapan-maske\/","title":{"rendered":"Bayram ziyaretlerinde herkes d\u00f6n\u00fcp size bakacak! Cildi \u0131\u015f\u0131l \u0131\u015f\u0131l yapan maske"},"content":{"rendered":"<p>Bayram ziyaretlerinde cildinizle g\u00f6z kama\u015ft\u0131rmak ister misiniz? Evde kolayca haz\u0131rlayabilece\u011finiz bu do\u011fal maske sayesinde hem sa\u011fl\u0131kl\u0131 hem de \u0131\u015f\u0131l \u0131\u015f\u0131l bir cilde kavu\u015fabilirsiniz. \u0130\u015fte, bayram boyunca sizi bir ad\u0131m \u00f6ne \u00e7\u0131karacak o mucizevi tarif ve detaylar\u2026<\/p>\n<h3>BAYRAMDA PARLAYAN B\u0130R C\u0130LT \u0130\u00c7\u0130N HAZIRLANIN<\/h3>\n<p>Bayram tela\u015f\u0131, haz\u0131rl\u0131klar, ko\u015fturma derken cildimiz de yorgun d\u00fc\u015f\u00fcyor. \u00d6zellikle bayram sabah\u0131 ailenizle, arkada\u015flar\u0131n\u0131zla ve kom\u015fular\u0131n\u0131zla bulu\u015furken canl\u0131 ve sa\u011fl\u0131kl\u0131 bir cilde sahip olmak hepimizin hayali. \u0130\u015fte bu y\u00fczden evde, do\u011fal malzemelerle haz\u0131rlanan bu maske tam size g\u00f6re!<\/p>\n<p><img loading=\"lazy\" decoding=\"async\" class=\"alignnone size-full wp-image-188222\" src=\"https:\/\/www.tgrthaber.com\/mavikadin\/wp-content\/uploads\/2-1193.png\" alt=\"\" width=\"1280\" height=\"720\" title=\"\" srcset=\"https:\/\/www.tgrthaber.com\/mavikadin\/wp-content\/uploads\/2-1193.png 1280w, https:\/\/www.tgrthaber.com\/mavikadin\/wp-content\/uploads\/2-1193-300x169.png 300w, https:\/\/www.tgrthaber.com\/mavikadin\/wp-content\/uploads\/2-1193-1024x576.png 1024w, https:\/\/www.tgrthaber.com\/mavikadin\/wp-content\/uploads\/2-1193-768x432.png 768w\" sizes=\"(max-width: 1280px) 100vw, 1280px\" \/><\/p>\n<hr \/>\n<h3>I\u015eILTI VEREN DO\u011eAL MASKE TAR\u0130F\u0130<\/h3>\n<p>Evdeki basit malzemelerle haz\u0131rlanan bu maske, cildinize ihtiyac\u0131 olan nemi sa\u011flarken ayn\u0131 zamanda parlakl\u0131k da kazand\u0131r\u0131yor. \u0130\u015fte tarif:<\/p>\n<p><strong>Malzemeler:<\/strong><\/p>\n<p>1 yemek ka\u015f\u0131\u011f\u0131 bal<\/p>\n<p>1 yemek ka\u015f\u0131\u011f\u0131 yo\u011furt<\/p>\n<p>1 \u00e7ay ka\u015f\u0131\u011f\u0131 limon suyu<\/p>\n<p><strong>Haz\u0131rlan\u0131\u015f\u0131:<\/strong><\/p>\n<p>T\u00fcm malzemeleri cam bir kasede g\u00fczelce kar\u0131\u015ft\u0131r\u0131n. Temizlenmi\u015f cildinize g\u00f6z \u00e7evresinden ka\u00e7\u0131narak nazik\u00e7e uygulay\u0131n. Maskeyi 15-20 dakika kadar beklettikten sonra \u0131l\u0131k suyla durulayarak cildinizi canland\u0131rabilirsiniz.<\/p>\n<p><img loading=\"lazy\" decoding=\"async\" class=\"alignnone size-full wp-image-188225\" src=\"https:\/\/www.tgrthaber.com\/mavikadin\/wp-content\/uploads\/5-594.png\" alt=\"\" width=\"1280\" height=\"720\" title=\"\" srcset=\"https:\/\/www.tgrthaber.com\/mavikadin\/wp-content\/uploads\/5-594.png 1280w, https:\/\/www.tgrthaber.com\/mavikadin\/wp-content\/uploads\/5-594-300x169.png 300w, https:\/\/www.tgrthaber.com\/mavikadin\/wp-content\/uploads\/5-594-1024x576.png 1024w, https:\/\/www.tgrthaber.com\/mavikadin\/wp-content\/uploads\/5-594-768x432.png 768w\" sizes=\"(max-width: 1280px) 100vw, 1280px\" \/><\/p>\n<hr \/>\n<h3>MASKEN\u0130N C\u0130LDE FAYDALARI<\/h3>\n<p>Bu maske, i\u00e7erdi\u011fi do\u011fal bile\u015fenler sayesinde cilde nem, canl\u0131l\u0131k ve parlakl\u0131k sa\u011fl\u0131yor. Bal, cildi besler ve do\u011fal bir nemlendirici g\u00f6revi \u00fcstlenir. Yo\u011furt, cildi yat\u0131\u015ft\u0131r\u0131r, g\u00f6zenekleri s\u0131k\u0131la\u015ft\u0131r\u0131r ve cilt dokusunu p\u00fcr\u00fczs\u00fczle\u015ftirir. Limon suyu ise cildi \u00f6l\u00fc h\u00fccrelerden ar\u0131nd\u0131rarak taze bir g\u00f6r\u00fcn\u00fcm sunar ve renk tonunu e\u015fitler.<\/p>\n<p><img loading=\"lazy\" decoding=\"async\" class=\"alignnone size-full wp-image-188223\" src=\"https:\/\/www.tgrthaber.com\/mavikadin\/wp-content\/uploads\/3-1171.png\" alt=\"\" width=\"1280\" height=\"720\" title=\"\" srcset=\"https:\/\/www.tgrthaber.com\/mavikadin\/wp-content\/uploads\/3-1171.png 1280w, https:\/\/www.tgrthaber.com\/mavikadin\/wp-content\/uploads\/3-1171-300x169.png 300w, https:\/\/www.tgrthaber.com\/mavikadin\/wp-content\/uploads\/3-1171-1024x576.png 1024w, https:\/\/www.tgrthaber.com\/mavikadin\/wp-content\/uploads\/3-1171-768x432.png 768w\" sizes=\"(max-width: 1280px) 100vw, 1280px\" \/><\/p>\n<hr \/>\n<h3>UYGULAMA SIKLI\u011eI VE P\u00dcF NOKTALAR<\/h3>\n<p>Bu maskeyi haftada 1-2 kez uygulayarak bayram boyunca cildinizin \u0131\u015f\u0131lt\u0131s\u0131n\u0131 koruyabilirsiniz. Ancak limon suyu cildi hassasla\u015ft\u0131rabilece\u011finden maskeyi ak\u015fam saatlerinde uygulaman\u0131z \u00f6nerilir. Maskeyi uygulamadan \u00f6nce cildinizin k\u00fc\u00e7\u00fck bir b\u00f6lgesinde test ederek alerjik reaksiyon riskini de ortadan kald\u0131rabilirsiniz.<\/p>\n<p><img loading=\"lazy\" decoding=\"async\" class=\"alignnone size-full wp-image-188224\" src=\"https:\/\/www.tgrthaber.com\/mavikadin\/wp-content\/uploads\/4-963.png\" alt=\"\" width=\"1280\" height=\"720\" title=\"\" srcset=\"https:\/\/www.tgrthaber.com\/mavikadin\/wp-content\/uploads\/4-963.png 1280w, https:\/\/www.tgrthaber.com\/mavikadin\/wp-content\/uploads\/4-963-300x169.png 300w, https:\/\/www.tgrthaber.com\/mavikadin\/wp-content\/uploads\/4-963-1024x576.png 1024w, https:\/\/www.tgrthaber.com\/mavikadin\/wp-content\/uploads\/4-963-768x432.png 768w\" sizes=\"(max-width: 1280px) 100vw, 1280px\" \/><\/p>\n<hr \/>\n<h3>BAYRAMDA G\u00d6Z KAMA\u015eTIRAN C\u0130LT S\u0130Z\u0130NLE<\/h3>\n<p>Bu do\u011fal maske sayesinde bayramda cildinizdeki fark\u0131 hemen hissedeceksiniz. Parlak, nemli ve sa\u011fl\u0131kl\u0131 g\u00f6r\u00fcnen bir cilt i\u00e7in do\u011fal tariflere ba\u015fvurmak, g\u00fczellik rutininize \u0131\u015f\u0131lt\u0131 katman\u0131n en ekonomik ve etkili yolu olacak. Sevdiklerinizle bir araya geldi\u011finiz bayramda, \u0131\u015f\u0131l \u0131\u015f\u0131l bir ciltle t\u00fcm dikkatleri \u00fczerinize \u00e7ekmeye haz\u0131r olun!<\/p>\n","protected":false},"excerpt":{"rendered":"<p>Bayram ziyaretlerinde cildinizle g\u00f6z kama\u015ft\u0131rmak ister misiniz? Evde kolayca haz\u0131rlayabilece\u011finiz bu do\u011fal maske sayesinde sa\u011fl\u0131kl\u0131, parlak ve \u0131\u015f\u0131l \u0131\u015f\u0131l bir cilde kavu\u015fabilirsiniz.<\/p>\n","protected":false},"author":28,"featured_media":188221,"comment_status":"closed","ping_status":"closed","sticky":false,"template":"","format":"standard","meta":{"rank_math_lock_modified_date":true,"footnotes":""},"categories":[95],"tags":[23950,3836,106,110,6508],"class_list":["post-187360","post","type-post","status-publish","format-standard","has-post-thumbnail","hentry","category-guzellik","tag-cildi-parlatan-maske","tag-cilt-bakimi","tag-guzellik","tag-maske","tag-yuz-maskesi"],"_links":{"self":[{"href":"https:\/\/www.tgrthaber.com\/mavikadin\/wp-json\/wp\/v2\/posts\/187360"}],"collection":[{"href":"https:\/\/www.tgrthaber.com\/mavikadin\/wp-json\/wp\/v2\/posts"}],"about":[{"href":"https:\/\/www.tgrthaber.com\/mavikadin\/wp-json\/wp\/v2\/types\/post"}],"author":[{"embeddable":true,"href":"https:\/\/www.tgrthaber.com\/mavikadin\/wp-json\/wp\/v2\/users\/28"}],"replies":[{"embeddable":true,"href":"https:\/\/www.tgrthaber.com\/mavikadin\/wp-json\/wp\/v2\/comments?post=187360"}],"version-history":[{"count":3,"href":"https:\/\/www.tgrthaber.com\/mavikadin\/wp-json\/wp\/v2\/posts\/187360\/revisions"}],"predecessor-version":[{"id":188226,"href":"https:\/\/www.tgrthaber.com\/mavikadin\/wp-json\/wp\/v2\/posts\/187360\/revisions\/188226"}],"wp:featuredmedia":[{"embeddable":true,"href":"https:\/\/www.tgrthaber.com\/mavikadin\/wp-json\/wp\/v2\/media\/188221"}],"wp:attachment":[{"href":"https:\/\/www.tgrthaber.com\/mavikadin\/wp-json\/wp\/v2\/media?parent=187360"}],"wp:term":[{"taxonomy":"category","embeddable":true,"href":"https:\/\/www.tgrthaber.com\/mavikadin\/wp-json\/wp\/v2\/categories?post=187360"},{"taxonomy":"post_tag","embeddable":true,"href":"https:\/\/www.tgrthaber.com\/mavikadin\/wp-json\/wp\/v2\/tags?post=187360"}],"curies":[{"name":"wp","href":"https:\/\/api.w.org\/{rel}","templated":true}]}}