{"id":187430,"date":"2025-06-05T11:16:42","date_gmt":"2025-06-05T08:16:42","guid":{"rendered":"https:\/\/www.tgrthaber.com\/mavikadin\/?p=187430"},"modified":"2025-06-05T12:33:58","modified_gmt":"2025-06-05T09:33:58","slug":"sekerle-vedalas-enerjiyle-tanis-21-gunluk-sekersiz-tarif-plani","status":"publish","type":"post","link":"https:\/\/www.tgrthaber.com\/mavikadin\/sekerle-vedalas-enerjiyle-tanis-21-gunluk-sekersiz-tarif-plani\/","title":{"rendered":"\u015eekerle vedala\u015f enerjiyle tan\u0131\u015f! 21 g\u00fcnl\u00fck \u015fekersiz tarif plan\u0131"},"content":{"rendered":"<p>G\u00fcn i\u00e7inde ya\u015fanan ani halsizlikler, odaklanma zorluklar\u0131 ve d\u00fczensiz ruh halleri size tan\u0131d\u0131k geliyorsa, sorunun kayna\u011f\u0131 \u00e7ok daha yak\u0131n\u0131n\u0131zda olabilir: \u015eeker! Tatl\u0131ya olan d\u00fc\u015fk\u00fcnl\u00fck sadece kilo de\u011fil, ayn\u0131 zamanda enerji seviyelerinde de ciddi dalgalanmalara yol a\u00e7abiliyor. \u0130\u015fte tam da bu nedenle son d\u00f6nemde \u201c\u015fekersiz beslenme\u201d bir al\u0131\u015fkanl\u0131k de\u011fil, adeta yeni bir ya\u015fam tercihi olarak \u00f6ne \u00e7\u0131k\u0131yor. Peki 21 g\u00fcnl\u00fck \u015fekersiz tarif plan\u0131 nas\u0131l uygulan\u0131yor, nelere dikkat etmek gerekiyor? \u0130\u015fte bilmeniz gereken detaylar&#8230;<\/p>\n<h3>\u015eEKERLE VEDALA\u015e ENERJ\u0130YLE TANI\u015e!<\/h3>\n<p>Uzmanlar\u0131n \u00f6nerdi\u011fi bu 21 g\u00fcnl\u00fck \u015fekersiz tarif plan\u0131 sayesinde v\u00fccudunuz k\u0131sa s\u00fcrede kendini toparlarken, zihinsel olarak da daha berrak bir hale gelmeniz m\u00fcmk\u00fcn.<\/p>\n<p><img loading=\"lazy\" decoding=\"async\" class=\"alignnone wp-image-187434\" src=\"https:\/\/www.tgrthaber.com\/mavikadin\/wp-content\/uploads\/sekersiz-beslenme-plani-nasil-uygulaniyor-300x146.webp\" alt=\"\" width=\"1208\" height=\"586\" title=\"\" srcset=\"https:\/\/www.tgrthaber.com\/mavikadin\/wp-content\/uploads\/sekersiz-beslenme-plani-nasil-uygulaniyor-300x146.webp 300w, https:\/\/www.tgrthaber.com\/mavikadin\/wp-content\/uploads\/sekersiz-beslenme-plani-nasil-uygulaniyor.webp 480w\" sizes=\"(max-width: 1208px) 100vw, 1208px\" \/><\/p>\n<hr \/>\n<p>\u00dcstelik yaln\u0131zca \u015fekerden uzakla\u015fmakla kalmayacak, ayn\u0131 zamanda do\u011fal besinlerle aran\u0131zdaki ili\u015fkiyi de yeniden in\u015fa edeceksiniz.<\/p>\n<p><img loading=\"lazy\" decoding=\"async\" class=\"alignnone wp-image-187435\" src=\"https:\/\/www.tgrthaber.com\/mavikadin\/wp-content\/uploads\/sekersiz-beslenme-300x171.webp\" alt=\"\" width=\"1208\" height=\"690\" title=\"\" srcset=\"https:\/\/www.tgrthaber.com\/mavikadin\/wp-content\/uploads\/sekersiz-beslenme-300x171.webp 300w, https:\/\/www.tgrthaber.com\/mavikadin\/wp-content\/uploads\/sekersiz-beslenme.webp 700w\" sizes=\"(max-width: 1208px) 100vw, 1208px\" \/><\/p>\n<hr \/>\n<h3>21 G\u00dcNL\u00dcK \u015eEKERS\u0130Z TAR\u0130F PLANI NASIL UYGULANIYOR?<\/h3>\n<p>Bu programda ama\u00e7, yaln\u0131zca rafine \u015fekeri b\u0131rakmak de\u011fil, paketli g\u0131dalarda gizlenen, tatland\u0131r\u0131c\u0131larla maskelenen t\u00fcm \u015feker t\u00fcrlerini hayat\u0131n\u0131zdan \u00e7\u0131karmak. \u0130lk birka\u00e7 g\u00fcn zorlu ge\u00e7se de, v\u00fccut bu de\u011fi\u015fime k\u0131sa s\u00fcrede adapte oluyor. Plan boyunca lif oran\u0131 y\u00fcksek sebzeler, sa\u011fl\u0131kl\u0131 ya\u011flar ve do\u011fal protein kaynaklar\u0131 \u00f6n planda tutuluyor.<\/p>\n<p>Kahvalt\u0131larda yulaf bazl\u0131 kar\u0131\u015f\u0131mlar, ara \u00f6\u011f\u00fcnlerde ceviz, badem gibi kuruyemi\u015fler, ak\u015fam yemeklerinde ise sebze a\u011f\u0131rl\u0131kl\u0131 tabaklar tercih ediliyor. Tatl\u0131 ihtiyac\u0131n\u0131 bast\u0131rmak i\u00e7in hurma, muz gibi meyveler kontroll\u00fc \u015fekilde t\u00fcketiliyor. Her g\u00fcn i\u00e7in planlanan tariflerle hem a\u00e7 kalm\u0131yor hem de damak zevkinden \u00f6d\u00fcn vermiyorsunuz.<\/p>\n<p><img loading=\"lazy\" decoding=\"async\" class=\"alignnone wp-image-187436\" src=\"https:\/\/www.tgrthaber.com\/mavikadin\/wp-content\/uploads\/kuruyemis-faydalari-300x169.webp\" alt=\"\" width=\"1208\" height=\"680\" title=\"\" srcset=\"https:\/\/www.tgrthaber.com\/mavikadin\/wp-content\/uploads\/kuruyemis-faydalari-300x169.webp 300w, https:\/\/www.tgrthaber.com\/mavikadin\/wp-content\/uploads\/kuruyemis-faydalari.webp 480w\" sizes=\"(max-width: 1208px) 100vw, 1208px\" \/><\/p>\n<hr \/>\n<h3>\u015eEKER\u0130 BIRAKINCA V\u00dcCUTTA NELER DE\u011e\u0130\u015e\u0130YOR?<\/h3>\n<p>Program\u0131n ilk haftas\u0131nda baz\u0131 ki\u015filerde hafif ba\u015f a\u011fr\u0131s\u0131, yorgunluk gibi ge\u00e7ici belirtiler g\u00f6r\u00fclebiliyor. Ancak ikinci haftadan itibaren enerji seviyelerinde belirgin bir art\u0131\u015f ya\u015fan\u0131yor. Cilt tonunun dengelenmesi, uykunun d\u00fczene girmesi ve i\u015ftah kontrol\u00fcn\u00fcn sa\u011flanmas\u0131 ise en \u00e7ok raporlanan faydalar aras\u0131nda.<\/p>\n<p>Ayr\u0131ca \u015fekerin terk edilmesiyle birlikte inflamasyon seviyeleri azal\u0131yor, ba\u011f\u0131rsak sa\u011fl\u0131\u011f\u0131 destekleniyor ve ba\u011f\u0131\u015f\u0131kl\u0131k sistemi daha dengeli \u00e7al\u0131\u015fmaya ba\u015fl\u0131yor. \u015eekerin b\u0131rakt\u0131\u011f\u0131 bo\u015flu\u011fu dolduran do\u011fal besinler sayesinde, kilo kontrol\u00fc sa\u011flan\u0131rken, ruh hali de g\u00f6zle g\u00f6r\u00fcl\u00fcr \u015fekilde iyile\u015fiyor.<\/p>\n<p><img loading=\"lazy\" decoding=\"async\" class=\"alignnone wp-image-187437\" src=\"https:\/\/www.tgrthaber.com\/mavikadin\/wp-content\/uploads\/i-1-20-300x169.webp\" alt=\"\" width=\"1208\" height=\"680\" title=\"\" srcset=\"https:\/\/www.tgrthaber.com\/mavikadin\/wp-content\/uploads\/i-1-20-300x169.webp 300w, https:\/\/www.tgrthaber.com\/mavikadin\/wp-content\/uploads\/i-1-20.webp 480w\" sizes=\"(max-width: 1208px) 100vw, 1208px\" \/><\/p>\n<hr \/>\n<h3>21 G\u00dcNL\u00dcK \u015eEKERS\u0130Z TAR\u0130F PLANI<\/h3>\n<p>Bu 21 g\u00fcnl\u00fck \u015fekersiz tarif plan\u0131, sadece kilo vermek ya da daha fit g\u00f6r\u00fcnmek i\u00e7in de\u011fil ayr\u0131ca enerjik, berrak ve dengeli bir ya\u015fam s\u00fcrmek i\u00e7in \u00f6neriliyor. G\u00fcnl\u00fck tempoya ayak uydurmakta zorlananlar, sabahlar\u0131 yorgun kalkanlar ya da tatl\u0131 krizleriyle ba\u015f etmekte g\u00fc\u00e7l\u00fck \u00e7eken herkes i\u00e7in g\u00fc\u00e7l\u00fc bir alternatif sunuyor.<\/p>\n<p>\u00dcstelik plan sadece fiziksel de\u011fi\u015fimle s\u0131n\u0131rl\u0131 da de\u011fi. Al\u0131\u015fkanl\u0131klar\u0131n yeniden \u015fekillendi\u011fi bu s\u00fcre\u00e7, ayn\u0131 zamanda uzun vadeli bir fark\u0131ndal\u0131k da kazand\u0131r\u0131yor. Yemekle kurulan ba\u011f\u0131n de\u011fi\u015fti\u011fi bu \u00fc\u00e7 hafta sonunda, bir\u00e7ok ki\u015fi eski t\u00fcketim al\u0131\u015fkanl\u0131klar\u0131na geri d\u00f6nm\u00fcyor.<\/p>\n<p><img loading=\"lazy\" decoding=\"async\" class=\"alignnone wp-image-187438\" src=\"https:\/\/www.tgrthaber.com\/mavikadin\/wp-content\/uploads\/sekersiz-beslenmeyle-fit-gorunmek-300x180.webp\" alt=\"\" width=\"1208\" height=\"725\" title=\"\" srcset=\"https:\/\/www.tgrthaber.com\/mavikadin\/wp-content\/uploads\/sekersiz-beslenmeyle-fit-gorunmek-300x180.webp 300w, https:\/\/www.tgrthaber.com\/mavikadin\/wp-content\/uploads\/sekersiz-beslenmeyle-fit-gorunmek.webp 480w\" sizes=\"(max-width: 1208px) 100vw, 1208px\" \/><\/p>\n<hr \/>\n<p>K\u0131sa s\u00fcreli bir detoks de\u011fil, uzun vadeli bir d\u00f6n\u00fc\u015f\u00fcm sunan bu plan sayesinde yaln\u0131zca \u015fekeri b\u0131rakmakla kalm\u0131yor, bedeninizin size nas\u0131l kar\u015f\u0131l\u0131k verdi\u011fini daha yak\u0131ndan g\u00f6zlemliyorsunuz. 21 g\u00fcn sonunda kendinizi daha hafif, enerjik ve zinde hissetmeniz ka\u00e7\u0131n\u0131lmaz hale geliyor. \u015eekerle vedala\u015fmak belki de d\u00fc\u015f\u00fcnd\u00fc\u011f\u00fcn\u00fcz kadar zor de\u011fil, yeter ki ilk ad\u0131m\u0131 at\u0131n.<\/p>\n","protected":false},"excerpt":{"rendered":"<p>G\u00fcn\u00fcm\u00fcz\u00fcn ko\u015fu\u015fturmacas\u0131 i\u00e7inde enerji d\u00fc\u015f\u00fckl\u00fc\u011f\u00fc, halsizlik ya da tatl\u0131 krizleri art\u0131k s\u0131radanla\u015ft\u0131. Oysa \u00e7\u00f6z\u00fcm sand\u0131\u011f\u0131n\u0131zdan daha basit olabilir. Son d\u00f6nemde giderek daha fazla ki\u015fi sadece \u00fc\u00e7 hafta s\u00fcren \u015fekersiz bir beslenme plan\u0131yla hem fiziksel hem zihinsel olarak kendini yeniledi\u011fini s\u00f6yl\u00fcyor. Detaylar haberimizde&#8230;<\/p>\n","protected":false},"author":35,"featured_media":187508,"comment_status":"closed","ping_status":"closed","sticky":false,"template":"","format":"standard","meta":{"rank_math_lock_modified_date":false,"footnotes":""},"categories":[123],"tags":[283,20114,173,1723,23836],"class_list":["post-187430","post","type-post","status-publish","format-standard","has-post-thumbnail","hentry","category-diyet","tag-beslenme","tag-enerji","tag-saglik","tag-seker","tag-sekerin-zararlari"],"_links":{"self":[{"href":"https:\/\/www.tgrthaber.com\/mavikadin\/wp-json\/wp\/v2\/posts\/187430"}],"collection":[{"href":"https:\/\/www.tgrthaber.com\/mavikadin\/wp-json\/wp\/v2\/posts"}],"about":[{"href":"https:\/\/www.tgrthaber.com\/mavikadin\/wp-json\/wp\/v2\/types\/post"}],"author":[{"embeddable":true,"href":"https:\/\/www.tgrthaber.com\/mavikadin\/wp-json\/wp\/v2\/users\/35"}],"replies":[{"embeddable":true,"href":"https:\/\/www.tgrthaber.com\/mavikadin\/wp-json\/wp\/v2\/comments?post=187430"}],"version-history":[{"count":3,"href":"https:\/\/www.tgrthaber.com\/mavikadin\/wp-json\/wp\/v2\/posts\/187430\/revisions"}],"predecessor-version":[{"id":187509,"href":"https:\/\/www.tgrthaber.com\/mavikadin\/wp-json\/wp\/v2\/posts\/187430\/revisions\/187509"}],"wp:featuredmedia":[{"embeddable":true,"href":"https:\/\/www.tgrthaber.com\/mavikadin\/wp-json\/wp\/v2\/media\/187508"}],"wp:attachment":[{"href":"https:\/\/www.tgrthaber.com\/mavikadin\/wp-json\/wp\/v2\/media?parent=187430"}],"wp:term":[{"taxonomy":"category","embeddable":true,"href":"https:\/\/www.tgrthaber.com\/mavikadin\/wp-json\/wp\/v2\/categories?post=187430"},{"taxonomy":"post_tag","embeddable":true,"href":"https:\/\/www.tgrthaber.com\/mavikadin\/wp-json\/wp\/v2\/tags?post=187430"}],"curies":[{"name":"wp","href":"https:\/\/api.w.org\/{rel}","templated":true}]}}