{"id":187479,"date":"2025-06-05T12:24:01","date_gmt":"2025-06-05T09:24:01","guid":{"rendered":"https:\/\/www.tgrthaber.com\/mavikadin\/?p=187479"},"modified":"2025-06-05T12:24:01","modified_gmt":"2025-06-05T09:24:01","slug":"yaza-isil-isil-bir-ciltle-gir-hazirana-ozel-7-gunluk-yenileme-kuru","status":"publish","type":"post","link":"https:\/\/www.tgrthaber.com\/mavikadin\/yaza-isil-isil-bir-ciltle-gir-hazirana-ozel-7-gunluk-yenileme-kuru\/","title":{"rendered":"Yaza \u0131\u015f\u0131l \u0131\u015f\u0131l bir ciltle gir! Haziran&#8217;a \u00f6zel 7 g\u00fcnl\u00fck yenileme k\u00fcr\u00fc"},"content":{"rendered":"<p>Yaz aylar\u0131n\u0131n \u0131\u015f\u0131lt\u0131l\u0131 havas\u0131na uyum sa\u011flamak, cilt sa\u011fl\u0131\u011f\u0131n\u0131 geri kazanmak ve daha canl\u0131 bir g\u00f6r\u00fcn\u00fcm elde etmek isteyenler i\u00e7in Haziran ay\u0131 b\u00fcy\u00fck bir f\u0131rsat sunuyor. Evde uygulanabilecek, pratik ve do\u011fal ad\u0131mlarla haz\u0131rlanan bu 7 g\u00fcnl\u00fck k\u00fcr sayesinde, cildinizi k\u0131sa s\u00fcrede daha sa\u011fl\u0131kl\u0131 bir hale getirmek m\u00fcmk\u00fcn. Uzman \u00f6nerileri ve dermatoloji temelli bilgilerin harmanland\u0131\u011f\u0131 bu yenileme program\u0131, cildi hem i\u00e7eriden hem de d\u0131\u015far\u0131dan desteklemeyi ama\u00e7l\u0131yor. \u0130\u015fte Haziran\u2019a \u00f6zel, ad\u0131m ad\u0131m 7 g\u00fcnl\u00fck yenilenme k\u00fcr\u00fc\u2026<\/p>\n<h3>YAZA I\u015eIL I\u015eIL B\u0130R C\u0130LTLE G\u0130R!<\/h3>\n<p>K\u0131\u015f\u0131n y\u0131pratt\u0131\u011f\u0131, bahar\u0131n temposuna ayak uydurmaya \u00e7al\u0131\u015fan cildimiz, yaz aylar\u0131na girerken biraz ilgi ve \u00f6zen bekliyor. Uzun s\u00fcredir aynaya bakt\u0131\u011f\u0131n\u0131zda donuk, yorgun ve nemsiz bir ciltle kar\u015f\u0131la\u015f\u0131yorsan\u0131z yaln\u0131z de\u011filsiniz.<\/p>\n<p><img loading=\"lazy\" decoding=\"async\" class=\"alignnone wp-image-187481\" src=\"https:\/\/www.tgrthaber.com\/mavikadin\/wp-content\/uploads\/yorgun-cilt-300x157.jpeg\" alt=\"\" width=\"1208\" height=\"633\" title=\"\" srcset=\"https:\/\/www.tgrthaber.com\/mavikadin\/wp-content\/uploads\/yorgun-cilt-300x157.jpeg 300w, https:\/\/www.tgrthaber.com\/mavikadin\/wp-content\/uploads\/yorgun-cilt-1024x537.jpeg 1024w, https:\/\/www.tgrthaber.com\/mavikadin\/wp-content\/uploads\/yorgun-cilt-768x403.jpeg 768w, https:\/\/www.tgrthaber.com\/mavikadin\/wp-content\/uploads\/yorgun-cilt.jpeg 1198w\" sizes=\"(max-width: 1208px) 100vw, 1208px\" \/><\/p>\n<hr \/>\n<p>Neyse ki bu g\u00f6r\u00fcn\u00fcm\u00fc de\u011fi\u015ftirmek sand\u0131\u011f\u0131n\u0131z kadar zor de\u011fil. \u00d6zellikle Haziran ay\u0131, cilt bak\u0131m\u0131n\u0131 d\u00fczene sokmak ve yaza taze bir ba\u015flang\u0131\u00e7 yapmak i\u00e7in en do\u011fru zamanlardan biri. Do\u011fru ad\u0131mlarla ilerledi\u011finizde, bir hafta i\u00e7inde cildinizde g\u00f6zle g\u00f6r\u00fcl\u00fcr bir fark olu\u015fmas\u0131 m\u00fcmk\u00fcn. Peki 7 g\u00fcnl\u00fck yenilenme k\u00fcr\u00fc nas\u0131l uygulan\u0131yor? \u0130\u015fte Haziran\u2019a \u00f6zel 7 g\u00fcnl\u00fck yenileme k\u00fcr\u00fcne dair detaylar&#8230;<\/p>\n<p><img loading=\"lazy\" decoding=\"async\" class=\"alignnone wp-image-187482\" src=\"https:\/\/www.tgrthaber.com\/mavikadin\/wp-content\/uploads\/cilt-yenileme-300x167.webp\" alt=\"\" width=\"1208\" height=\"673\" title=\"\" srcset=\"https:\/\/www.tgrthaber.com\/mavikadin\/wp-content\/uploads\/cilt-yenileme-300x167.webp 300w, https:\/\/www.tgrthaber.com\/mavikadin\/wp-content\/uploads\/cilt-yenileme.webp 757w\" sizes=\"(max-width: 1208px) 100vw, 1208px\" \/><\/p>\n<hr \/>\n<h3>HAZ\u0130RAN&#8217;A \u00d6ZEL 7 G\u00dcNL\u00dcK YEN\u0130LEME K\u00dcR\u00dc<\/h3>\n<p>Cildin tazelenmeye en a\u00e7\u0131k oldu\u011fu d\u00f6nemlerden biri Haziran ay\u0131d\u0131r. Havan\u0131n \u0131s\u0131nmas\u0131yla birlikte g\u00f6zenekler daha aktif hale gelir, bak\u0131m \u00fcr\u00fcnlerinin etkisi de bu d\u00f6nemde daha net hissedilir. E\u011fer k\u0131sa s\u00fcrede daha sa\u011fl\u0131kl\u0131, parlak ve dengeli bir cilt g\u00f6r\u00fcn\u00fcm\u00fcne kavu\u015fmak istiyorsan\u0131z; bu 7 g\u00fcnl\u00fck plan tam size g\u00f6re. \u015eimdi gelin, her g\u00fcne \u00f6zel k\u00fc\u00e7\u00fck ama etkili ad\u0131mlara birlikte bakal\u0131m&#8230;<\/p>\n<p><img loading=\"lazy\" decoding=\"async\" class=\"alignnone wp-image-187483\" src=\"https:\/\/www.tgrthaber.com\/mavikadin\/wp-content\/uploads\/Sabahlari-Limonlu-Su-Icmek-300x188.jpg\" alt=\"\" width=\"1208\" height=\"755\" title=\"\" srcset=\"https:\/\/www.tgrthaber.com\/mavikadin\/wp-content\/uploads\/Sabahlari-Limonlu-Su-Icmek-300x188.jpg 300w, https:\/\/www.tgrthaber.com\/mavikadin\/wp-content\/uploads\/Sabahlari-Limonlu-Su-Icmek-1024x640.jpg 1024w, https:\/\/www.tgrthaber.com\/mavikadin\/wp-content\/uploads\/Sabahlari-Limonlu-Su-Icmek-768x480.jpg 768w, https:\/\/www.tgrthaber.com\/mavikadin\/wp-content\/uploads\/Sabahlari-Limonlu-Su-Icmek.jpg 1280w\" sizes=\"(max-width: 1208px) 100vw, 1208px\" \/><\/p>\n<hr \/>\n<h3>1. G\u00dcN: SUYUN G\u00dcC\u00dcNDEN YARARLANIN<\/h3>\n<p>Yenilenmenin ilk ad\u0131m\u0131 i\u00e7 temizlikten ge\u00e7iyor. G\u00fcne a\u00e7 karna bir bardak limonlu \u0131l\u0131k suyla ba\u015flay\u0131n. G\u00fcn boyunca en az 2,5 litre su i\u00e7meye \u00f6zen g\u00f6sterin. Bu basit al\u0131\u015fkanl\u0131k, cildin nem dengesini d\u00fczenlerken toksinlerden ar\u0131nmas\u0131na yard\u0131mc\u0131 olur.<\/p>\n<p><img loading=\"lazy\" decoding=\"async\" class=\"alignnone wp-image-187488\" src=\"https:\/\/www.tgrthaber.com\/mavikadin\/wp-content\/uploads\/sekerin-zararlari-300x155.webp\" alt=\"\" width=\"1208\" height=\"624\" title=\"\" srcset=\"https:\/\/www.tgrthaber.com\/mavikadin\/wp-content\/uploads\/sekerin-zararlari-300x155.webp 300w, https:\/\/www.tgrthaber.com\/mavikadin\/wp-content\/uploads\/sekerin-zararlari.webp 480w\" sizes=\"(max-width: 1208px) 100vw, 1208px\" \/><\/p>\n<hr \/>\n<h3>2. G\u00dcN: \u015eEKERS\u0130Z BESLENMEYE GE\u00c7\u0130N<\/h3>\n<p>Rafine \u015feker t\u00fcketimini s\u0131f\u0131ra indirin. \u015eekerin ciltte neden oldu\u011fu sivilce, donukluk ve erken ya\u015flanma belirtilerini azaltmak i\u00e7in ikinci g\u00fcn boyunca do\u011fal, taze besinlere y\u00f6nelin. Meyve t\u00fcketimini kontroll\u00fc yap\u0131n, beyaz unlu \u00fcr\u00fcnlerden uzak durun.<\/p>\n<p><img loading=\"lazy\" decoding=\"async\" class=\"alignnone wp-image-187494\" src=\"https:\/\/www.tgrthaber.com\/mavikadin\/wp-content\/uploads\/sekersiz-beslenme-plani-300x157.webp\" alt=\"\" width=\"1208\" height=\"631\" title=\"\" srcset=\"https:\/\/www.tgrthaber.com\/mavikadin\/wp-content\/uploads\/sekersiz-beslenme-plani-300x157.webp 300w, https:\/\/www.tgrthaber.com\/mavikadin\/wp-content\/uploads\/sekersiz-beslenme-plani-1024x535.webp 1024w, https:\/\/www.tgrthaber.com\/mavikadin\/wp-content\/uploads\/sekersiz-beslenme-plani-768x401.webp 768w, https:\/\/www.tgrthaber.com\/mavikadin\/wp-content\/uploads\/sekersiz-beslenme-plani.webp 1200w\" sizes=\"(max-width: 1208px) 100vw, 1208px\" \/><\/p>\n<h3>3. G\u00dcN: YE\u015e\u0130L BES\u0130NLER G\u00dcN\u00dc<\/h3>\n<p>Ispanak, roka, maydanoz, ye\u015fil elma ve avokado gibi klorofil a\u00e7\u0131s\u0131ndan zengin g\u0131dalar t\u00fcketin. Bu sebzeler kan dola\u015f\u0131m\u0131n\u0131 desteklerken cilde oksijen ta\u015f\u0131nmas\u0131n\u0131 kolayla\u015ft\u0131r\u0131r. Ak\u015fam saatlerinde ye\u015fil \u00e7ay da eklenebilir.<\/p>\n<h3>4. G\u00dcN: DO\u011eAL YA\u011eLARLA C\u0130LD\u0130 BESLEY\u0130N<\/h3>\n<p>Zeytinya\u011f\u0131, badem ya\u011f\u0131 ya da ceviz ya\u011f\u0131 gibi sa\u011fl\u0131kl\u0131 ya\u011flar men\u00fcn\u00fcze eklensin. Ayn\u0131 zamanda bir \u00e7ay ka\u015f\u0131\u011f\u0131 keten tohumu ya\u011f\u0131 da ba\u011f\u0131\u015f\u0131kl\u0131k sistemini ve cilt dokusunu destekleyebilir. G\u00fcnde bir avu\u00e7 \u00e7i\u011f kuruyemi\u015f \u00f6nerilir.<\/p>\n<p><img loading=\"lazy\" decoding=\"async\" class=\"alignnone wp-image-187496\" src=\"https:\/\/www.tgrthaber.com\/mavikadin\/wp-content\/uploads\/isil-isil-bir-cilt-icin-mutlaka-bilmeniz-gereken--300x169.webp\" alt=\"\" width=\"1208\" height=\"680\" title=\"\" srcset=\"https:\/\/www.tgrthaber.com\/mavikadin\/wp-content\/uploads\/isil-isil-bir-cilt-icin-mutlaka-bilmeniz-gereken--300x169.webp 300w, https:\/\/www.tgrthaber.com\/mavikadin\/wp-content\/uploads\/isil-isil-bir-cilt-icin-mutlaka-bilmeniz-gereken--1024x576.webp 1024w, https:\/\/www.tgrthaber.com\/mavikadin\/wp-content\/uploads\/isil-isil-bir-cilt-icin-mutlaka-bilmeniz-gereken--768x432.webp 768w, https:\/\/www.tgrthaber.com\/mavikadin\/wp-content\/uploads\/isil-isil-bir-cilt-icin-mutlaka-bilmeniz-gereken-.webp 1280w\" sizes=\"(max-width: 1208px) 100vw, 1208px\" \/><\/p>\n<hr \/>\n<h3>5. G\u00dcN: HAF\u0130F PEELING VE TEM\u0130ZL\u0130K<\/h3>\n<p>Bug\u00fcn cilt y\u00fczeyini \u00f6l\u00fc derilerden ar\u0131nd\u0131rma g\u00fcn\u00fc. Yulaf ezmesi ve yo\u011furtla yap\u0131lan nazik bir peeling, cilt y\u00fczeyindeki mat g\u00f6r\u00fcn\u00fcm\u00fc giderir. Ard\u0131ndan nemlendirici bir tonik veya g\u00fcl suyu ile cilt yat\u0131\u015ft\u0131r\u0131l\u0131r.<\/p>\n<h3>6. G\u00dcN: MASKE \u0130LE DESTEKLEME<\/h3>\n<p>Evde haz\u0131rlayabilece\u011finiz bir maske ile cildinize bak\u0131m yap\u0131n. \u00d6rne\u011fin: 1 tatl\u0131 ka\u015f\u0131\u011f\u0131 bal, yar\u0131m ezilmi\u015f muz ve birka\u00e7 damla zeytinya\u011f\u0131. Bu kar\u0131\u015f\u0131m\u0131 15 dakika cildinizde bekletin. Canl\u0131l\u0131k ve nem kazan\u0131m\u0131 bu ad\u0131mda ba\u015flar.<\/p>\n<p><img loading=\"lazy\" decoding=\"async\" class=\"alignnone wp-image-187501\" src=\"https:\/\/www.tgrthaber.com\/mavikadin\/wp-content\/uploads\/gunesin-zararlari-300x169.webp\" alt=\"\" width=\"1208\" height=\"680\" title=\"\" srcset=\"https:\/\/www.tgrthaber.com\/mavikadin\/wp-content\/uploads\/gunesin-zararlari-300x169.webp 300w, https:\/\/www.tgrthaber.com\/mavikadin\/wp-content\/uploads\/gunesin-zararlari.webp 480w\" sizes=\"(max-width: 1208px) 100vw, 1208px\" \/><\/p>\n<hr \/>\n<h3>7. G\u00dcN: G\u00dcNE\u015eTEN KORUN VE D\u0130NLEN<\/h3>\n<p>K\u00fcr\u00fcn son g\u00fcn\u00fcnde d\u0131\u015far\u0131 \u00e7\u0131karken y\u00fcksek koruma fakt\u00f6rl\u00fc bir g\u00fcne\u015f kremi kullan\u0131n. Cildin emekle toparlad\u0131\u011f\u0131 bariyeri korumak i\u00e7in bu ad\u0131m hayati \u00f6nem ta\u015f\u0131yor. Bol su i\u00e7meye devam edin ve cildinizi yormayan sade bir g\u00fcn ge\u00e7irin.<\/p>\n<p>Bu 7 g\u00fcnl\u00fck yenileme plan\u0131, k\u0131sa s\u00fcrede cildin daha parlak, temiz ve bak\u0131ml\u0131 g\u00f6r\u00fcnmesini sa\u011flayacak. Yaza haz\u0131rl\u0131k i\u00e7in ge\u00e7 kalm\u0131\u015f say\u0131lmazs\u0131n\u0131z!<\/p>\n","protected":false},"excerpt":{"rendered":"<p>Yaz s\u0131caklar\u0131 yakla\u015f\u0131rken cildinizin ihtiyac\u0131 olan tazeli\u011fi sadece 7 g\u00fcnde geri kazanabilirsiniz. Evde kolayca uygulayabilece\u011finiz bu yenileme plan\u0131yla aynaya her bakt\u0131\u011f\u0131n\u0131zda canl\u0131 ve sa\u011fl\u0131kl\u0131 bir cilt g\u00f6receksiniz. Peki Haziran ay\u0131na \u00f6zel cilt yenileme k\u00fcr\u00fc nas\u0131l uygulan\u0131yor? \u0130\u015fte yapman\u0131z gerekenler&#8230;<\/p>\n","protected":false},"author":35,"featured_media":187504,"comment_status":"closed","ping_status":"closed","sticky":false,"template":"","format":"standard","meta":{"rank_math_lock_modified_date":false,"footnotes":""},"categories":[95],"tags":[3836,23849,23851,23848,23850],"class_list":["post-187479","post","type-post","status-publish","format-standard","has-post-thumbnail","hentry","category-guzellik","tag-cilt-bakimi","tag-cilt-yenileme","tag-cilt-yenileme-kuru","tag-haziran-ayi","tag-isil-isil-cilt"],"_links":{"self":[{"href":"https:\/\/www.tgrthaber.com\/mavikadin\/wp-json\/wp\/v2\/posts\/187479"}],"collection":[{"href":"https:\/\/www.tgrthaber.com\/mavikadin\/wp-json\/wp\/v2\/posts"}],"about":[{"href":"https:\/\/www.tgrthaber.com\/mavikadin\/wp-json\/wp\/v2\/types\/post"}],"author":[{"embeddable":true,"href":"https:\/\/www.tgrthaber.com\/mavikadin\/wp-json\/wp\/v2\/users\/35"}],"replies":[{"embeddable":true,"href":"https:\/\/www.tgrthaber.com\/mavikadin\/wp-json\/wp\/v2\/comments?post=187479"}],"version-history":[{"count":1,"href":"https:\/\/www.tgrthaber.com\/mavikadin\/wp-json\/wp\/v2\/posts\/187479\/revisions"}],"predecessor-version":[{"id":187505,"href":"https:\/\/www.tgrthaber.com\/mavikadin\/wp-json\/wp\/v2\/posts\/187479\/revisions\/187505"}],"wp:featuredmedia":[{"embeddable":true,"href":"https:\/\/www.tgrthaber.com\/mavikadin\/wp-json\/wp\/v2\/media\/187504"}],"wp:attachment":[{"href":"https:\/\/www.tgrthaber.com\/mavikadin\/wp-json\/wp\/v2\/media?parent=187479"}],"wp:term":[{"taxonomy":"category","embeddable":true,"href":"https:\/\/www.tgrthaber.com\/mavikadin\/wp-json\/wp\/v2\/categories?post=187479"},{"taxonomy":"post_tag","embeddable":true,"href":"https:\/\/www.tgrthaber.com\/mavikadin\/wp-json\/wp\/v2\/tags?post=187479"}],"curies":[{"name":"wp","href":"https:\/\/api.w.org\/{rel}","templated":true}]}}