{"id":187486,"date":"2025-06-05T12:20:14","date_gmt":"2025-06-05T09:20:14","guid":{"rendered":"https:\/\/www.tgrthaber.com\/mavikadin\/?p=187486"},"modified":"2025-06-05T12:20:14","modified_gmt":"2025-06-05T09:20:14","slug":"oyuncu-mehmet-ugurun-cocugu-var-mi-mehmet-ugurun-saglik-durumu-merak-edildi","status":"publish","type":"post","link":"https:\/\/www.tgrthaber.com\/mavikadin\/oyuncu-mehmet-ugurun-cocugu-var-mi-mehmet-ugurun-saglik-durumu-merak-edildi\/","title":{"rendered":"Oyuncu Mehmet U\u011fur\u2019un \u00e7ocu\u011fu var m\u0131? Mehmet U\u011fur&#8217;un sa\u011fl\u0131k durumu merak edildi"},"content":{"rendered":"<p>Oyuncu Mehmet U\u011fur\u2019un \u00e7ocu\u011fu var m\u0131? merak konusu oldu. Yo\u011fun bak\u0131mda tedavi g\u00f6rd\u00fc\u011f\u00fc \u00f6\u011frenilen \u00fcnl\u00fc oyunu bir d\u00f6neme damgas\u0131n\u0131 vurmu\u015ftu.<\/p>\n<h3>OYUNCU MEHMET U\u011eUR\u2019UN \u00c7OCU\u011eU VAR MI?<\/h3>\n<p>Ye\u015fil\u00e7am&#8217;\u0131n emektar oyuncular\u0131ndan Mehmet U\u011fur&#8217;un yo\u011fun bak\u0131mda tedavi g\u00f6rd\u00fc\u011f\u00fc \u00f6\u011frenildi. Bu haberden sonra ise Mehmet U\u011fur\u2019un ailesi de merak edildi. Peki Oyuncu Mehmet U\u011fur\u2019un \u00e7ocu\u011fu var m\u0131?<\/p>\n<p><img loading=\"lazy\" decoding=\"async\" class=\"alignnone size-full wp-image-187490\" src=\"https:\/\/www.tgrthaber.com\/mavikadin\/wp-content\/uploads\/Mehmet-Ugur-2.png\" alt=\"\" width=\"1208\" height=\"680\" title=\"\" srcset=\"https:\/\/www.tgrthaber.com\/mavikadin\/wp-content\/uploads\/Mehmet-Ugur-2.png 1208w, https:\/\/www.tgrthaber.com\/mavikadin\/wp-content\/uploads\/Mehmet-Ugur-2-300x169.png 300w, https:\/\/www.tgrthaber.com\/mavikadin\/wp-content\/uploads\/Mehmet-Ugur-2-1024x576.png 1024w, https:\/\/www.tgrthaber.com\/mavikadin\/wp-content\/uploads\/Mehmet-Ugur-2-768x432.png 768w\" sizes=\"(max-width: 1208px) 100vw, 1208px\" \/><\/p>\n<hr \/>\n<p>Evet \u00fcnl\u00fc oyuncunun bir tane k\u0131z\u0131 bulunuyor. Oyuncunun k\u0131z\u0131 \u00c7i\u00e7ek U\u011fur yapt\u0131\u011f\u0131 a\u00e7\u0131klamada; &#8220;Anjiyo yap\u0131ld\u0131. Doktorlar damarlar\u0131 a\u00e7maya \u00e7al\u0131\u015f\u0131yor. Babam\u0131n ayak parmaklar\u0131 kesilecek. Bile\u011fe kadar kesilmesinden korkuyoruz. Bayramdan sonra Bypass ameliyat\u0131 olacak ve herkesten yard\u0131m bekliyoruz&#8221; dedi. \u00c7i\u00e7ek U\u011fur hakk\u0131nda internette bilgi bulunmuyor.<\/p>\n<h3>MEHMET U\u011eUR\u2019A NE OLDU?<\/h3>\n<p>T\u00fcrk sinemas\u0131n\u0131n pek \u00e7ok filminde yan rollerle izleyici kar\u015f\u0131s\u0131na \u00e7\u0131kan Mehmet U\u011fur&#8217;dan \u00fcz\u00fcc\u00fc haber geldi. U\u011fur&#8217;un kalp ve bacak damalar\u0131ndaki t\u0131kanma nedeniyle yo\u011fun bak\u0131mda tedavi g\u00f6rd\u00fc\u011f\u00fc \u00f6\u011frenildi.<\/p>\n<p><img loading=\"lazy\" decoding=\"async\" class=\"alignnone size-full wp-image-187491\" src=\"https:\/\/www.tgrthaber.com\/mavikadin\/wp-content\/uploads\/Mehmet-Ugur-3.png\" alt=\"\" width=\"1208\" height=\"680\" title=\"\" srcset=\"https:\/\/www.tgrthaber.com\/mavikadin\/wp-content\/uploads\/Mehmet-Ugur-3.png 1208w, https:\/\/www.tgrthaber.com\/mavikadin\/wp-content\/uploads\/Mehmet-Ugur-3-300x169.png 300w, https:\/\/www.tgrthaber.com\/mavikadin\/wp-content\/uploads\/Mehmet-Ugur-3-1024x576.png 1024w, https:\/\/www.tgrthaber.com\/mavikadin\/wp-content\/uploads\/Mehmet-Ugur-3-768x432.png 768w\" sizes=\"(max-width: 1208px) 100vw, 1208px\" \/><\/p>\n<hr \/>\n<p>\u00dcnl\u00fc isim ge\u00e7ti\u011fimiz y\u0131l Sadri Al\u0131\u015f\u0131k Tiyatro ve Sinema Oyuncu \u00d6d\u00fclleri kapsam\u0131nda T\u00fcrker \u0130nano\u011flu Vefa \u00d6d\u00fcl\u00fc&#8217;n\u00fc \u0130hsan Gedik ile birlikte alm\u0131\u015ft\u0131.<\/p>\n<p>Mehmet U\u011fur; &#8220;Malko\u00e7o\u011flu, Kara Murat filmleri ve di\u011fer yap\u0131mlar derken, biz T\u00fcrker \u0130nano\u011flu ile neredeyse her g\u00fcn yan yanayd\u0131k. \u00dczerimizde eme\u011fi \u00e7ok. Bize hep kol kanat gerdi. Ona her g\u00fcn dua ediyorum&#8221; diyerek, duygular\u0131n\u0131 dile getirmi\u015fti.<\/p>\n<p><img loading=\"lazy\" decoding=\"async\" class=\"alignnone size-full wp-image-187493\" src=\"https:\/\/www.tgrthaber.com\/mavikadin\/wp-content\/uploads\/Mehmet-Ugur-4.png\" alt=\"\" width=\"1208\" height=\"680\" title=\"\" srcset=\"https:\/\/www.tgrthaber.com\/mavikadin\/wp-content\/uploads\/Mehmet-Ugur-4.png 1208w, https:\/\/www.tgrthaber.com\/mavikadin\/wp-content\/uploads\/Mehmet-Ugur-4-300x169.png 300w, https:\/\/www.tgrthaber.com\/mavikadin\/wp-content\/uploads\/Mehmet-Ugur-4-1024x576.png 1024w, https:\/\/www.tgrthaber.com\/mavikadin\/wp-content\/uploads\/Mehmet-Ugur-4-768x432.png 768w\" sizes=\"(max-width: 1208px) 100vw, 1208px\" \/><\/p>\n<hr \/>\n<h3>MEHMET U\u011eUR K\u0130MD\u0130R?<\/h3>\n<p>T\u00fcrk sinema tarihinin arka planda kalan ancak haf\u0131zalarda yer edinen \u00fcnl\u00fc oyuncusu 21 May\u0131s 1950 tarihinde Gaziantep\u2019te d\u00fcnyaya geldi. Ye\u015fil\u00e7am\u2019\u0131n en hareketli d\u00f6nemlerinde sinemada boy g\u00f6steren U\u011fur, her ne kadar ba\u015frollerde olmasada oynad\u0131\u011f\u0131 karakterlerle izleyicinin g\u00f6nl\u00fcnde taht kurdu.<\/p>\n<p>1970\u2019li y\u0131llarda oyunculuk kariyerine ad\u0131m atan U\u011fur, d\u00f6nemin aksiyon, kahramanl\u0131k ve tarihi filmlerinde yer ald\u0131. \u00d6zellikle d\u00f6v\u00fc\u015f sahneleri, yan karakter rolleri ile izleyenlerin be\u011fenisini kazand\u0131.<br \/>\nMehmet U\u011fur\u2019un filmografisine bak\u0131ld\u0131\u011f\u0131nda T\u00fcrk sinemas\u0131n\u0131n bilindik yap\u0131mlar\u0131nda yer ald\u0131\u011f\u0131 g\u00f6r\u00fcl\u00fcyor.<\/p>\n<p>1972 yap\u0131m\u0131 Tarkan: Alt\u0131n Madalyon, 1973\u2019teki Battal Gazi Geliyor ve \u00dc\u00e7 Dev Adam gibi projeler Mehmet U\u011fur\u2019un sinemadaki ilk d\u00f6nemlerine i\u015faret ediyor. U\u011fur bu filmlerde d\u00f6nemin en \u00f6nemli oyuncular\u0131 C\u00fcneyt Ark\u0131n, Kartal Tibet ve Ayhan I\u015f\u0131k\u2019la ayn\u0131 projelerde \u00e7al\u0131\u015ft\u0131.<\/p>\n","protected":false},"excerpt":{"rendered":"<p>Yo\u011fun bak\u0131mda oldu\u011fu i\u00e7in sa\u011fl\u0131k durumu merak edilen Oyuncu Mehmet U\u011fur\u2019un \u00e7ocu\u011fu var m\u0131? ara\u015ft\u0131r\u0131l\u0131yor. Kariyeri kadar \u00f6zel hayat\u0131yla da g\u00fcndeme gelen Ye\u015fil\u00e7am oyuncusunun tedavi g\u00f6rd\u00fc\u011f\u00fc \u00f6\u011frenildi.<\/p>\n","protected":false},"author":5,"featured_media":187495,"comment_status":"closed","ping_status":"closed","sticky":false,"template":"","format":"standard","meta":{"rank_math_lock_modified_date":false,"footnotes":""},"categories":[491],"tags":[23844,23842,667],"class_list":["post-187486","post","type-post","status-publish","format-standard","has-post-thumbnail","hentry","category-biyografi","tag-cicek-ugur","tag-mehmet-ugur","tag-yesilcam"],"_links":{"self":[{"href":"https:\/\/www.tgrthaber.com\/mavikadin\/wp-json\/wp\/v2\/posts\/187486"}],"collection":[{"href":"https:\/\/www.tgrthaber.com\/mavikadin\/wp-json\/wp\/v2\/posts"}],"about":[{"href":"https:\/\/www.tgrthaber.com\/mavikadin\/wp-json\/wp\/v2\/types\/post"}],"author":[{"embeddable":true,"href":"https:\/\/www.tgrthaber.com\/mavikadin\/wp-json\/wp\/v2\/users\/5"}],"replies":[{"embeddable":true,"href":"https:\/\/www.tgrthaber.com\/mavikadin\/wp-json\/wp\/v2\/comments?post=187486"}],"version-history":[{"count":2,"href":"https:\/\/www.tgrthaber.com\/mavikadin\/wp-json\/wp\/v2\/posts\/187486\/revisions"}],"predecessor-version":[{"id":187499,"href":"https:\/\/www.tgrthaber.com\/mavikadin\/wp-json\/wp\/v2\/posts\/187486\/revisions\/187499"}],"wp:featuredmedia":[{"embeddable":true,"href":"https:\/\/www.tgrthaber.com\/mavikadin\/wp-json\/wp\/v2\/media\/187495"}],"wp:attachment":[{"href":"https:\/\/www.tgrthaber.com\/mavikadin\/wp-json\/wp\/v2\/media?parent=187486"}],"wp:term":[{"taxonomy":"category","embeddable":true,"href":"https:\/\/www.tgrthaber.com\/mavikadin\/wp-json\/wp\/v2\/categories?post=187486"},{"taxonomy":"post_tag","embeddable":true,"href":"https:\/\/www.tgrthaber.com\/mavikadin\/wp-json\/wp\/v2\/tags?post=187486"}],"curies":[{"name":"wp","href":"https:\/\/api.w.org\/{rel}","templated":true}]}}