{"id":187536,"date":"2025-06-05T13:13:43","date_gmt":"2025-06-05T10:13:43","guid":{"rendered":"https:\/\/www.tgrthaber.com\/mavikadin\/?p=187536"},"modified":"2025-06-05T13:15:23","modified_gmt":"2025-06-05T10:15:23","slug":"sacini-her-gun-yikayanlara-uyari-3-gunde-parlayan-saclar-icin-dogal-sprey-tarifi","status":"publish","type":"post","link":"https:\/\/www.tgrthaber.com\/mavikadin\/sacini-her-gun-yikayanlara-uyari-3-gunde-parlayan-saclar-icin-dogal-sprey-tarifi\/","title":{"rendered":"Sa\u00e7\u0131n\u0131 her g\u00fcn y\u0131kayanlara uyar\u0131! 3. g\u00fcnde parlayan sa\u00e7lar i\u00e7in do\u011fal sprey tarifi!"},"content":{"rendered":"<p class=\"p1\">Her g\u00fcn sa\u00e7 y\u0131kamak, san\u0131lan\u0131n aksine sa\u00e7 derisinin do\u011fal dengesini bozabilir. S\u00fcrekli y\u0131kanan sa\u00e7, zamanla daha \u00e7abuk ya\u011flan\u0131r ve mat bir g\u00f6r\u00fcn\u00fcm al\u0131r. Uzmanlar, sa\u00e7\u0131n kendi ya\u011f\u0131yla beslenmesi gerekti\u011fini vurgularken, 2-3 g\u00fcnde bir y\u0131kama al\u0131\u015fkanl\u0131\u011f\u0131 \u00f6neriyor. Ancak &#8216;Sa\u00e7\u0131m hemen s\u00f6n\u00fcyor, kirli g\u00f6r\u00fcn\u00fcyor&#8217; diyorsan\u0131z \u00e7\u00f6z\u00fcm basit! Evde haz\u0131rlayabilece\u011finiz do\u011fal bir sprey ile sa\u00e7\u0131n\u0131za parlakl\u0131k kazand\u0131rabilirsiniz. \u0130\u015fte sa\u00e7\u0131n\u0131z\u0131 3. g\u00fcnde bile \u0131\u015f\u0131l \u0131\u015f\u0131l g\u00f6sterecek o do\u011fal tarif\u2026<\/p>\n<h3 class=\"p1\"><b>3. G\u00dcNDE PARLAYAN SA\u00c7LAR \u0130\u00c7\u0130N DO\u011eAL SA\u00c7 SPREY\u0130 TAR\u0130F\u0130<\/b><b><\/b><\/h3>\n<h3 class=\"p1\">Malzemeler:<\/h3>\n<p class=\"p1\">1 su barda\u011f\u0131 i\u00e7me suyu<\/p>\n<p class=\"p1\">1 tatl\u0131 ka\u015f\u0131\u011f\u0131 elma sirkesi<\/p>\n<p class=\"p1\">3 damla lavanta ya\u011f\u0131<\/p>\n<p class=\"p1\">1 tatl\u0131 ka\u015f\u0131\u011f\u0131 aloe vera jeli (iste\u011fe ba\u011fl\u0131)<\/p>\n<p><img loading=\"lazy\" decoding=\"async\" class=\"alignnone wp-image-187544 size-full\" src=\"https:\/\/www.tgrthaber.com\/mavikadin\/wp-content\/uploads\/Ekran-Resmi-2025-06-05-13.07.39.png\" alt=\"\" width=\"986\" height=\"582\" title=\"\" srcset=\"https:\/\/www.tgrthaber.com\/mavikadin\/wp-content\/uploads\/Ekran-Resmi-2025-06-05-13.07.39.png 986w, https:\/\/www.tgrthaber.com\/mavikadin\/wp-content\/uploads\/Ekran-Resmi-2025-06-05-13.07.39-300x177.png 300w, https:\/\/www.tgrthaber.com\/mavikadin\/wp-content\/uploads\/Ekran-Resmi-2025-06-05-13.07.39-768x453.png 768w\" sizes=\"(max-width: 986px) 100vw, 986px\" \/><\/p>\n<hr \/>\n<p class=\"p1\">T\u00fcm malzemeleri bir sprey \u015fi\u015fesinde kar\u0131\u015ft\u0131r\u0131n. Kullanmadan \u00f6nce iyice \u00e7alkalay\u0131n. Sabahlar\u0131 sa\u00e7 diplerinize ve u\u00e7lara hafif\u00e7e s\u0131k\u0131n. Elinizle sa\u00e7\u0131n\u0131z\u0131 \u015fekillendirin ve kurumaya b\u0131rak\u0131n. Sa\u00e7 hem daha dolgun g\u00f6r\u00fcn\u00fcr hem de ho\u015f bir koku kazan\u0131r. Her g\u00fcn \u015fampuan kullanmadan da parlak ve sa\u011fl\u0131kl\u0131 g\u00f6r\u00fcnen sa\u00e7lara sahip olmak m\u00fcmk\u00fcn. Bu basit tarif, sa\u00e7\u0131n\u0131z\u0131 a\u011f\u0131rla\u015ft\u0131rmadan do\u011fal bir \u0131\u015f\u0131lt\u0131 kazand\u0131r\u0131r.<\/p>\n<p><img loading=\"lazy\" decoding=\"async\" class=\"alignnone wp-image-187545 \" src=\"https:\/\/www.tgrthaber.com\/mavikadin\/wp-content\/uploads\/Ekran-Resmi-2025-06-05-13.08.05.png\" alt=\"\" width=\"988\" height=\"536\" title=\"\" srcset=\"https:\/\/www.tgrthaber.com\/mavikadin\/wp-content\/uploads\/Ekran-Resmi-2025-06-05-13.08.05.png 970w, https:\/\/www.tgrthaber.com\/mavikadin\/wp-content\/uploads\/Ekran-Resmi-2025-06-05-13.08.05-300x163.png 300w, https:\/\/www.tgrthaber.com\/mavikadin\/wp-content\/uploads\/Ekran-Resmi-2025-06-05-13.08.05-768x416.png 768w\" sizes=\"(max-width: 988px) 100vw, 988px\" \/><\/p>\n<hr \/>\n<h3>SA\u00c7I HER G\u00dcN YIKAMAK NEDEN ZARARLI?<\/h3>\n<p class=\"p1\">Sa\u00e7\u0131 her g\u00fcn y\u0131kamak, bir\u00e7ok ki\u015finin hijyen al\u0131\u015fkanl\u0131\u011f\u0131 gibi g\u00f6r\u00fcnse de uzun vadede sa\u00e7 sa\u011fl\u0131\u011f\u0131na zarar verebilir. S\u00fcrekli \u015fampuan kullan\u0131m\u0131, sa\u00e7 derisinin do\u011fal ya\u011f dengesini bozar ve koruyucu tabakay\u0131 zay\u0131flat\u0131r.<\/p>\n<p><img loading=\"lazy\" decoding=\"async\" class=\"alignnone wp-image-187546 \" src=\"https:\/\/www.tgrthaber.com\/mavikadin\/wp-content\/uploads\/Ekran-Resmi-2025-06-05-13.08.28.png\" alt=\"\" width=\"989\" height=\"628\" title=\"\" srcset=\"https:\/\/www.tgrthaber.com\/mavikadin\/wp-content\/uploads\/Ekran-Resmi-2025-06-05-13.08.28.png 920w, https:\/\/www.tgrthaber.com\/mavikadin\/wp-content\/uploads\/Ekran-Resmi-2025-06-05-13.08.28-300x190.png 300w, https:\/\/www.tgrthaber.com\/mavikadin\/wp-content\/uploads\/Ekran-Resmi-2025-06-05-13.08.28-768x488.png 768w\" sizes=\"(max-width: 989px) 100vw, 989px\" \/><\/p>\n<hr \/>\n<p class=\"p1\">Bu durum sa\u00e7\u0131n daha \u00e7abuk ya\u011flanmas\u0131na, matla\u015fmas\u0131na ve k\u0131r\u0131lmas\u0131na yol a\u00e7ar. Ayr\u0131ca sa\u00e7 derisi kuruyarak ka\u015f\u0131nt\u0131, hassasiyet ve kepek sorunlar\u0131na zemin haz\u0131rlar. Sa\u00e7\u0131n kendi kendini onarma s\u00fcrecine izin vermemek, zamanla sa\u00e7 tellerinin incelmesine neden olabilir. Haftada birka\u00e7 kez y\u0131kama al\u0131\u015fkanl\u0131\u011f\u0131 edinmek, sa\u00e7\u0131n do\u011fal dengesini korumas\u0131 a\u00e7\u0131s\u0131ndan \u00e7ok daha sa\u011fl\u0131kl\u0131d\u0131r.<\/p>\n<p><img loading=\"lazy\" decoding=\"async\" class=\"alignnone wp-image-187548 size-large\" src=\"https:\/\/www.tgrthaber.com\/mavikadin\/wp-content\/uploads\/Ekran-Resmi-2025-06-05-13.10.55-1024x544.png\" alt=\"\" width=\"1024\" height=\"544\" title=\"\" srcset=\"https:\/\/www.tgrthaber.com\/mavikadin\/wp-content\/uploads\/Ekran-Resmi-2025-06-05-13.10.55-1024x544.png 1024w, https:\/\/www.tgrthaber.com\/mavikadin\/wp-content\/uploads\/Ekran-Resmi-2025-06-05-13.10.55-300x159.png 300w, https:\/\/www.tgrthaber.com\/mavikadin\/wp-content\/uploads\/Ekran-Resmi-2025-06-05-13.10.55-768x408.png 768w, https:\/\/www.tgrthaber.com\/mavikadin\/wp-content\/uploads\/Ekran-Resmi-2025-06-05-13.10.55.png 1032w\" sizes=\"(max-width: 1024px) 100vw, 1024px\" \/><\/p>\n<hr \/>\n<p class=\"p2\">\u0130lgin\u00e7tir ki sa\u00e7lar\u0131n\u0131z\u0131 ne kadar s\u0131k y\u0131karsan\u0131z, sa\u00e7 derisi o kadar \u00e7ok ya\u011f \u00fcretmeye \u00e7al\u0131\u015f\u0131r. \u00c7\u00fcnk\u00fc cilt, eksilen ya\u011f\u0131 telafi etmek ister. Bu da ki\u015finin \u2018her g\u00fcn y\u0131kamazsam ya\u011flan\u0131yor\u2019 d\u00f6ng\u00fcs\u00fcne girmesine sebep olur. Oysa ki sa\u00e7 birka\u00e7 g\u00fcn y\u0131kanmad\u0131\u011f\u0131nda bu d\u00f6ng\u00fc k\u0131r\u0131l\u0131r ve sa\u00e7 derisi zamanla do\u011fal dengesine kavu\u015fur.<\/p>\n<p>&nbsp;<\/p>\n","protected":false},"excerpt":{"rendered":"<p>Sa\u00e7\u0131n\u0131z\u0131 her g\u00fcn y\u0131kamadan da parlak g\u00f6r\u00fcnmesini ister misiniz? Uzmanlara g\u00f6re s\u0131k y\u0131kama sa\u00e7 dengesini bozuyor. Neyse ki evde kolayca haz\u0131rlayabilece\u011finiz do\u011fal bir sprey, 3. g\u00fcn bile sa\u00e7\u0131n\u0131za yeni y\u0131kanm\u0131\u015f gibi bir \u0131\u015f\u0131lt\u0131 kazand\u0131rabilir. \u0130\u015fte detaylar\u2026 <\/p>\n","protected":false},"author":16,"featured_media":187550,"comment_status":"closed","ping_status":"closed","sticky":false,"template":"","format":"standard","meta":{"rank_math_lock_modified_date":false,"footnotes":""},"categories":[166],"tags":[23860,23859,23862,23863,23861],"class_list":["post-187536","post","type-post","status-publish","format-standard","has-post-thumbnail","hentry","category-sac-bakimi-sac-uzatma","tag-sac-bakimi-sac-uzatma-haberleri","tag-saclar-her-gun-yikanir-mi","tag-saclara-parlaklik-kazandiran-sprey","tag-saclari-parlatan-dogal-sprey","tag-saclari-parlatan-dogal-sprey-tarifi"],"_links":{"self":[{"href":"https:\/\/www.tgrthaber.com\/mavikadin\/wp-json\/wp\/v2\/posts\/187536"}],"collection":[{"href":"https:\/\/www.tgrthaber.com\/mavikadin\/wp-json\/wp\/v2\/posts"}],"about":[{"href":"https:\/\/www.tgrthaber.com\/mavikadin\/wp-json\/wp\/v2\/types\/post"}],"author":[{"embeddable":true,"href":"https:\/\/www.tgrthaber.com\/mavikadin\/wp-json\/wp\/v2\/users\/16"}],"replies":[{"embeddable":true,"href":"https:\/\/www.tgrthaber.com\/mavikadin\/wp-json\/wp\/v2\/comments?post=187536"}],"version-history":[{"count":2,"href":"https:\/\/www.tgrthaber.com\/mavikadin\/wp-json\/wp\/v2\/posts\/187536\/revisions"}],"predecessor-version":[{"id":187552,"href":"https:\/\/www.tgrthaber.com\/mavikadin\/wp-json\/wp\/v2\/posts\/187536\/revisions\/187552"}],"wp:featuredmedia":[{"embeddable":true,"href":"https:\/\/www.tgrthaber.com\/mavikadin\/wp-json\/wp\/v2\/media\/187550"}],"wp:attachment":[{"href":"https:\/\/www.tgrthaber.com\/mavikadin\/wp-json\/wp\/v2\/media?parent=187536"}],"wp:term":[{"taxonomy":"category","embeddable":true,"href":"https:\/\/www.tgrthaber.com\/mavikadin\/wp-json\/wp\/v2\/categories?post=187536"},{"taxonomy":"post_tag","embeddable":true,"href":"https:\/\/www.tgrthaber.com\/mavikadin\/wp-json\/wp\/v2\/tags?post=187536"}],"curies":[{"name":"wp","href":"https:\/\/api.w.org\/{rel}","templated":true}]}}