{"id":187559,"date":"2025-06-05T13:53:17","date_gmt":"2025-06-05T10:53:17","guid":{"rendered":"https:\/\/www.tgrthaber.com\/mavikadin\/?p=187559"},"modified":"2025-06-05T13:53:17","modified_gmt":"2025-06-05T10:53:17","slug":"geceleri-yuz-yikamayanlarin-cildi-gercekten-daha-mi-parlak-iste-yeni-trend","status":"publish","type":"post","link":"https:\/\/www.tgrthaber.com\/mavikadin\/geceleri-yuz-yikamayanlarin-cildi-gercekten-daha-mi-parlak-iste-yeni-trend\/","title":{"rendered":"Geceleri y\u00fcz y\u0131kamayanlar\u0131n cildi ger\u00e7ekten daha m\u0131 parlak? \u0130\u015fte yeni trend"},"content":{"rendered":"<p>Cilt bak\u0131m\u0131yla ilgili ezber bozan yeni bir ak\u0131m sosyal medyada g\u00fcndeme bomba gibi d\u00fc\u015ft\u00fc. \u201cYatmadan \u00f6nce y\u00fcz y\u0131kamamak\u201d trendi, hem \u015fa\u015f\u0131rt\u0131yor hem de merak uyand\u0131r\u0131yor. Peki ger\u00e7ekten y\u00fcz\u00fc y\u0131kamadan uyumak cilde iyi mi geliyor, yoksa bu bir \u015fehir efsanesi mi? \u0130\u015fte detaylar\u2026<\/p>\n<h3>Y\u00dcZ\u00dc YIKAMADAN UYUMAK YEN\u0130 NES\u0130L C\u0130LT BAKIMI MI?<\/h3>\n<p>Uzmanlar, cildi temiz tutman\u0131n cilt sa\u011fl\u0131\u011f\u0131 i\u00e7in \u00e7ok \u00f6nemli oldu\u011funu vurgulasa da TikTok ve Instagram gibi sosyal medya platformlar\u0131nda \u201cgece y\u00fcz y\u0131kamama\u201d ak\u0131m\u0131 h\u0131zla yay\u0131l\u0131yor. Bu trendi deneyen kullan\u0131c\u0131lar, sabah uyand\u0131klar\u0131nda ciltlerinin daha canl\u0131 ve parlak g\u00f6r\u00fcnd\u00fc\u011f\u00fcn\u00fc iddia ediyor. Hatta baz\u0131 influencerlar, y\u00fcz y\u0131kamay\u0131 b\u0131rakman\u0131n do\u011fal cilt ya\u011f\u0131n\u0131 dengeledi\u011fini ve cildi yeniledi\u011fini s\u00f6yl\u00fcyor.<\/p>\n<p><img loading=\"lazy\" decoding=\"async\" class=\"alignnone size-full wp-image-187581\" src=\"https:\/\/www.tgrthaber.com\/mavikadin\/wp-content\/uploads\/2-1178.png\" alt=\"\" width=\"1280\" height=\"720\" title=\"\" srcset=\"https:\/\/www.tgrthaber.com\/mavikadin\/wp-content\/uploads\/2-1178.png 1280w, https:\/\/www.tgrthaber.com\/mavikadin\/wp-content\/uploads\/2-1178-300x169.png 300w, https:\/\/www.tgrthaber.com\/mavikadin\/wp-content\/uploads\/2-1178-1024x576.png 1024w, https:\/\/www.tgrthaber.com\/mavikadin\/wp-content\/uploads\/2-1178-768x432.png 768w\" sizes=\"(max-width: 1280px) 100vw, 1280px\" \/><\/p>\n<hr \/>\n<h3>HER C\u0130LT T\u0130P\u0130NE UYGUN DE\u011e\u0130L<\/h3>\n<p>Dermatologlar ise bu trendin herkese uygun olmad\u0131\u011f\u0131n\u0131 belirtiyor. \u00d6zellikle ya\u011fl\u0131 ve akneye meyilli ciltlerde, gece boyunca biriken ya\u011f ve kirin g\u00f6zenekleri t\u0131kayarak sivilce ve siyah noktalara yol a\u00e7abilece\u011fine dikkat \u00e7ekiliyor. Kuru ve hassas ciltlerde ise bu uygulaman\u0131n cilt bariyerini korumaya yard\u0131mc\u0131 olabilece\u011fi belirtiliyor. Ancak uzmanlar, g\u00fcn boyu makyaj ve kirden ar\u0131nman\u0131n cilt sa\u011fl\u0131\u011f\u0131 i\u00e7in kritik oldu\u011funu hat\u0131rlat\u0131yor.<\/p>\n<p><img loading=\"lazy\" decoding=\"async\" class=\"alignnone size-full wp-image-187583\" src=\"https:\/\/www.tgrthaber.com\/mavikadin\/wp-content\/uploads\/4-949.png\" alt=\"\" width=\"1280\" height=\"720\" title=\"\" srcset=\"https:\/\/www.tgrthaber.com\/mavikadin\/wp-content\/uploads\/4-949.png 1280w, https:\/\/www.tgrthaber.com\/mavikadin\/wp-content\/uploads\/4-949-300x169.png 300w, https:\/\/www.tgrthaber.com\/mavikadin\/wp-content\/uploads\/4-949-1024x576.png 1024w, https:\/\/www.tgrthaber.com\/mavikadin\/wp-content\/uploads\/4-949-768x432.png 768w\" sizes=\"(max-width: 1280px) 100vw, 1280px\" \/><\/p>\n<hr \/>\n<h3>TREND NEREDEN \u00c7IKTI?<\/h3>\n<p>Bu trendin kayna\u011f\u0131 ise Koreli cilt bak\u0131m uzmanlar\u0131n\u0131n \u00f6nerileri ve minimalist bak\u0131m rutinleri. \u00d6zellikle Kore cilt bak\u0131m felsefesinde \u201caz \u00e7oktur\u201d yakla\u015f\u0131m\u0131 benimseniyor. Yatmadan \u00f6nce sadece nemlendirici kullanmak ve y\u00fcz\u00fc suyla y\u0131kamadan uyumak baz\u0131 Koreli cilt uzmanlar\u0131na g\u00f6re cildin kendi koruyucu tabakas\u0131n\u0131 destekliyor.<\/p>\n<p><img loading=\"lazy\" decoding=\"async\" class=\"alignnone size-full wp-image-187582\" src=\"https:\/\/www.tgrthaber.com\/mavikadin\/wp-content\/uploads\/3-1156.png\" alt=\"\" width=\"1280\" height=\"720\" title=\"\" srcset=\"https:\/\/www.tgrthaber.com\/mavikadin\/wp-content\/uploads\/3-1156.png 1280w, https:\/\/www.tgrthaber.com\/mavikadin\/wp-content\/uploads\/3-1156-300x169.png 300w, https:\/\/www.tgrthaber.com\/mavikadin\/wp-content\/uploads\/3-1156-1024x576.png 1024w, https:\/\/www.tgrthaber.com\/mavikadin\/wp-content\/uploads\/3-1156-768x432.png 768w\" sizes=\"(max-width: 1280px) 100vw, 1280px\" \/><\/p>\n<hr \/>\n<h3>NELERE D\u0130KKAT ED\u0130LMEL\u0130?<\/h3>\n<p>Bu trendi denemek isteyenler i\u00e7in uzmanlar birka\u00e7 uyar\u0131da bulunuyor. G\u00fcnl\u00fck makyaj yap\u0131yorsan\u0131z mutlaka makyaj\u0131n\u0131z\u0131 temizleyin. Y\u00fcz y\u0131kama ad\u0131m\u0131n\u0131 atlamak i\u00e7in cildinizin temiz olmas\u0131 \u015fart. Ayr\u0131ca cilt tipinizi iyi tan\u0131y\u0131n; ya\u011fl\u0131 ciltler i\u00e7in bu trendin sivilce riskini art\u0131rabilece\u011fini unutmay\u0131n.<\/p>\n<p>Gece y\u00fcz y\u0131kamama trendi baz\u0131 cilt tiplerinde i\u015fe yarayabilirken, herkese uygun oldu\u011fu s\u00f6ylenemez. Uzmanlara g\u00f6re, en sa\u011fl\u0131kl\u0131s\u0131 cilt tipinize uygun bir temizlik rutini olu\u015fturmak. Bu trendi denemeden \u00f6nce cildinizin ihtiya\u00e7lar\u0131n\u0131 iyi analiz edin ve gerekiyorsa bir dermatolo\u011fa dan\u0131\u015f\u0131n. Unutmay\u0131n, cilt bak\u0131m\u0131 ki\u015fiye \u00f6zeldir.<\/p>\n","protected":false},"excerpt":{"rendered":"<p>Son d\u00f6nemde sosyal medyada h\u0131zla yay\u0131lan \u201cgece y\u00fcz y\u0131kamama\u201d trendi, cilt bak\u0131m\u0131nda ezberleri bozuyor. Peki, bu y\u00f6ntem ger\u00e7ekten cilde iyi geliyor mu, yoksa risk mi bar\u0131nd\u0131r\u0131yor?<\/p>\n","protected":false},"author":28,"featured_media":187580,"comment_status":"closed","ping_status":"closed","sticky":false,"template":"","format":"standard","meta":{"rank_math_lock_modified_date":false,"footnotes":""},"categories":[95],"tags":[3836,23874,23872,106,23873],"class_list":["post-187559","post","type-post","status-publish","format-standard","has-post-thumbnail","hentry","category-guzellik","tag-cilt-bakimi","tag-cilt-bakimi-trendleri","tag-cilt-temizleme","tag-guzellik","tag-yuz-yikama"],"_links":{"self":[{"href":"https:\/\/www.tgrthaber.com\/mavikadin\/wp-json\/wp\/v2\/posts\/187559"}],"collection":[{"href":"https:\/\/www.tgrthaber.com\/mavikadin\/wp-json\/wp\/v2\/posts"}],"about":[{"href":"https:\/\/www.tgrthaber.com\/mavikadin\/wp-json\/wp\/v2\/types\/post"}],"author":[{"embeddable":true,"href":"https:\/\/www.tgrthaber.com\/mavikadin\/wp-json\/wp\/v2\/users\/28"}],"replies":[{"embeddable":true,"href":"https:\/\/www.tgrthaber.com\/mavikadin\/wp-json\/wp\/v2\/comments?post=187559"}],"version-history":[{"count":2,"href":"https:\/\/www.tgrthaber.com\/mavikadin\/wp-json\/wp\/v2\/posts\/187559\/revisions"}],"predecessor-version":[{"id":187586,"href":"https:\/\/www.tgrthaber.com\/mavikadin\/wp-json\/wp\/v2\/posts\/187559\/revisions\/187586"}],"wp:featuredmedia":[{"embeddable":true,"href":"https:\/\/www.tgrthaber.com\/mavikadin\/wp-json\/wp\/v2\/media\/187580"}],"wp:attachment":[{"href":"https:\/\/www.tgrthaber.com\/mavikadin\/wp-json\/wp\/v2\/media?parent=187559"}],"wp:term":[{"taxonomy":"category","embeddable":true,"href":"https:\/\/www.tgrthaber.com\/mavikadin\/wp-json\/wp\/v2\/categories?post=187559"},{"taxonomy":"post_tag","embeddable":true,"href":"https:\/\/www.tgrthaber.com\/mavikadin\/wp-json\/wp\/v2\/tags?post=187559"}],"curies":[{"name":"wp","href":"https:\/\/api.w.org\/{rel}","templated":true}]}}