{"id":187587,"date":"2025-06-05T14:29:53","date_gmt":"2025-06-05T11:29:53","guid":{"rendered":"https:\/\/www.tgrthaber.com\/mavikadin\/?p=187587"},"modified":"2025-06-05T14:29:53","modified_gmt":"2025-06-05T11:29:53","slug":"serum-degil-sut-surun-cildine-gun-asiri-sut-suren-kadinlar-sonuclari-paylasiyor","status":"publish","type":"post","link":"https:\/\/www.tgrthaber.com\/mavikadin\/serum-degil-sut-surun-cildine-gun-asiri-sut-suren-kadinlar-sonuclari-paylasiyor\/","title":{"rendered":"Serum de\u011fil s\u00fct s\u00fcr\u00fcn! Cildine g\u00fcn a\u015f\u0131r\u0131 s\u00fct s\u00fcren kad\u0131nlar sonu\u00e7lar\u0131 payla\u015f\u0131yor"},"content":{"rendered":"<p>Sosyal medyada yeni bir cilt bak\u0131m trendi g\u00fcndemde: Serumlar, pahal\u0131 kremler bir kenara b\u0131rak\u0131l\u0131yor; yerine mutfaktan \u00e7\u0131kan en do\u011fal bak\u0131m \u00fcr\u00fcn\u00fc, yani s\u00fct kullan\u0131l\u0131yor. G\u00fcn a\u015f\u0131r\u0131 y\u00fcz\u00fcne s\u00fct s\u00fcren kad\u0131nlar, ciltlerinin daha parlak ve canl\u0131 g\u00f6r\u00fcnd\u00fc\u011f\u00fcn\u00fc s\u00f6yl\u00fcyor. Peki, bu y\u00f6ntem ger\u00e7ekten i\u015fe yar\u0131yor mu? \u0130\u015fte detaylar ve uzman g\u00f6r\u00fc\u015fleri&#8230;<\/p>\n<h3>S\u00dcTLE GELEN DO\u011eAL PARLAKLIK<\/h3>\n<p>Son zamanlarda sosyal medyada s\u0131k s\u0131k kar\u015f\u0131m\u0131za \u00e7\u0131kan bu trend, \u00f6zellikle evde bak\u0131m yapmay\u0131 seven kad\u0131nlar aras\u0131nda h\u0131zla yay\u0131ld\u0131. S\u00fct, i\u00e7erdi\u011fi laktik asit ve vitaminler sayesinde cildi \u00f6l\u00fc derilerden ar\u0131nd\u0131r\u0131rken, nemlendirme \u00f6zelli\u011fiyle de \u00f6n plana \u00e7\u0131k\u0131yor. Kad\u0131nlar, bu y\u00f6ntemi d\u00fczenli olarak uygulad\u0131klar\u0131nda ciltlerinin daha canl\u0131, p\u00fcr\u00fczs\u00fcz ve \u0131\u015f\u0131l \u0131\u015f\u0131l g\u00f6r\u00fcnd\u00fc\u011f\u00fcn\u00fc s\u00f6yl\u00fcyor. Hatta baz\u0131lar\u0131 pahal\u0131 serumlar\u0131 bir kenara b\u0131rak\u0131p, s\u00fctle bak\u0131m yapman\u0131n daha ekonomik ve do\u011fal bir alternatif oldu\u011funu vurguluyor.<\/p>\n<p><img loading=\"lazy\" decoding=\"async\" class=\"alignnone size-full wp-image-187618\" src=\"https:\/\/www.tgrthaber.com\/mavikadin\/wp-content\/uploads\/1-1138.png\" alt=\"\" width=\"1280\" height=\"720\" title=\"\" srcset=\"https:\/\/www.tgrthaber.com\/mavikadin\/wp-content\/uploads\/1-1138.png 1280w, https:\/\/www.tgrthaber.com\/mavikadin\/wp-content\/uploads\/1-1138-300x169.png 300w, https:\/\/www.tgrthaber.com\/mavikadin\/wp-content\/uploads\/1-1138-1024x576.png 1024w, https:\/\/www.tgrthaber.com\/mavikadin\/wp-content\/uploads\/1-1138-768x432.png 768w\" sizes=\"(max-width: 1280px) 100vw, 1280px\" \/><\/p>\n<hr \/>\n<h3>UZMANLAR NE D\u0130YOR?<\/h3>\n<p>Elbette uzmanlar da bu trendi yak\u0131ndan takip ediyor. Dermatologlar, s\u00fct\u00fcn i\u00e7eri\u011finde cilt i\u00e7in faydal\u0131 bile\u015fenlerin bulundu\u011funu kabul ediyor. Ancak her cilt tipinin ayn\u0131 olmad\u0131\u011f\u0131n\u0131 da hat\u0131rlat\u0131yorlar. \u00d6zellikle ya\u011fl\u0131 ve akneye e\u011filimli ciltlerde s\u00fct uygulamas\u0131n\u0131n g\u00f6zenekleri t\u0131kayarak sivilce olu\u015fumunu tetikleyebilece\u011fine dikkat \u00e7ekiyorlar. Bunun yan\u0131nda s\u00fct alerjisi olan ki\u015filerin de bu y\u00f6ntemi denememesi gerekti\u011fi belirtiliyor.<\/p>\n<p><img loading=\"lazy\" decoding=\"async\" class=\"alignnone size-full wp-image-187620\" src=\"https:\/\/www.tgrthaber.com\/mavikadin\/wp-content\/uploads\/3-1157.png\" alt=\"\" width=\"1280\" height=\"720\" title=\"\" srcset=\"https:\/\/www.tgrthaber.com\/mavikadin\/wp-content\/uploads\/3-1157.png 1280w, https:\/\/www.tgrthaber.com\/mavikadin\/wp-content\/uploads\/3-1157-300x169.png 300w, https:\/\/www.tgrthaber.com\/mavikadin\/wp-content\/uploads\/3-1157-1024x576.png 1024w, https:\/\/www.tgrthaber.com\/mavikadin\/wp-content\/uploads\/3-1157-768x432.png 768w\" sizes=\"(max-width: 1280px) 100vw, 1280px\" \/><\/p>\n<hr \/>\n<h3>S\u00dcTLE BAKIM NASIL YAPILIR?<\/h3>\n<p>Evde bu bak\u0131m\u0131 denemek isteyenler i\u00e7in uygulamas\u0131 olduk\u00e7a basit. Temiz cilde pamuk yard\u0131m\u0131yla az miktarda s\u00fct s\u00fcr\u00fcl\u00fcyor ve 10-15 dakika kadar bekletiliyor. Ard\u0131ndan \u0131l\u0131k suyla durulanarak cilt temizleniyor. Bu i\u015flemi g\u00fcn a\u015f\u0131r\u0131 yapan kad\u0131nlar, ciltlerinde g\u00f6zle g\u00f6r\u00fcl\u00fcr bir ayd\u0131nlanma ve yumu\u015fakl\u0131k fark ettiklerini s\u00f6yl\u00fcyorlar.<\/p>\n<p><img loading=\"lazy\" decoding=\"async\" class=\"alignnone size-full wp-image-187622\" src=\"https:\/\/www.tgrthaber.com\/mavikadin\/wp-content\/uploads\/5-587.png\" alt=\"\" width=\"1280\" height=\"720\" title=\"\" srcset=\"https:\/\/www.tgrthaber.com\/mavikadin\/wp-content\/uploads\/5-587.png 1280w, https:\/\/www.tgrthaber.com\/mavikadin\/wp-content\/uploads\/5-587-300x169.png 300w, https:\/\/www.tgrthaber.com\/mavikadin\/wp-content\/uploads\/5-587-1024x576.png 1024w, https:\/\/www.tgrthaber.com\/mavikadin\/wp-content\/uploads\/5-587-768x432.png 768w\" sizes=\"(max-width: 1280px) 100vw, 1280px\" \/><\/p>\n<hr \/>\n<p>S\u00fctle cilt bak\u0131m\u0131, do\u011fal i\u00e7erikleri sevenler i\u00e7in olduk\u00e7a cazip bir se\u00e7enek. Ancak uzmanlar, cilt tipinizi iyi tan\u0131man\u0131z\u0131 ve herhangi bir reaksiyon durumunda kullan\u0131m\u0131 b\u0131rakman\u0131z\u0131 \u00f6neriyor. \u00d6zellikle d\u00fczenli makyaj yapan ya da hassas cilde sahip olanlar\u0131n dikkatli olmas\u0131 gerekti\u011fi vurgulan\u0131yor.<\/p>\n","protected":false},"excerpt":{"rendered":"<p>Cilt bak\u0131m\u0131nda serumlar ve kremler bir yana, kad\u0131nlar aras\u0131nda yeni bir trend y\u00fckseliyor: G\u00fcn a\u015f\u0131r\u0131 y\u00fcz\u00fcne s\u00fct s\u00fcrmek! Peki bu y\u00f6ntem cildi ger\u00e7ekten daha parlak m\u0131 yap\u0131yor, yoksa riskli mi?<\/p>\n","protected":false},"author":28,"featured_media":187619,"comment_status":"closed","ping_status":"closed","sticky":false,"template":"","format":"standard","meta":{"rank_math_lock_modified_date":true,"footnotes":""},"categories":[95],"tags":[15082,3836,106,23880,23881],"class_list":["post-187587","post","type-post","status-publish","format-standard","has-post-thumbnail","hentry","category-guzellik","tag-bakim","tag-cilt-bakimi","tag-guzellik","tag-sutle-bakim","tag-yuzu-sutle-temizleme"],"_links":{"self":[{"href":"https:\/\/www.tgrthaber.com\/mavikadin\/wp-json\/wp\/v2\/posts\/187587"}],"collection":[{"href":"https:\/\/www.tgrthaber.com\/mavikadin\/wp-json\/wp\/v2\/posts"}],"about":[{"href":"https:\/\/www.tgrthaber.com\/mavikadin\/wp-json\/wp\/v2\/types\/post"}],"author":[{"embeddable":true,"href":"https:\/\/www.tgrthaber.com\/mavikadin\/wp-json\/wp\/v2\/users\/28"}],"replies":[{"embeddable":true,"href":"https:\/\/www.tgrthaber.com\/mavikadin\/wp-json\/wp\/v2\/comments?post=187587"}],"version-history":[{"count":1,"href":"https:\/\/www.tgrthaber.com\/mavikadin\/wp-json\/wp\/v2\/posts\/187587\/revisions"}],"predecessor-version":[{"id":187623,"href":"https:\/\/www.tgrthaber.com\/mavikadin\/wp-json\/wp\/v2\/posts\/187587\/revisions\/187623"}],"wp:featuredmedia":[{"embeddable":true,"href":"https:\/\/www.tgrthaber.com\/mavikadin\/wp-json\/wp\/v2\/media\/187619"}],"wp:attachment":[{"href":"https:\/\/www.tgrthaber.com\/mavikadin\/wp-json\/wp\/v2\/media?parent=187587"}],"wp:term":[{"taxonomy":"category","embeddable":true,"href":"https:\/\/www.tgrthaber.com\/mavikadin\/wp-json\/wp\/v2\/categories?post=187587"},{"taxonomy":"post_tag","embeddable":true,"href":"https:\/\/www.tgrthaber.com\/mavikadin\/wp-json\/wp\/v2\/tags?post=187587"}],"curies":[{"name":"wp","href":"https:\/\/api.w.org\/{rel}","templated":true}]}}