{"id":187625,"date":"2025-06-05T15:01:32","date_gmt":"2025-06-05T12:01:32","guid":{"rendered":"https:\/\/www.tgrthaber.com\/mavikadin\/?p=187625"},"modified":"2025-06-05T15:02:12","modified_gmt":"2025-06-05T12:02:12","slug":"survivor-2025-cilgin-sedatin-annesi-kim-ne-kanseri-anlattiklari-yurek-dagladi","status":"publish","type":"post","link":"https:\/\/www.tgrthaber.com\/mavikadin\/survivor-2025-cilgin-sedatin-annesi-kim-ne-kanseri-anlattiklari-yurek-dagladi\/","title":{"rendered":"Survivor 2025 \u00c7\u0131lg\u0131n Sedat&#8217;\u0131n annesi kim ne kanseri? Anlatt\u0131klar\u0131 y\u00fcrek da\u011flad\u0131!"},"content":{"rendered":"<p class=\"p1\">Survivor 2025\u2019in dikkat \u00e7eken yar\u0131\u015fmac\u0131lar\u0131ndan \u00c7\u0131lg\u0131n Sedat, adaya gelmeden \u00f6nce ya\u015fad\u0131\u011f\u0131 ac\u0131 bir ger\u00e7e\u011fi ilk kez payla\u015ft\u0131. H\u00fcrriyet\u2019in YouTube kanal\u0131nda yapt\u0131\u011f\u0131 a\u00e7\u0131klamada, yar\u0131\u015fmaya kat\u0131lmadan sadece g\u00fcnler \u00f6nce annesinin kanser oldu\u011funu \u00f6\u011frendi\u011fini dile getiren Sedat, duygusal anlar ya\u015fad\u0131. Bu a\u00e7\u0131klaman\u0131n ard\u0131ndan sanat\u00e7\u0131n\u0131n \u00f6zel hayat\u0131 yeniden g\u00fcndeme ta\u015f\u0131nd\u0131. Annesinin kim oldu\u011fu ve hangi kanser t\u00fcr\u00fcyle m\u00fccadele etti\u011fi merak konusu haline geldi. Sosyal medyada binlerce ki\u015fi, &#8216;\u00c7\u0131lg\u0131n Sedat\u2019\u0131n annesi ne kanseri?&#8217; sorusunun cevab\u0131n\u0131 ara\u015ft\u0131rmaya ba\u015flad\u0131. \u0130\u015fte merak edilen o detaylar\u2026<\/p>\n<h3>SURV\u0130VOR 2025 \u00c7ILGIN SEDAT&#8217;IN ANNES\u0130 K\u0130M NE KANSER\u0130?<\/h3>\n<p class=\"p1\">Survivor 2025\u2019in unutulmaz isimlerinden \u00c7\u0131lg\u0131n Sedat, final \u00f6ncesi yapt\u0131\u011f\u0131 samimi a\u00e7\u0131klamalarla bir kez daha g\u00fcndeme geldi. H\u00fcrriyet\u2019in YouTube kanal\u0131nda konuk olan sanat\u00e7\u0131, adaya gitmeden hemen \u00f6nce ya\u015fad\u0131\u011f\u0131 zor g\u00fcnleri ve i\u00e7sel m\u00fccadelesini anlatt\u0131.<\/p>\n<p><img loading=\"lazy\" decoding=\"async\" class=\"alignnone wp-image-187633 size-large\" src=\"https:\/\/www.tgrthaber.com\/mavikadin\/wp-content\/uploads\/Ekran-Resmi-2025-06-05-14.03.28-1024x624.png\" alt=\"\" width=\"1024\" height=\"624\" title=\"\" srcset=\"https:\/\/www.tgrthaber.com\/mavikadin\/wp-content\/uploads\/Ekran-Resmi-2025-06-05-14.03.28-1024x624.png 1024w, https:\/\/www.tgrthaber.com\/mavikadin\/wp-content\/uploads\/Ekran-Resmi-2025-06-05-14.03.28-300x183.png 300w, https:\/\/www.tgrthaber.com\/mavikadin\/wp-content\/uploads\/Ekran-Resmi-2025-06-05-14.03.28-768x468.png 768w, https:\/\/www.tgrthaber.com\/mavikadin\/wp-content\/uploads\/Ekran-Resmi-2025-06-05-14.03.28.png 1064w\" sizes=\"(max-width: 1024px) 100vw, 1024px\" \/><\/p>\n<hr \/>\n<p class=\"p1\">\u0130lk kez dile getirdi\u011fi bu s\u00fcre\u00e7te, annesinin kanser oldu\u011funu \u00f6\u011frenen Sedat, havaliman\u0131nda her \u015feyi geride b\u0131rakarak sessizce yar\u0131\u015fmaya kat\u0131ld\u0131\u011f\u0131n\u0131 s\u00f6yledi. Annesinin sa\u011fl\u0131k durumunun a\u011f\u0131rla\u015ft\u0131\u011f\u0131n\u0131, ciddi kilo kayb\u0131 ya\u015fad\u0131\u011f\u0131n\u0131 ve o\u011flu i\u00e7in de endi\u015fe duydu\u011funu belirtti. T\u00fcm bu y\u00fckle yar\u0131\u015fmaya ba\u015flad\u0131\u011f\u0131n\u0131 ifade eden Sedat\u2019\u0131n s\u00f6zleri izleyenleri etkiledi. Annesinin ne kanseri oldu\u011fu ve ka\u00e7\u0131nc\u0131 evrede oldu\u011fu hen\u00fcz bilinmiyor.<\/p>\n<p><img loading=\"lazy\" decoding=\"async\" class=\"alignnone wp-image-187635 size-full\" src=\"https:\/\/www.tgrthaber.com\/mavikadin\/wp-content\/uploads\/Ekran-Resmi-2025-06-05-14.03.36-1.png\" alt=\"\" width=\"986\" height=\"546\" title=\"\" srcset=\"https:\/\/www.tgrthaber.com\/mavikadin\/wp-content\/uploads\/Ekran-Resmi-2025-06-05-14.03.36-1.png 986w, https:\/\/www.tgrthaber.com\/mavikadin\/wp-content\/uploads\/Ekran-Resmi-2025-06-05-14.03.36-1-300x166.png 300w, https:\/\/www.tgrthaber.com\/mavikadin\/wp-content\/uploads\/Ekran-Resmi-2025-06-05-14.03.36-1-768x425.png 768w\" sizes=\"(max-width: 986px) 100vw, 986px\" \/><\/p>\n<hr \/>\n<h3>SURV\u0130VOR 2025 \u00c7ILGIN SEDAT K\u0130MD\u0130R?<\/h3>\n<p class=\"p1\">Ger\u00e7ek ad\u0131 Sedat Kapurtu olan \u00c7\u0131lg\u0131n Sedat, 1 Kas\u0131m 1973\u2019te \u0130stanbul\u2019da do\u011fdu. M\u00fczi\u011fe Kad\u0131k\u00f6y Halk E\u011fitim Merkezi\u2019nde ald\u0131\u011f\u0131 d\u00f6rt y\u0131ll\u0131k e\u011fitimin ard\u0131ndan tar ve c\u00fcmb\u00fc\u015f \u00e7alarak ad\u0131m att\u0131.<\/p>\n<p><img loading=\"lazy\" decoding=\"async\" class=\"alignnone wp-image-187636 size-large\" src=\"https:\/\/www.tgrthaber.com\/mavikadin\/wp-content\/uploads\/Ekran-Resmi-2025-06-05-14.07.11-1-1024x631.png\" alt=\"\" width=\"1024\" height=\"631\" title=\"\" srcset=\"https:\/\/www.tgrthaber.com\/mavikadin\/wp-content\/uploads\/Ekran-Resmi-2025-06-05-14.07.11-1-1024x631.png 1024w, https:\/\/www.tgrthaber.com\/mavikadin\/wp-content\/uploads\/Ekran-Resmi-2025-06-05-14.07.11-1-300x185.png 300w, https:\/\/www.tgrthaber.com\/mavikadin\/wp-content\/uploads\/Ekran-Resmi-2025-06-05-14.07.11-1-768x474.png 768w, https:\/\/www.tgrthaber.com\/mavikadin\/wp-content\/uploads\/Ekran-Resmi-2025-06-05-14.07.11-1.png 1080w\" sizes=\"(max-width: 1024px) 100vw, 1024px\" \/><\/p>\n<hr \/>\n<p class=\"p1\">Farkl\u0131 enstr\u00fcmanlara h\u00e2kim olan sanat\u00e7\u0131, ba\u011flama, kanun, bateri, davul ve klavye \u00e7alabiliyor. 2005 y\u0131l\u0131nda \u00d6zlem Kapurtu ile evlenen Sedat\u2019\u0131n iki o\u011flu bulunuyor. B\u00fcy\u00fck o\u011flu Sira\u00e7, bebekli\u011finde ge\u00e7irdi\u011fi beyin kanamas\u0131 sonras\u0131 serebral palsi te\u015fhisi ald\u0131.<\/p>\n<p><img loading=\"lazy\" decoding=\"async\" class=\"alignnone wp-image-187637 size-full\" src=\"https:\/\/www.tgrthaber.com\/mavikadin\/wp-content\/uploads\/Ekran-Resmi-2025-06-05-14.07.26-1.png\" alt=\"\" width=\"1010\" height=\"574\" title=\"\" srcset=\"https:\/\/www.tgrthaber.com\/mavikadin\/wp-content\/uploads\/Ekran-Resmi-2025-06-05-14.07.26-1.png 1010w, https:\/\/www.tgrthaber.com\/mavikadin\/wp-content\/uploads\/Ekran-Resmi-2025-06-05-14.07.26-1-300x170.png 300w, https:\/\/www.tgrthaber.com\/mavikadin\/wp-content\/uploads\/Ekran-Resmi-2025-06-05-14.07.26-1-768x436.png 768w\" sizes=\"(max-width: 1010px) 100vw, 1010px\" \/><\/p>\n<hr \/>\n<p class=\"p1\">O\u011flunun tedavisi i\u00e7in t\u00fcm varl\u0131\u011f\u0131n\u0131 harcad\u0131\u011f\u0131n\u0131 s\u00f6yleyen sanat\u00e7\u0131, 2017\u2019de Y\u0131l\u0131n Babas\u0131 se\u00e7ildi. Ayn\u0131 y\u0131l Survivor\u2019a kat\u0131lan \u00c7\u0131lg\u0131n Sedat, daha \u00f6nce profesyonel futbol da oynam\u0131\u015ft\u0131.<\/p>\n<p>&nbsp;<\/p>\n","protected":false},"excerpt":{"rendered":"<p>Survivor 2025\u2019in \u00f6ne \u00e7\u0131kan ismi \u00c7\u0131lg\u0131n Sedat, annesiyle ilgili ilk kez payla\u015ft\u0131\u011f\u0131 hastal\u0131k haberiyle g\u00fcndeme oturdu. Yar\u0131\u015fma \u00f6ncesi \u00f6\u011frendi\u011fi bu ac\u0131 ger\u00e7ek, sosyal medyada b\u00fcy\u00fck merak uyand\u0131rd\u0131. Sosyal medya kullan\u0131c\u0131lar\u0131 \u2018Survivor 2025 \u00c7\u0131lg\u0131n Sedat annesi ne kanseri, kim?\u2019 sorular\u0131n\u0131n cevaplar\u0131n\u0131 ara\u015ft\u0131r\u0131yor. \u0130\u015fte detaylar\u2026 <\/p>\n","protected":false},"author":16,"featured_media":187638,"comment_status":"closed","ping_status":"closed","sticky":false,"template":"","format":"standard","meta":{"rank_math_lock_modified_date":false,"footnotes":""},"categories":[491],"tags":[23883,23884,133,2218,23885],"class_list":["post-187625","post","type-post","status-publish","format-standard","has-post-thumbnail","hentry","category-biyografi","tag-cilgin-sedat-annesi-kim","tag-cilgin-sedat-annesi-ne-kanseri","tag-magazin","tag-magazin-haberleri","tag-survivor-2025-cilgin-sedat-annesi-ne-kanseri"],"_links":{"self":[{"href":"https:\/\/www.tgrthaber.com\/mavikadin\/wp-json\/wp\/v2\/posts\/187625"}],"collection":[{"href":"https:\/\/www.tgrthaber.com\/mavikadin\/wp-json\/wp\/v2\/posts"}],"about":[{"href":"https:\/\/www.tgrthaber.com\/mavikadin\/wp-json\/wp\/v2\/types\/post"}],"author":[{"embeddable":true,"href":"https:\/\/www.tgrthaber.com\/mavikadin\/wp-json\/wp\/v2\/users\/16"}],"replies":[{"embeddable":true,"href":"https:\/\/www.tgrthaber.com\/mavikadin\/wp-json\/wp\/v2\/comments?post=187625"}],"version-history":[{"count":2,"href":"https:\/\/www.tgrthaber.com\/mavikadin\/wp-json\/wp\/v2\/posts\/187625\/revisions"}],"predecessor-version":[{"id":187640,"href":"https:\/\/www.tgrthaber.com\/mavikadin\/wp-json\/wp\/v2\/posts\/187625\/revisions\/187640"}],"wp:featuredmedia":[{"embeddable":true,"href":"https:\/\/www.tgrthaber.com\/mavikadin\/wp-json\/wp\/v2\/media\/187638"}],"wp:attachment":[{"href":"https:\/\/www.tgrthaber.com\/mavikadin\/wp-json\/wp\/v2\/media?parent=187625"}],"wp:term":[{"taxonomy":"category","embeddable":true,"href":"https:\/\/www.tgrthaber.com\/mavikadin\/wp-json\/wp\/v2\/categories?post=187625"},{"taxonomy":"post_tag","embeddable":true,"href":"https:\/\/www.tgrthaber.com\/mavikadin\/wp-json\/wp\/v2\/tags?post=187625"}],"curies":[{"name":"wp","href":"https:\/\/api.w.org\/{rel}","templated":true}]}}