{"id":187665,"date":"2025-06-05T16:30:56","date_gmt":"2025-06-05T13:30:56","guid":{"rendered":"https:\/\/www.tgrthaber.com\/mavikadin\/?p=187665"},"modified":"2025-06-05T16:31:48","modified_gmt":"2025-06-05T13:31:48","slug":"cansu-kokturk-kimdir-cansu-kokturk-kac-yasinda-nereli","status":"publish","type":"post","link":"https:\/\/www.tgrthaber.com\/mavikadin\/cansu-kokturk-kimdir-cansu-kokturk-kac-yasinda-nereli\/","title":{"rendered":"Cansu K\u00f6kt\u00fcrk kimdir? Cansu K\u00f6kt\u00fcrk ka\u00e7 ya\u015f\u0131nda nereli?"},"content":{"rendered":"<p>Almanya siyasetinde g\u00f6\u00e7men k\u00f6kenli vekillerin sesi her ge\u00e7en g\u00fcn daha da g\u00fc\u00e7l\u00fc \u00e7\u0131k\u0131yor. Bunlardan biri olan Sol Parti (Die Linke) Milletvekili Cansu K\u00f6kt\u00fcrk, son olarak Almanya Federal Meclisi\u2019nde Filistin\u2019e destek amac\u0131yla ger\u00e7ekle\u015ftirdi\u011fi sessiz protestoyla g\u00fcndeme geldi. Meclis k\u00fcrs\u00fcs\u00fcne, \u00fczerinde yaln\u0131zca \u201cFilistin\u201d yazan bir ti\u015f\u00f6rtle \u00e7\u0131kan K\u00f6kt\u00fcrk, bu duru\u015fuyla hem destek hem de tepki toplad\u0131. Protestosu nedeniyle meclis ba\u015fkanl\u0131\u011f\u0131 taraf\u0131ndan salondan \u00e7\u0131kar\u0131lan K\u00f6kt\u00fcrk, tavr\u0131n\u0131n arkas\u0131nda oldu\u011funu belirtti. Bu olaylar sonras\u0131 Cansu K\u00f6kt\u00fcrk merak edildi. Peki, Cansu K\u00f6kt\u00fcrk kimdir? Cansu K\u00f6kt\u00fcrk ka\u00e7 ya\u015f\u0131nda nereli? sorular\u0131n\u0131 sizin i\u00e7in ara\u015ft\u0131rd\u0131k. \u0130\u015fte detaylar\u2026<\/p>\n<h3>CANSU K\u00d6KT\u00dcRK K\u0130MD\u0130R?<\/h3>\n<p>Almanya Federal Meclisi\u2019nde g\u00f6rev yapan T\u00fcrk k\u00f6kenli Sol Parti (Die Linke) Milletvekili Cansu K\u00f6kt\u00fcrk, ge\u00e7ti\u011fimiz g\u00fcnlerde dikkat \u00e7eken bir protestoya imza att\u0131. \u00dczerinde \u201cFilistin\u201d yaz\u0131l\u0131 bir ti\u015f\u00f6rtle meclis k\u00fcrs\u00fcs\u00fcne \u00e7\u0131kan K\u00f6kt\u00fcrk, Almanya D\u0131\u015fi\u015fleri Bakan\u0131 Johann Wadephul\u2019un ABD ziyareti hakk\u0131nda konu\u015ftu\u011fu s\u0131rada sessiz ama g\u00fc\u00e7l\u00fc bir mesaj vermek istedi. Ancak bu eylem, Meclis Ba\u015fkan\u0131 taraf\u0131ndan \u201ckurallara ayk\u0131r\u0131\u201d bulunarak salondan \u00e7\u0131kar\u0131lmas\u0131yla sonu\u00e7land\u0131.<\/p>\n<p><img loading=\"lazy\" decoding=\"async\" class=\"alignnone wp-image-187666\" src=\"https:\/\/www.tgrthaber.com\/mavikadin\/wp-content\/uploads\/haber-gorselleri-fotoshop-2025-06-05T162845.908-1024x576.jpg\" alt=\"Cansu K\u00f6kt\u00fcrk kimdir? Cansu K\u00f6kt\u00fcrk ka\u00e7 ya\u015f\u0131nda nereli?\" width=\"1208\" height=\"680\" title=\"\" srcset=\"https:\/\/www.tgrthaber.com\/mavikadin\/wp-content\/uploads\/haber-gorselleri-fotoshop-2025-06-05T162845.908-1024x576.jpg 1024w, https:\/\/www.tgrthaber.com\/mavikadin\/wp-content\/uploads\/haber-gorselleri-fotoshop-2025-06-05T162845.908-300x169.jpg 300w, https:\/\/www.tgrthaber.com\/mavikadin\/wp-content\/uploads\/haber-gorselleri-fotoshop-2025-06-05T162845.908-768x432.jpg 768w, https:\/\/www.tgrthaber.com\/mavikadin\/wp-content\/uploads\/haber-gorselleri-fotoshop-2025-06-05T162845.908-1536x864.jpg 1536w, https:\/\/www.tgrthaber.com\/mavikadin\/wp-content\/uploads\/haber-gorselleri-fotoshop-2025-06-05T162845.908.jpg 1600w\" sizes=\"(max-width: 1208px) 100vw, 1208px\" \/><\/p>\n<hr \/>\n<p>Sosyal hizmet uzman\u0131 olan Cansu K\u00f6kt\u00fcrk, uzun y\u0131llard\u0131r Almanya\u2019da sosyal adalet, g\u00f6\u00e7men haklar\u0131 ve kad\u0131n-\u00e7ocuk politikalar\u0131 \u00fczerine aktif \u00e7al\u0131\u015fmalar y\u00fcr\u00fct\u00fcyor. Ayn\u0131 zamanda Sol Parti\u2019nin sosyal politika s\u00f6zc\u00fcs\u00fc olarak g\u00f6rev yapan K\u00f6kt\u00fcrk, \u00f6zellikle az\u0131nl\u0131k haklar\u0131 ve sosyal e\u015fitlik konusunda sesini y\u00fckselten az say\u0131daki vekillerden biri olarak dikkat \u00e7ekiyor.<\/p>\n<h3><img loading=\"lazy\" decoding=\"async\" class=\"alignnone wp-image-187668\" src=\"https:\/\/www.tgrthaber.com\/mavikadin\/wp-content\/uploads\/haber-gorselleri-fotoshop-2025-06-05T162830.754-1024x576.jpg\" alt=\"Cansu K\u00f6kt\u00fcrk kimdir? Cansu K\u00f6kt\u00fcrk ka\u00e7 ya\u015f\u0131nda nereli?\" width=\"1208\" height=\"680\" title=\"\" srcset=\"https:\/\/www.tgrthaber.com\/mavikadin\/wp-content\/uploads\/haber-gorselleri-fotoshop-2025-06-05T162830.754-1024x576.jpg 1024w, https:\/\/www.tgrthaber.com\/mavikadin\/wp-content\/uploads\/haber-gorselleri-fotoshop-2025-06-05T162830.754-300x169.jpg 300w, https:\/\/www.tgrthaber.com\/mavikadin\/wp-content\/uploads\/haber-gorselleri-fotoshop-2025-06-05T162830.754-768x432.jpg 768w, https:\/\/www.tgrthaber.com\/mavikadin\/wp-content\/uploads\/haber-gorselleri-fotoshop-2025-06-05T162830.754-1536x864.jpg 1536w, https:\/\/www.tgrthaber.com\/mavikadin\/wp-content\/uploads\/haber-gorselleri-fotoshop-2025-06-05T162830.754.jpg 1600w\" sizes=\"(max-width: 1208px) 100vw, 1208px\" \/><\/h3>\n<hr \/>\n<h3>CANSU K\u00d6KT\u00dcRK KA\u00c7 YA\u015eINDA?<\/h3>\n<p>Cansu K\u00f6kt\u00fcrk\u2019\u00fcn Filistin\u2019e deste\u011fi yeni de\u011fil. Daha \u00f6nce de mecliste yapt\u0131\u011f\u0131 konu\u015fmalarda \u0130srail\u2019in Gazze\u2019deki politikalar\u0131n\u0131 a\u00e7\u0131k\u00e7a ele\u015ftirmi\u015f, Avrupa\u2019n\u0131n bu konuda \u00e7ifte standartl\u0131 davrand\u0131\u011f\u0131n\u0131 vurgulam\u0131\u015ft\u0131. Ancak son eylemi, do\u011frudan g\u00f6rsel bir protesto i\u00e7ermesi nedeniyle siyasi g\u00fcndemde \u00e7ok daha fazla yer buldu. Milltvekili Cansu K\u00f6kt\u00fcrk\u2019\u00fcn ya\u015f\u0131 hakk\u0131nda bilgiler kamuoyunda bulunamam\u0131\u015ft\u0131r.<\/p>\n<h3><img loading=\"lazy\" decoding=\"async\" class=\"alignnone wp-image-187669\" src=\"https:\/\/www.tgrthaber.com\/mavikadin\/wp-content\/uploads\/haber-gorselleri-fotoshop-2025-06-05T162823.366-1024x576.jpg\" alt=\"Cansu K\u00f6kt\u00fcrk kimdir? Cansu K\u00f6kt\u00fcrk ka\u00e7 ya\u015f\u0131nda nereli?\" width=\"1208\" height=\"680\" title=\"\" srcset=\"https:\/\/www.tgrthaber.com\/mavikadin\/wp-content\/uploads\/haber-gorselleri-fotoshop-2025-06-05T162823.366-1024x576.jpg 1024w, https:\/\/www.tgrthaber.com\/mavikadin\/wp-content\/uploads\/haber-gorselleri-fotoshop-2025-06-05T162823.366-300x169.jpg 300w, https:\/\/www.tgrthaber.com\/mavikadin\/wp-content\/uploads\/haber-gorselleri-fotoshop-2025-06-05T162823.366-768x432.jpg 768w, https:\/\/www.tgrthaber.com\/mavikadin\/wp-content\/uploads\/haber-gorselleri-fotoshop-2025-06-05T162823.366-1536x864.jpg 1536w, https:\/\/www.tgrthaber.com\/mavikadin\/wp-content\/uploads\/haber-gorselleri-fotoshop-2025-06-05T162823.366.jpg 1600w\" sizes=\"(max-width: 1208px) 100vw, 1208px\" \/><\/h3>\n<hr \/>\n<h3>CANSU K\u00d6KT\u00dcRK NEREL\u0130?<\/h3>\n<p>Hen\u00fcz kamuoyunda memleketi gibi detayl\u0131 ki\u015fisel bilgileri payla\u015f\u0131lmam\u0131\u015f olan K\u00f6kt\u00fcrk, T\u00fcrkiye k\u00f6kenli bir aileden geliyor. Gen\u00e7 ya\u015f\u0131na ra\u011fmen Almanya siyasetinde h\u0131zla y\u00fckselmesi ve \u00f6zellikle g\u00f6\u00e7men topluluklar\u0131n\u0131n sesi olma \u00e7abas\u0131, onu \u00f6nemli bir fig\u00fcr haline getirmi\u015f durumda.<\/p>\n<p><img loading=\"lazy\" decoding=\"async\" class=\"alignnone wp-image-187667\" src=\"https:\/\/www.tgrthaber.com\/mavikadin\/wp-content\/uploads\/haber-gorselleri-fotoshop-2025-06-05T162837.225-1024x576.jpg\" alt=\"Cansu K\u00f6kt\u00fcrk kimdir? Cansu K\u00f6kt\u00fcrk ka\u00e7 ya\u015f\u0131nda nereli?\" width=\"1208\" height=\"680\" title=\"\" srcset=\"https:\/\/www.tgrthaber.com\/mavikadin\/wp-content\/uploads\/haber-gorselleri-fotoshop-2025-06-05T162837.225-1024x576.jpg 1024w, https:\/\/www.tgrthaber.com\/mavikadin\/wp-content\/uploads\/haber-gorselleri-fotoshop-2025-06-05T162837.225-300x169.jpg 300w, https:\/\/www.tgrthaber.com\/mavikadin\/wp-content\/uploads\/haber-gorselleri-fotoshop-2025-06-05T162837.225-768x432.jpg 768w, https:\/\/www.tgrthaber.com\/mavikadin\/wp-content\/uploads\/haber-gorselleri-fotoshop-2025-06-05T162837.225-1536x864.jpg 1536w, https:\/\/www.tgrthaber.com\/mavikadin\/wp-content\/uploads\/haber-gorselleri-fotoshop-2025-06-05T162837.225.jpg 1600w\" sizes=\"(max-width: 1208px) 100vw, 1208px\" \/><\/p>\n<hr \/>\n<p>Meclisten \u00e7\u0131kar\u0131lma olay\u0131n\u0131n ard\u0131ndan K\u00f6kt\u00fcrk\u2019e y\u00f6nelik destek mesajlar\u0131 artarken, baz\u0131 Alman siyaset\u00e7iler eylemin \u201ckurallara ayk\u0131r\u0131 ama ahlaki olarak me\u015fru\u201d oldu\u011funu savundu. Bu geli\u015fme, Almanya\u2019da ifade \u00f6zg\u00fcrl\u00fc\u011f\u00fcn\u00fcn s\u0131n\u0131rlar\u0131, siyasi protesto bi\u00e7imleri ve Filistin meselesine yakla\u015f\u0131m konusunda yeni tart\u0131\u015fmalar\u0131n fitilini ate\u015fledi.<\/p>\n","protected":false},"excerpt":{"rendered":"<p>Almanya Federal Meclisi&#8217;nde g\u00f6rev yapan T\u00fcrk k\u00f6kenli Milletvekili Cansu K\u00f6kt\u00fcrk, \u00fczerinde \u201cFilistin\u201d yaz\u0131l\u0131 ti\u015f\u00f6rtle meclis k\u00fcrs\u00fcs\u00fcne \u00e7\u0131karak dikkatleri \u00fczerine \u00e7ekti. Bu haber sonras\u0131 Cansu K\u00f6kt\u00fcrk merak edildi. Peki, Cansu K\u00f6kt\u00fcrk kimdir? Cansu K\u00f6kt\u00fcrk ka\u00e7 ya\u015f\u0131nda nereli? \u0130\u015fte detaylar\u2026<\/p>\n","protected":false},"author":34,"featured_media":187668,"comment_status":"closed","ping_status":"closed","sticky":false,"template":"","format":"standard","meta":{"rank_math_lock_modified_date":false,"footnotes":""},"categories":[491],"tags":[16521,23892,23893],"class_list":["post-187665","post","type-post","status-publish","format-standard","has-post-thumbnail","hentry","category-biyografi","tag-biyografi-haberleri","tag-cansu-kokturk","tag-cansu-kokturk-kimdir"],"_links":{"self":[{"href":"https:\/\/www.tgrthaber.com\/mavikadin\/wp-json\/wp\/v2\/posts\/187665"}],"collection":[{"href":"https:\/\/www.tgrthaber.com\/mavikadin\/wp-json\/wp\/v2\/posts"}],"about":[{"href":"https:\/\/www.tgrthaber.com\/mavikadin\/wp-json\/wp\/v2\/types\/post"}],"author":[{"embeddable":true,"href":"https:\/\/www.tgrthaber.com\/mavikadin\/wp-json\/wp\/v2\/users\/34"}],"replies":[{"embeddable":true,"href":"https:\/\/www.tgrthaber.com\/mavikadin\/wp-json\/wp\/v2\/comments?post=187665"}],"version-history":[{"count":2,"href":"https:\/\/www.tgrthaber.com\/mavikadin\/wp-json\/wp\/v2\/posts\/187665\/revisions"}],"predecessor-version":[{"id":187671,"href":"https:\/\/www.tgrthaber.com\/mavikadin\/wp-json\/wp\/v2\/posts\/187665\/revisions\/187671"}],"wp:featuredmedia":[{"embeddable":true,"href":"https:\/\/www.tgrthaber.com\/mavikadin\/wp-json\/wp\/v2\/media\/187668"}],"wp:attachment":[{"href":"https:\/\/www.tgrthaber.com\/mavikadin\/wp-json\/wp\/v2\/media?parent=187665"}],"wp:term":[{"taxonomy":"category","embeddable":true,"href":"https:\/\/www.tgrthaber.com\/mavikadin\/wp-json\/wp\/v2\/categories?post=187665"},{"taxonomy":"post_tag","embeddable":true,"href":"https:\/\/www.tgrthaber.com\/mavikadin\/wp-json\/wp\/v2\/tags?post=187665"}],"curies":[{"name":"wp","href":"https:\/\/api.w.org\/{rel}","templated":true}]}}