{"id":187680,"date":"2025-06-05T19:12:36","date_gmt":"2025-06-05T16:12:36","guid":{"rendered":"https:\/\/www.tgrthaber.com\/mavikadin\/?p=187680"},"modified":"2025-06-05T19:12:36","modified_gmt":"2025-06-05T16:12:36","slug":"sarimsak-kokusuz-saca-nasil-surulur-sac-cikartan-dogal-karisim","status":"publish","type":"post","link":"https:\/\/www.tgrthaber.com\/mavikadin\/sarimsak-kokusuz-saca-nasil-surulur-sac-cikartan-dogal-karisim\/","title":{"rendered":"Sar\u0131msak kokusuz sa\u00e7a nas\u0131l s\u00fcr\u00fcl\u00fcr? Sa\u00e7 \u00e7\u0131kartan do\u011fal kar\u0131\u015f\u0131m"},"content":{"rendered":"<p>Sadece sa\u00e7 d\u00f6k\u00fclmesini azaltmakla kalmay\u0131p yeni sa\u00e7 \u00e7\u0131k\u0131\u015f\u0131n\u0131 da destekledi\u011fi bilinen sar\u0131msak, evde kolayca uygulanabilecek y\u00f6ntemlerle etkili bir k\u00fcr haline getirilebiliyor. Do\u011fal bak\u0131m\u0131n vazge\u00e7ilmezlerinden biri haline gelen sar\u0131msa\u011f\u0131, sa\u00e7\u0131n\u0131za s\u00fcrd\u00fc\u011f\u00fcn\u00fczde kokusunu hissetmeden fayda sa\u011flamak m\u00fcmk\u00fcn. Peki sar\u0131msak kokusuz sa\u00e7a nas\u0131l s\u00fcr\u00fcl\u00fcr? \u0130\u015fte detaylar&#8230;<\/p>\n<h3>SARIMSAK KOKUSUZ SA\u00c7A NASIL S\u00dcR\u00dcL\u00dcR?<\/h3>\n<p>Sar\u0131msa\u011f\u0131 sa\u00e7 bak\u0131m\u0131nda kullan\u0131rken kokuyu azaltmak i\u00e7in en \u00e7ok tercih edilen y\u00f6ntem, zeytinya\u011f\u0131 ya da hindistancevizi ya\u011f\u0131 ile kar\u0131\u015ft\u0131rmakt\u0131r.<\/p>\n<p><img loading=\"lazy\" decoding=\"async\" class=\"alignnone wp-image-187682\" src=\"https:\/\/www.tgrthaber.com\/mavikadin\/wp-content\/uploads\/images-6-3.jpeg\" alt=\"\" width=\"1208\" height=\"804\" title=\"\"><\/p>\n<hr \/>\n<p>Ezilmi\u015f birka\u00e7 di\u015f sar\u0131msa\u011f\u0131n i\u00e7ine bir miktar do\u011fal ya\u011f ekleyip bu kar\u0131\u015f\u0131m\u0131 birka\u00e7 saat dinlendirdikten sonra sa\u00e7 diplerine masaj yaparak uygulayabilirsiniz. Yakla\u015f\u0131k 30-40 dakika beklettikten sonra sa\u00e7\u0131n\u0131z\u0131 bitkisel i\u00e7erikli bir \u015fampuanla y\u0131kamak kokunun hafiflemesini sa\u011flar.<\/p>\n<p>Bir ba\u015fka y\u00f6ntem ise sar\u0131msa\u011f\u0131 rendeledikten sonra s\u00fctle kar\u0131\u015ft\u0131rmak. S\u00fct, sar\u0131msa\u011f\u0131n yo\u011fun kokusunu bast\u0131r\u0131rken sa\u00e7 tellerinin yumu\u015famas\u0131na da yard\u0131mc\u0131 olur. Haftada 1 kez uygulanan bu k\u00fcr, d\u00fczenli kullan\u0131mda sa\u00e7\u0131n daha dolgun ve canl\u0131 g\u00f6r\u00fcnmesini destekler.<\/p>\n<p><img loading=\"lazy\" decoding=\"async\" class=\"alignnone wp-image-187683\" src=\"https:\/\/www.tgrthaber.com\/mavikadin\/wp-content\/uploads\/sarimsak_3141-300x169.webp\" alt=\"\" width=\"1208\" height=\"680\" title=\"\" srcset=\"https:\/\/www.tgrthaber.com\/mavikadin\/wp-content\/uploads\/sarimsak_3141-300x169.webp 300w, https:\/\/www.tgrthaber.com\/mavikadin\/wp-content\/uploads\/sarimsak_3141-1024x576.webp 1024w, https:\/\/www.tgrthaber.com\/mavikadin\/wp-content\/uploads\/sarimsak_3141-768x432.webp 768w, https:\/\/www.tgrthaber.com\/mavikadin\/wp-content\/uploads\/sarimsak_3141.webp 1200w\" sizes=\"(max-width: 1208px) 100vw, 1208px\" \/><\/p>\n<hr \/>\n<h3>SA\u00c7 \u00c7IKARTAN DO\u011eAL KARI\u015eIM TAR\u0130F\u0130<\/h3>\n<p>Kokusuz sa\u00e7 bak\u0131m kar\u0131\u015f\u0131m\u0131 haz\u0131rlamak isteyenler i\u00e7in ideal bir tarif \u015f\u00f6yle:<\/p>\n<p>3 di\u015f ezilmi\u015f sar\u0131msak<\/p>\n<p>2 yemek ka\u015f\u0131\u011f\u0131 so\u011fuk s\u0131k\u0131m zeytinya\u011f\u0131<\/p>\n<p><img loading=\"lazy\" decoding=\"async\" class=\"alignnone wp-image-187684\" src=\"https:\/\/www.tgrthaber.com\/mavikadin\/wp-content\/uploads\/sarimsak-1-300x120.jpg\" alt=\"\" width=\"1208\" height=\"483\" title=\"\" srcset=\"https:\/\/www.tgrthaber.com\/mavikadin\/wp-content\/uploads\/sarimsak-1-300x120.jpg 300w, https:\/\/www.tgrthaber.com\/mavikadin\/wp-content\/uploads\/sarimsak-1.jpg 758w\" sizes=\"(max-width: 1208px) 100vw, 1208px\" \/><\/p>\n<hr \/>\n<p>1 tatl\u0131 ka\u015f\u0131\u011f\u0131 aloe vera jeli<\/p>\n<p>Bu \u00fc\u00e7l\u00fc kar\u0131\u015f\u0131m homojen bir k\u0131vama geldikten sonra sa\u00e7 diplerine nazik\u00e7e s\u00fcr\u00fcl\u00fcr. Stre\u00e7 film veya bone ile sa\u00e7\u0131n sar\u0131lmas\u0131, kar\u0131\u015f\u0131m\u0131n daha etkili olmas\u0131n\u0131 sa\u011flar. Uygulama sonras\u0131 \u0131l\u0131k su ve kokusuz \u015fampuanla sa\u00e7lar durulan\u0131r.<\/p>\n<p><img loading=\"lazy\" decoding=\"async\" class=\"alignnone wp-image-187685\" src=\"https:\/\/www.tgrthaber.com\/mavikadin\/wp-content\/uploads\/60cb023a932151089009c8e6-300x169.webp\" alt=\"\" width=\"1208\" height=\"680\" title=\"\" srcset=\"https:\/\/www.tgrthaber.com\/mavikadin\/wp-content\/uploads\/60cb023a932151089009c8e6-300x169.webp 300w, https:\/\/www.tgrthaber.com\/mavikadin\/wp-content\/uploads\/60cb023a932151089009c8e6-1024x576.webp 1024w, https:\/\/www.tgrthaber.com\/mavikadin\/wp-content\/uploads\/60cb023a932151089009c8e6-768x432.webp 768w, https:\/\/www.tgrthaber.com\/mavikadin\/wp-content\/uploads\/60cb023a932151089009c8e6.webp 1200w\" sizes=\"(max-width: 1208px) 100vw, 1208px\" \/><\/p>\n<hr \/>\n<h3>SARIMSA\u011eIN SA\u00c7A FAYDASI NED\u0130R?<\/h3>\n<p>Sar\u0131msak, g\u00fc\u00e7l\u00fc bir do\u011fal antibakteriyel olmas\u0131 sayesinde sa\u00e7 derisini derinlemesine ar\u0131nd\u0131r\u0131r. \u00d6l\u00fc deri tabakas\u0131n\u0131 temizleyerek g\u00f6zeneklerin a\u00e7\u0131lmas\u0131n\u0131 sa\u011flar, bu da sa\u00e7 k\u00f6klerinin nefes almas\u0131na yard\u0131mc\u0131 olur.<\/p>\n<p>Ayn\u0131 zamanda kan dola\u015f\u0131m\u0131n\u0131 h\u0131zland\u0131rarak sa\u00e7 k\u00f6klerine daha fazla besin gitmesini destekler. Bu etkiler, d\u00fczenli kullan\u0131mla birlikte sa\u00e7 tellerinde g\u00f6zle g\u00f6r\u00fcl\u00fcr bir g\u00fc\u00e7lenme ve hacim art\u0131\u015f\u0131 sa\u011flar. Haftada bir uygulanmas\u0131 tavsiye edilen sar\u0131msak k\u00fcrleri, en az 1 ay boyunca d\u00fczenli tekrarland\u0131\u011f\u0131nda sa\u00e7 d\u00f6k\u00fclmesinde azalma ve yeni sa\u00e7 \u00e7\u0131k\u0131\u015f\u0131nda art\u0131\u015f gibi sonu\u00e7lar ortaya koyar.<\/p>\n<p><img loading=\"lazy\" decoding=\"async\" class=\"alignnone wp-image-187686\" src=\"https:\/\/www.tgrthaber.com\/mavikadin\/wp-content\/uploads\/sarimsagin-saca-faydalari-300x168.jpg\" alt=\"\" width=\"1208\" height=\"675\" title=\"\" srcset=\"https:\/\/www.tgrthaber.com\/mavikadin\/wp-content\/uploads\/sarimsagin-saca-faydalari-300x168.jpg 300w, https:\/\/www.tgrthaber.com\/mavikadin\/wp-content\/uploads\/sarimsagin-saca-faydalari-768x429.jpg 768w, https:\/\/www.tgrthaber.com\/mavikadin\/wp-content\/uploads\/sarimsagin-saca-faydalari.jpg 816w\" sizes=\"(max-width: 1208px) 100vw, 1208px\" \/><\/p>\n<hr \/>\n<p>Kokusuz sar\u0131msak bak\u0131m\u0131yla hem do\u011fal yolla sa\u00e7 d\u00f6k\u00fclmesini \u00f6nlemek hem de yeni sa\u00e7lar\u0131n \u00e7\u0131kmas\u0131na destek olmak m\u00fcmk\u00fcn. Kimyasal \u00fcr\u00fcnlere alternatif arayanlar i\u00e7in bu y\u00f6ntem, pratik ve etkili bir se\u00e7enek olarak \u00f6ne \u00e7\u0131k\u0131yor.<\/p>\n","protected":false},"excerpt":{"rendered":"<p>Sa\u00e7 d\u00f6k\u00fclmesine kar\u015f\u0131 do\u011fal yollarla \u00e7\u00f6z\u00fcm arayanlar\u0131n s\u0131k\u00e7a ba\u015fvurdu\u011fu sar\u0131msak, keskin kokusu nedeniyle \u00e7o\u011fu zaman teredd\u00fctle yakla\u015f\u0131lan bir malzeme. Ancak do\u011fru \u015fekilde haz\u0131rland\u0131\u011f\u0131nda, kokusu olmadan da sa\u00e7 bak\u0131m\u0131nda kullan\u0131labiliyor. Peki, sar\u0131msak kokusu olmadan sa\u00e7a nas\u0131l s\u00fcr\u00fcl\u00fcr? \u0130\u015fte sa\u00e7 \u00e7\u0131kartan do\u011fal kar\u0131\u015f\u0131m\u0131n tarifi&#8230;<\/p>\n","protected":false},"author":35,"featured_media":187681,"comment_status":"closed","ping_status":"closed","sticky":false,"template":"","format":"standard","meta":{"rank_math_lock_modified_date":false,"footnotes":""},"categories":[166],"tags":[2832,4640,23897,170,23896],"class_list":["post-187680","post","type-post","status-publish","format-standard","has-post-thumbnail","hentry","category-sac-bakimi-sac-uzatma","tag-sac-bakimi","tag-sac-maskesi","tag-saca-sut","tag-sarimsak","tag-sarimsak-maskesi"],"_links":{"self":[{"href":"https:\/\/www.tgrthaber.com\/mavikadin\/wp-json\/wp\/v2\/posts\/187680"}],"collection":[{"href":"https:\/\/www.tgrthaber.com\/mavikadin\/wp-json\/wp\/v2\/posts"}],"about":[{"href":"https:\/\/www.tgrthaber.com\/mavikadin\/wp-json\/wp\/v2\/types\/post"}],"author":[{"embeddable":true,"href":"https:\/\/www.tgrthaber.com\/mavikadin\/wp-json\/wp\/v2\/users\/35"}],"replies":[{"embeddable":true,"href":"https:\/\/www.tgrthaber.com\/mavikadin\/wp-json\/wp\/v2\/comments?post=187680"}],"version-history":[{"count":2,"href":"https:\/\/www.tgrthaber.com\/mavikadin\/wp-json\/wp\/v2\/posts\/187680\/revisions"}],"predecessor-version":[{"id":187689,"href":"https:\/\/www.tgrthaber.com\/mavikadin\/wp-json\/wp\/v2\/posts\/187680\/revisions\/187689"}],"wp:featuredmedia":[{"embeddable":true,"href":"https:\/\/www.tgrthaber.com\/mavikadin\/wp-json\/wp\/v2\/media\/187681"}],"wp:attachment":[{"href":"https:\/\/www.tgrthaber.com\/mavikadin\/wp-json\/wp\/v2\/media?parent=187680"}],"wp:term":[{"taxonomy":"category","embeddable":true,"href":"https:\/\/www.tgrthaber.com\/mavikadin\/wp-json\/wp\/v2\/categories?post=187680"},{"taxonomy":"post_tag","embeddable":true,"href":"https:\/\/www.tgrthaber.com\/mavikadin\/wp-json\/wp\/v2\/tags?post=187680"}],"curies":[{"name":"wp","href":"https:\/\/api.w.org\/{rel}","templated":true}]}}