{"id":187952,"date":"2025-06-06T12:32:58","date_gmt":"2025-06-06T09:32:58","guid":{"rendered":"https:\/\/www.tgrthaber.com\/mavikadin\/?p=187952"},"modified":"2025-06-06T12:32:58","modified_gmt":"2025-06-06T09:32:58","slug":"sabah-ac-karnina-elma-yemek-mi-yulafli-yogurt-mu-karsilastirmali-etki-listesi","status":"publish","type":"post","link":"https:\/\/www.tgrthaber.com\/mavikadin\/sabah-ac-karnina-elma-yemek-mi-yulafli-yogurt-mu-karsilastirmali-etki-listesi\/","title":{"rendered":"Sabah a\u00e7 karn\u0131na elma yemek mi yulafl\u0131 yo\u011furt mu? Kar\u015f\u0131la\u015ft\u0131rmal\u0131 etki listesi"},"content":{"rendered":"<p>G\u00fcn\u00fcm\u00fcz\u00fcn yo\u011fun temposunda, g\u00fcne nas\u0131l ba\u015fland\u0131\u011f\u0131 hem ruhsal hem de fiziksel sa\u011fl\u0131\u011f\u0131m\u0131z\u0131 do\u011frudan etkiliyor. Sabah kahvalt\u0131lar\u0131nda hafif ve sa\u011fl\u0131kl\u0131 tercihler yapmak isteyenler i\u00e7in en \u00e7ok tart\u0131\u015f\u0131lan konulardan biri ise a\u00e7 karn\u0131na hangi g\u0131dan\u0131n daha faydal\u0131 oldu\u011fu. Elma gibi meyvelerle mi yoksa yulaf ve yo\u011furt gibi tok tutan ikililerle mi g\u00fcne ba\u015flamak daha do\u011fru? \u0130\u015fte iki pop\u00fcler sabah alternatifi aras\u0131nda karar vermenizi kolayla\u015ft\u0131racak kar\u015f\u0131la\u015ft\u0131rmal\u0131 etki listesi\u2026<\/p>\n<h3>SABAH A\u00c7 KARNINA ELMA YEMEK M\u0130 YULAFLI YO\u011eURT MU?<\/h3>\n<p>Sabah kahvalt\u0131s\u0131nda ne yedi\u011finiz, g\u00fcn\u00fcn\u00fcz\u00fcn nas\u0131l ge\u00e7ece\u011fini b\u00fcy\u00fck \u00f6l\u00e7\u00fcde etkiler. \u00d6zellikle a\u00e7 karn\u0131na t\u00fcketilen ilk besinler, metabolizman\u0131z\u0131n \u00e7al\u0131\u015fmas\u0131ndan enerjinizin seviyesine kadar bir\u00e7ok fakt\u00f6rde belirleyici olur. Bu noktada s\u0131k\u00e7a kar\u015f\u0131la\u015ft\u0131r\u0131lan iki sa\u011fl\u0131kl\u0131 se\u00e7enek \u00f6ne \u00e7\u0131k\u0131yor, elma m\u0131, yoksa yulafl\u0131 yo\u011furt mu?<\/p>\n<h3><img loading=\"lazy\" decoding=\"async\" class=\"alignnone wp-image-187956\" src=\"https:\/\/www.tgrthaber.com\/mavikadin\/wp-content\/uploads\/haber-gorselleri-fotoshop-2025-06-06T122625.630-1024x576.jpg\" alt=\"Sabah a\u00e7 karn\u0131na elma yemek mi yulafl\u0131 yo\u011furt mu? Kar\u015f\u0131la\u015ft\u0131rmal\u0131 etki listesi\" width=\"1208\" height=\"680\" title=\"\" srcset=\"https:\/\/www.tgrthaber.com\/mavikadin\/wp-content\/uploads\/haber-gorselleri-fotoshop-2025-06-06T122625.630-1024x576.jpg 1024w, https:\/\/www.tgrthaber.com\/mavikadin\/wp-content\/uploads\/haber-gorselleri-fotoshop-2025-06-06T122625.630-300x169.jpg 300w, https:\/\/www.tgrthaber.com\/mavikadin\/wp-content\/uploads\/haber-gorselleri-fotoshop-2025-06-06T122625.630-768x432.jpg 768w, https:\/\/www.tgrthaber.com\/mavikadin\/wp-content\/uploads\/haber-gorselleri-fotoshop-2025-06-06T122625.630-1536x864.jpg 1536w, https:\/\/www.tgrthaber.com\/mavikadin\/wp-content\/uploads\/haber-gorselleri-fotoshop-2025-06-06T122625.630.jpg 1600w\" sizes=\"(max-width: 1208px) 100vw, 1208px\" \/><\/h3>\n<hr \/>\n<h3><strong>S\u0130ND\u0130R\u0130M S\u0130STEM\u0130NE ETK\u0130S\u0130<\/strong><\/h3>\n<p><strong>Elma:<\/strong> Lif a\u00e7\u0131s\u0131ndan zengin olan elma, sabah saatlerinde ba\u011f\u0131rsak hareketlerini destekleyerek sindirim sistemine yard\u0131mc\u0131 olur. \u00d6zellikle pektin adl\u0131 \u00e7\u00f6z\u00fcn\u00fcr lif t\u00fcr\u00fc, ba\u011f\u0131rsak dostu bakterileri besleyerek sa\u011fl\u0131kl\u0131 bir sindirim d\u00fczeni sa\u011flar.<\/p>\n<p><strong>Yulafl\u0131 Yo\u011furt:<\/strong> Hem probiyotik (yo\u011furt) hem de prebiyotik (yulaf) i\u00e7eren bu kombinasyon, sindirim sistemi i\u00e7in adeta bir s\u00fcper g\u0131da i\u015flevi g\u00f6r\u00fcr. Sabah a\u00e7 karn\u0131na t\u00fcketildi\u011finde mideyi yormadan besler ve ba\u011f\u0131rsak floras\u0131n\u0131 destekler.<\/p>\n<h3><img loading=\"lazy\" decoding=\"async\" class=\"alignnone wp-image-187954\" src=\"https:\/\/www.tgrthaber.com\/mavikadin\/wp-content\/uploads\/haber-gorselleri-fotoshop-2025-06-06T122719.634-1024x576.jpg\" alt=\"Sabah a\u00e7 karn\u0131na elma yemek mi yulafl\u0131 yo\u011furt mu? Kar\u015f\u0131la\u015ft\u0131rmal\u0131 etki listesi\" width=\"1208\" height=\"680\" title=\"\" srcset=\"https:\/\/www.tgrthaber.com\/mavikadin\/wp-content\/uploads\/haber-gorselleri-fotoshop-2025-06-06T122719.634-1024x576.jpg 1024w, https:\/\/www.tgrthaber.com\/mavikadin\/wp-content\/uploads\/haber-gorselleri-fotoshop-2025-06-06T122719.634-300x169.jpg 300w, https:\/\/www.tgrthaber.com\/mavikadin\/wp-content\/uploads\/haber-gorselleri-fotoshop-2025-06-06T122719.634-768x432.jpg 768w, https:\/\/www.tgrthaber.com\/mavikadin\/wp-content\/uploads\/haber-gorselleri-fotoshop-2025-06-06T122719.634-1536x864.jpg 1536w, https:\/\/www.tgrthaber.com\/mavikadin\/wp-content\/uploads\/haber-gorselleri-fotoshop-2025-06-06T122719.634.jpg 1600w\" sizes=\"(max-width: 1208px) 100vw, 1208px\" \/><\/h3>\n<hr \/>\n<h3><strong>TOKLUK S\u00dcRES\u0130<\/strong><\/h3>\n<p><strong>Elma:<\/strong> Elma d\u00fc\u015f\u00fck kalorili olmas\u0131na ra\u011fmen su ve lif i\u00e7eri\u011fiyle k\u0131sa s\u00fcreli bir tokluk hissi yarat\u0131r. Ancak protein ve ya\u011f i\u00e7ermedi\u011fi i\u00e7in birka\u00e7 saat sonra ac\u0131kma ihtimali y\u00fcksektir.<\/p>\n<p><strong>Yulafl\u0131 Yo\u011furt:<\/strong> Yulaf\u0131n kompleks karbonhidratlar\u0131 ile yo\u011furdun protein i\u00e7eri\u011fi birle\u015fti\u011finde uzun s\u00fcren bir tokluk sa\u011flar. \u00d6zellikle yo\u011fun sabahlar i\u00e7in daha s\u00fcrd\u00fcr\u00fclebilir bir enerji kayna\u011f\u0131 sunar.<\/p>\n<h3><img loading=\"lazy\" decoding=\"async\" class=\"alignnone wp-image-187955\" src=\"https:\/\/www.tgrthaber.com\/mavikadin\/wp-content\/uploads\/haber-gorselleri-fotoshop-2025-06-06T122658.811-1024x576.jpg\" alt=\"Sabah a\u00e7 karn\u0131na elma yemek mi yulafl\u0131 yo\u011furt mu? Kar\u015f\u0131la\u015ft\u0131rmal\u0131 etki listesi\" width=\"1208\" height=\"680\" title=\"\" srcset=\"https:\/\/www.tgrthaber.com\/mavikadin\/wp-content\/uploads\/haber-gorselleri-fotoshop-2025-06-06T122658.811-1024x576.jpg 1024w, https:\/\/www.tgrthaber.com\/mavikadin\/wp-content\/uploads\/haber-gorselleri-fotoshop-2025-06-06T122658.811-300x169.jpg 300w, https:\/\/www.tgrthaber.com\/mavikadin\/wp-content\/uploads\/haber-gorselleri-fotoshop-2025-06-06T122658.811-768x432.jpg 768w, https:\/\/www.tgrthaber.com\/mavikadin\/wp-content\/uploads\/haber-gorselleri-fotoshop-2025-06-06T122658.811-1536x864.jpg 1536w, https:\/\/www.tgrthaber.com\/mavikadin\/wp-content\/uploads\/haber-gorselleri-fotoshop-2025-06-06T122658.811.jpg 1600w\" sizes=\"(max-width: 1208px) 100vw, 1208px\" \/><\/h3>\n<hr \/>\n<h3><strong>ENERJ\u0130 VER\u0130M\u0130 VE KAN \u015eEKER\u0130 DENGES\u0130<\/strong><\/h3>\n<p><strong>Elma:<\/strong> Do\u011fal \u015feker i\u00e7erdi\u011finden enerji verir, ancak glisemik indeksi orta d\u00fczeydedir. Kan \u015fekerini h\u0131zla y\u00fckseltip ard\u0131ndan d\u00fc\u015f\u00fcrebilir. Bu nedenle diyabet hastalar\u0131n\u0131n dikkatli t\u00fcketmesi gerekir.<\/p>\n<p><strong>Yulafl\u0131 Yo\u011furt:<\/strong> D\u00fc\u015f\u00fck glisemik indeksli bir kombinasyon olan yulaf ve yo\u011furt, kan \u015fekerini daha dengeli bir \u015fekilde y\u00fckseltir. Bu da g\u00fcn boyu dalgalanmalara neden olmadan enerjik kalmay\u0131 kolayla\u015ft\u0131r\u0131r.<\/p>\n<h3><img loading=\"lazy\" decoding=\"async\" class=\"alignnone wp-image-187957\" src=\"https:\/\/www.tgrthaber.com\/mavikadin\/wp-content\/uploads\/haber-gorselleri-fotoshop-2025-06-06T122616.814-1024x576.jpg\" alt=\"Sabah a\u00e7 karn\u0131na elma yemek mi yulafl\u0131 yo\u011furt mu? Kar\u015f\u0131la\u015ft\u0131rmal\u0131 etki listesi\" width=\"1208\" height=\"680\" title=\"\" srcset=\"https:\/\/www.tgrthaber.com\/mavikadin\/wp-content\/uploads\/haber-gorselleri-fotoshop-2025-06-06T122616.814-1024x576.jpg 1024w, https:\/\/www.tgrthaber.com\/mavikadin\/wp-content\/uploads\/haber-gorselleri-fotoshop-2025-06-06T122616.814-300x169.jpg 300w, https:\/\/www.tgrthaber.com\/mavikadin\/wp-content\/uploads\/haber-gorselleri-fotoshop-2025-06-06T122616.814-768x432.jpg 768w, https:\/\/www.tgrthaber.com\/mavikadin\/wp-content\/uploads\/haber-gorselleri-fotoshop-2025-06-06T122616.814-1536x864.jpg 1536w, https:\/\/www.tgrthaber.com\/mavikadin\/wp-content\/uploads\/haber-gorselleri-fotoshop-2025-06-06T122616.814.jpg 1600w\" sizes=\"(max-width: 1208px) 100vw, 1208px\" \/><\/h3>\n<hr \/>\n<h3><strong>BA\u011eI\u015eIKLIK VE GENEL SA\u011eLIK \u00dcZER\u0130NDEK\u0130 ETK\u0130LER\u0130<\/strong><\/h3>\n<p><strong>Elma:<\/strong> C vitamini, antioksidanlar ve fitokimyasallar a\u00e7\u0131s\u0131ndan zengin olan elma, ba\u011f\u0131\u015f\u0131kl\u0131k sistemini g\u00fc\u00e7lendirir. Ayr\u0131ca di\u015f sa\u011fl\u0131\u011f\u0131na da olumlu katk\u0131lar\u0131 vard\u0131r.<\/p>\n<p><strong>Yulafl\u0131 Yo\u011furt:<\/strong> Kalsiyum, B vitaminleri ve probiyotikler sayesinde hem kemik sa\u011fl\u0131\u011f\u0131n\u0131 destekler hem de ba\u011f\u0131\u015f\u0131kl\u0131\u011f\u0131 g\u00fc\u00e7lendirir. \u00d6zellikle ev yap\u0131m\u0131 yo\u011furt tercih edildi\u011finde etkisi daha belirgin olur.<\/p>\n<p>Her iki se\u00e7enek de sa\u011fl\u0131kl\u0131d\u0131r ve farkl\u0131 avantajlar sunar. E\u011fer hafif bir kahvalt\u0131 tercih ediyorsan\u0131z ve sindirim sisteminizi nazik\u00e7e uyand\u0131rmak istiyorsan\u0131z elma iyi bir tercih olabilir. Ancak daha uzun s\u00fcre tok kalmak, enerji d\u00fczeyinizi dengede tutmak ve g\u00fcne zinde ba\u015flamak istiyorsan\u0131z yulafl\u0131 yo\u011furt daha g\u00fc\u00e7l\u00fc bir se\u00e7enektir.<\/p>\n","protected":false},"excerpt":{"rendered":"<p>Sabahlar\u0131 ne yedi\u011finiz t\u00fcm g\u00fcn\u00fcn\u00fcz\u00fc etkiliyor. A\u00e7 karn\u0131na elma m\u0131, yoksa yulafl\u0131 yo\u011furt mu tercih edilmeli? \u0130kisi aras\u0131ndaki farklar d\u00fc\u015f\u00fcnd\u00fc\u011f\u00fcn\u00fczden daha b\u00fcy\u00fck olabilir. \u0130\u015fte detaylar\u2026<\/p>\n","protected":false},"author":34,"featured_media":187953,"comment_status":"closed","ping_status":"closed","sticky":false,"template":"","format":"standard","meta":{"rank_math_lock_modified_date":false,"footnotes":""},"categories":[123],"tags":[129,16723,1757],"class_list":["post-187952","post","type-post","status-publish","format-standard","has-post-thumbnail","hentry","category-diyet","tag-diyet","tag-diyet-haberleri","tag-yulaf"],"_links":{"self":[{"href":"https:\/\/www.tgrthaber.com\/mavikadin\/wp-json\/wp\/v2\/posts\/187952"}],"collection":[{"href":"https:\/\/www.tgrthaber.com\/mavikadin\/wp-json\/wp\/v2\/posts"}],"about":[{"href":"https:\/\/www.tgrthaber.com\/mavikadin\/wp-json\/wp\/v2\/types\/post"}],"author":[{"embeddable":true,"href":"https:\/\/www.tgrthaber.com\/mavikadin\/wp-json\/wp\/v2\/users\/34"}],"replies":[{"embeddable":true,"href":"https:\/\/www.tgrthaber.com\/mavikadin\/wp-json\/wp\/v2\/comments?post=187952"}],"version-history":[{"count":1,"href":"https:\/\/www.tgrthaber.com\/mavikadin\/wp-json\/wp\/v2\/posts\/187952\/revisions"}],"predecessor-version":[{"id":187958,"href":"https:\/\/www.tgrthaber.com\/mavikadin\/wp-json\/wp\/v2\/posts\/187952\/revisions\/187958"}],"wp:featuredmedia":[{"embeddable":true,"href":"https:\/\/www.tgrthaber.com\/mavikadin\/wp-json\/wp\/v2\/media\/187953"}],"wp:attachment":[{"href":"https:\/\/www.tgrthaber.com\/mavikadin\/wp-json\/wp\/v2\/media?parent=187952"}],"wp:term":[{"taxonomy":"category","embeddable":true,"href":"https:\/\/www.tgrthaber.com\/mavikadin\/wp-json\/wp\/v2\/categories?post=187952"},{"taxonomy":"post_tag","embeddable":true,"href":"https:\/\/www.tgrthaber.com\/mavikadin\/wp-json\/wp\/v2\/tags?post=187952"}],"curies":[{"name":"wp","href":"https:\/\/api.w.org\/{rel}","templated":true}]}}