{"id":188173,"date":"2025-06-07T09:11:27","date_gmt":"2025-06-07T06:11:27","guid":{"rendered":"https:\/\/www.tgrthaber.com\/mavikadin\/?p=188173"},"modified":"2025-06-07T09:17:12","modified_gmt":"2025-06-07T06:17:12","slug":"iclal-aydindan-surpriz-ask-itirafi-unlu-heykeltirasla-mutlulugu-yakaladi","status":"publish","type":"post","link":"https:\/\/www.tgrthaber.com\/mavikadin\/iclal-aydindan-surpriz-ask-itirafi-unlu-heykeltirasla-mutlulugu-yakaladi\/","title":{"rendered":"\u0130clal Ayd\u0131n\u2019dan s\u00fcrpriz a\u015fk itiraf\u0131! \u00dcnl\u00fc heykelt\u0131ra\u015fc\u0131yla mutlulu\u011fu yakalad\u0131"},"content":{"rendered":"<p>Ekranlar\u0131n sevilen isimlerinden \u0130clal Ayd\u0131n, bu kez rol ald\u0131\u011f\u0131 bir diziyle de\u011fil, kalbinin kap\u0131lar\u0131n\u0131 a\u00e7t\u0131\u011f\u0131 yeni a\u015fk\u0131yla g\u00fcndeme geldi. Bayram sabah\u0131 yapt\u0131\u011f\u0131 duygusal sosyal medya payla\u015f\u0131m\u0131yla a\u015fk\u0131n\u0131 ilan eden Ayd\u0131n, uzun s\u00fcredir birlikte oldu\u011fu heykelt\u0131ra\u015f Ozan \u00dcnal ile ili\u015fkisini ilk kez kamuoyuyla payla\u015ft\u0131. \u0130\u015fte detaylar\u2026<\/p>\n<h3>\u0130CLAL AYDIN\u2019DAN S\u00dcRPR\u0130Z A\u015eK \u0130T\u0130RAFI!<\/h3>\n<p>Bir s\u00fcredir ekranlardan uzak kalan \u00fcnl\u00fc oyuncu, yazar ve televizyoncu \u0130clal Ayd\u0131n, \u00f6zel hayat\u0131yla g\u00fcndeme geldi. Sanat camias\u0131n\u0131n sevilen isimlerinden Ayd\u0131n, sosyal medya hesab\u0131ndan yapt\u0131\u011f\u0131 duygusal bir payla\u015f\u0131mla, \u00fcnl\u00fc heykelt\u0131ra\u015f Ozan \u00dcnal ile ya\u015fad\u0131\u011f\u0131 a\u015fk\u0131 ilan etti. Ayd\u0131n\u2019\u0131n payla\u015f\u0131m\u0131, hayranlar\u0131 taraf\u0131ndan b\u00fcy\u00fck ilgiyle kar\u015f\u0131land\u0131.<\/p>\n<p><img loading=\"lazy\" decoding=\"async\" class=\"alignnone wp-image-188183\" src=\"https:\/\/www.tgrthaber.com\/mavikadin\/wp-content\/uploads\/haber-gorselleri-fotoshop-2025-06-07T090901.837-1024x576.jpg\" alt=\"\u0130clal Ayd\u0131n\u2019dan s\u00fcrpriz a\u015fk itiraf\u0131! \" width=\"1208\" height=\"680\" title=\"\" srcset=\"https:\/\/www.tgrthaber.com\/mavikadin\/wp-content\/uploads\/haber-gorselleri-fotoshop-2025-06-07T090901.837-1024x576.jpg 1024w, https:\/\/www.tgrthaber.com\/mavikadin\/wp-content\/uploads\/haber-gorselleri-fotoshop-2025-06-07T090901.837-300x169.jpg 300w, https:\/\/www.tgrthaber.com\/mavikadin\/wp-content\/uploads\/haber-gorselleri-fotoshop-2025-06-07T090901.837-768x432.jpg 768w, https:\/\/www.tgrthaber.com\/mavikadin\/wp-content\/uploads\/haber-gorselleri-fotoshop-2025-06-07T090901.837-1536x864.jpg 1536w, https:\/\/www.tgrthaber.com\/mavikadin\/wp-content\/uploads\/haber-gorselleri-fotoshop-2025-06-07T090901.837.jpg 1600w\" sizes=\"(max-width: 1208px) 100vw, 1208px\" \/><\/p>\n<hr \/>\n<p>Kariyerinde yazd\u0131\u011f\u0131 romanlar, tiyatro oyunlar\u0131 ve televizyon dizileriyle geni\u015f bir kitleye ula\u015fan \u0130clal Ayd\u0131n, bir s\u00fcredir kameralardan uzak bir hayat s\u00fcr\u00fcyordu. Son olarak kendi kaleme ald\u0131\u011f\u0131 &#8220;\u00dc\u00e7 K\u0131z Karde\u015f&#8221; roman\u0131n\u0131n televizyon uyarlamas\u0131nda rol alan Ayd\u0131n, dizi sonras\u0131 oyunculu\u011fa k\u0131sa bir ara vermi\u015fti. Bu s\u00fcrede edebi \u00e7al\u0131\u015fmalar\u0131na yo\u011funla\u015fan yazar, ge\u00e7ti\u011fimiz aylarda \u00e7\u0131kard\u0131\u011f\u0131 \u201cBunu Sen Oku\u201d adl\u0131 kitab\u0131yla yeniden okuyucular\u0131yla bulu\u015fmu\u015ftu.<\/p>\n<p><img loading=\"lazy\" decoding=\"async\" class=\"alignnone wp-image-188181\" src=\"https:\/\/www.tgrthaber.com\/mavikadin\/wp-content\/uploads\/haber-gorselleri-fotoshop-2025-06-07T090919.879-1024x576.jpg\" alt=\"\u0130clal Ayd\u0131n\u2019dan s\u00fcrpriz a\u015fk itiraf\u0131! \" width=\"1208\" height=\"680\" title=\"\" srcset=\"https:\/\/www.tgrthaber.com\/mavikadin\/wp-content\/uploads\/haber-gorselleri-fotoshop-2025-06-07T090919.879-1024x576.jpg 1024w, https:\/\/www.tgrthaber.com\/mavikadin\/wp-content\/uploads\/haber-gorselleri-fotoshop-2025-06-07T090919.879-300x169.jpg 300w, https:\/\/www.tgrthaber.com\/mavikadin\/wp-content\/uploads\/haber-gorselleri-fotoshop-2025-06-07T090919.879-768x432.jpg 768w, https:\/\/www.tgrthaber.com\/mavikadin\/wp-content\/uploads\/haber-gorselleri-fotoshop-2025-06-07T090919.879-1536x864.jpg 1536w, https:\/\/www.tgrthaber.com\/mavikadin\/wp-content\/uploads\/haber-gorselleri-fotoshop-2025-06-07T090919.879.jpg 1600w\" sizes=\"(max-width: 1208px) 100vw, 1208px\" \/><\/p>\n<hr \/>\n<p>Mynet&#8217;in haberine g\u00f6re, bu kitab\u0131n g\u00f6rselleri vesilesiyle tan\u0131\u015ft\u0131\u011f\u0131 isim, heykelt\u0131ra\u015f Ozan \u00dcnal oldu. T\u00fcrkiye&#8217;nin say\u0131l\u0131 heykel sanat\u00e7\u0131lar\u0131ndan biri olarak tan\u0131nan \u00dcnal, kitaba yapt\u0131\u011f\u0131 \u00e7izimlerle Ayd\u0131n\u2019\u0131n hayranl\u0131\u011f\u0131n\u0131 kazanm\u0131\u015ft\u0131. Sanat arac\u0131l\u0131\u011f\u0131yla do\u011fan bu ba\u011f, zamanla duygusal bir ili\u015fkiye d\u00f6n\u00fc\u015ft\u00fc.<\/p>\n<h3><img loading=\"lazy\" decoding=\"async\" class=\"alignnone wp-image-188182\" src=\"https:\/\/www.tgrthaber.com\/mavikadin\/wp-content\/uploads\/haber-gorselleri-fotoshop-2025-06-07T090912.661-1024x576.jpg\" alt=\"\u0130clal Ayd\u0131n\u2019dan s\u00fcrpriz a\u015fk itiraf\u0131! \" width=\"1208\" height=\"680\" title=\"\" srcset=\"https:\/\/www.tgrthaber.com\/mavikadin\/wp-content\/uploads\/haber-gorselleri-fotoshop-2025-06-07T090912.661-1024x576.jpg 1024w, https:\/\/www.tgrthaber.com\/mavikadin\/wp-content\/uploads\/haber-gorselleri-fotoshop-2025-06-07T090912.661-300x169.jpg 300w, https:\/\/www.tgrthaber.com\/mavikadin\/wp-content\/uploads\/haber-gorselleri-fotoshop-2025-06-07T090912.661-768x432.jpg 768w, https:\/\/www.tgrthaber.com\/mavikadin\/wp-content\/uploads\/haber-gorselleri-fotoshop-2025-06-07T090912.661-1536x864.jpg 1536w, https:\/\/www.tgrthaber.com\/mavikadin\/wp-content\/uploads\/haber-gorselleri-fotoshop-2025-06-07T090912.661.jpg 1600w\" sizes=\"(max-width: 1208px) 100vw, 1208px\" \/><\/h3>\n<hr \/>\n<h3>\u00dcNL\u00dc HEYKELTIRA\u015eLA MUTLULU\u011eU YAKALADI!<\/h3>\n<p>\u0130clal Ayd\u0131n, bayram\u0131n birinci g\u00fcn\u00fc Instagram hesab\u0131ndan yapt\u0131\u011f\u0131 bir video payla\u015f\u0131m\u0131yla ili\u015fkisini duyurdu. Evinin penceresine konan iki kumruyu g\u00f6sterdi\u011fi video e\u015fli\u011finde, \u201cHer ak\u015fam \u00fczeri mutfak penceremizde, her sabah arka bah\u00e7e \u00e7itlerinde\u2026 Hep ve daima birlikteler. \u0130yi bayramlar, sevgiler\u201d notunu d\u00fc\u015fen Ayd\u0131n\u2019\u0131n bu romantik g\u00f6nderisi, takip\u00e7ileri taraf\u0131ndan &#8220;a\u015fk ilan\u0131&#8221; olarak yorumland\u0131.<\/p>\n<p><img loading=\"lazy\" decoding=\"async\" class=\"alignnone wp-image-188180\" src=\"https:\/\/www.tgrthaber.com\/mavikadin\/wp-content\/uploads\/haber-gorselleri-fotoshop-2025-06-07T090930.209-1-1024x576.jpg\" alt=\"\u0130clal Ayd\u0131n\u2019dan s\u00fcrpriz a\u015fk itiraf\u0131! \" width=\"1208\" height=\"680\" title=\"\" srcset=\"https:\/\/www.tgrthaber.com\/mavikadin\/wp-content\/uploads\/haber-gorselleri-fotoshop-2025-06-07T090930.209-1-1024x576.jpg 1024w, https:\/\/www.tgrthaber.com\/mavikadin\/wp-content\/uploads\/haber-gorselleri-fotoshop-2025-06-07T090930.209-1-300x169.jpg 300w, https:\/\/www.tgrthaber.com\/mavikadin\/wp-content\/uploads\/haber-gorselleri-fotoshop-2025-06-07T090930.209-1-768x432.jpg 768w, https:\/\/www.tgrthaber.com\/mavikadin\/wp-content\/uploads\/haber-gorselleri-fotoshop-2025-06-07T090930.209-1-1536x864.jpg 1536w, https:\/\/www.tgrthaber.com\/mavikadin\/wp-content\/uploads\/haber-gorselleri-fotoshop-2025-06-07T090930.209-1.jpg 1600w\" sizes=\"(max-width: 1208px) 100vw, 1208px\" \/><\/p>\n<hr \/>\n<p>Bu mesaj\u0131n ard\u0131ndan Ozan \u00dcnal da kendi hesab\u0131nda ayn\u0131 videoyu payla\u015farak, \u201cTam zaman\u0131nda, tam yerinde kendi evreninde, iki ki\u015filik bir d\u00fcnyan\u0131n iki kumrusu onlar da\u2026\u201d ifadeleriyle yan\u0131t verdi. Kalp emojisiyle tamamlanan bu payla\u015f\u0131m, \u00e7iftin duygular\u0131n\u0131 kar\u015f\u0131l\u0131kl\u0131 ve a\u00e7\u0131k\u00e7a ifade etti\u011fini g\u00f6sterdi. \u0130clal Ayd\u0131n\u2019\u0131n uzun s\u00fcredir sessiz kalan \u00f6zel hayat\u0131na dair bu geli\u015fme, magazin g\u00fcndeminde de geni\u015f yer buldu.<\/p>\n","protected":false},"excerpt":{"rendered":"<p>Bir s\u00fcredir ekranlardan uzak kalan \u0130clal Ayd\u0131n, bayram g\u00fcn\u00fc yapt\u0131\u011f\u0131 romantik payla\u015f\u0131mla \u00fcnl\u00fc heykelt\u0131ra\u015f Ozan \u00dcnal ile ya\u015fad\u0131\u011f\u0131 a\u015fk\u0131 g\u00f6zler \u00f6n\u00fcne serdi. \u0130\u015fte detaylar\u2026<\/p>\n","protected":false},"author":34,"featured_media":188176,"comment_status":"closed","ping_status":"closed","sticky":false,"template":"","format":"standard","meta":{"rank_math_lock_modified_date":false,"footnotes":""},"categories":[76],"tags":[24006,133,2218,24007],"class_list":["post-188173","post","type-post","status-publish","format-standard","has-post-thumbnail","hentry","category-magazin","tag-iclal-aydin","tag-magazin","tag-magazin-haberleri","tag-unlu-heykeltrasci"],"_links":{"self":[{"href":"https:\/\/www.tgrthaber.com\/mavikadin\/wp-json\/wp\/v2\/posts\/188173"}],"collection":[{"href":"https:\/\/www.tgrthaber.com\/mavikadin\/wp-json\/wp\/v2\/posts"}],"about":[{"href":"https:\/\/www.tgrthaber.com\/mavikadin\/wp-json\/wp\/v2\/types\/post"}],"author":[{"embeddable":true,"href":"https:\/\/www.tgrthaber.com\/mavikadin\/wp-json\/wp\/v2\/users\/34"}],"replies":[{"embeddable":true,"href":"https:\/\/www.tgrthaber.com\/mavikadin\/wp-json\/wp\/v2\/comments?post=188173"}],"version-history":[{"count":4,"href":"https:\/\/www.tgrthaber.com\/mavikadin\/wp-json\/wp\/v2\/posts\/188173\/revisions"}],"predecessor-version":[{"id":188186,"href":"https:\/\/www.tgrthaber.com\/mavikadin\/wp-json\/wp\/v2\/posts\/188173\/revisions\/188186"}],"wp:featuredmedia":[{"embeddable":true,"href":"https:\/\/www.tgrthaber.com\/mavikadin\/wp-json\/wp\/v2\/media\/188176"}],"wp:attachment":[{"href":"https:\/\/www.tgrthaber.com\/mavikadin\/wp-json\/wp\/v2\/media?parent=188173"}],"wp:term":[{"taxonomy":"category","embeddable":true,"href":"https:\/\/www.tgrthaber.com\/mavikadin\/wp-json\/wp\/v2\/categories?post=188173"},{"taxonomy":"post_tag","embeddable":true,"href":"https:\/\/www.tgrthaber.com\/mavikadin\/wp-json\/wp\/v2\/tags?post=188173"}],"curies":[{"name":"wp","href":"https:\/\/api.w.org\/{rel}","templated":true}]}}