{"id":188204,"date":"2025-06-07T10:54:18","date_gmt":"2025-06-07T07:54:18","guid":{"rendered":"https:\/\/www.tgrthaber.com\/mavikadin\/?p=188204"},"modified":"2025-06-07T10:54:18","modified_gmt":"2025-06-07T07:54:18","slug":"haci-sabanci-ailesi-ile-bodrumda-goruntulendi-dava-sonrasi-ilk-tatil","status":"publish","type":"post","link":"https:\/\/www.tgrthaber.com\/mavikadin\/haci-sabanci-ailesi-ile-bodrumda-goruntulendi-dava-sonrasi-ilk-tatil\/","title":{"rendered":"Hac\u0131 Sabanc\u0131 ailesi ile Bodrum\u2019da g\u00f6r\u00fcnt\u00fclendi! Dava sonras\u0131 ilk tatil"},"content":{"rendered":"<p>Magazin d\u00fcnyas\u0131n\u0131n g\u00f6zde isimlerinden Hac\u0131 Sabanc\u0131, \u00f6zel hayat\u0131ndaki \u00e7alkant\u0131l\u0131 geli\u015fmelere ra\u011fmen ailesiyle birlikte Kurban Bayram\u0131\u2019nda Bodrum\u2019un serin sular\u0131na a\u00e7\u0131ld\u0131. E\u015fi Nazl\u0131 Sabanc\u0131 ve minik k\u0131zlar\u0131 ile objektiflere yans\u0131yan Sabanc\u0131, bu tatille hem ailesiyle ba\u011f\u0131n\u0131 g\u00fc\u00e7lendirdi hem de kamuoyuna dikkat \u00e7eken bir birliktelik mesaj\u0131 verdi. \u0130\u015fte detaylar\u2026<\/p>\n<h3>HACI SABANCI A\u0130LES\u0130 \u0130LE BODRUM\u2019DA G\u00d6R\u00dcNT\u00dcLEND\u0130!<\/h3>\n<p>Sabanc\u0131 Ailesi&#8217;nin \u00f6nde gelen isimlerinden Hac\u0131 Sabanc\u0131, son d\u00f6nemde kamuoyunu me\u015fgul eden babal\u0131k davas\u0131n\u0131n ard\u0131ndan e\u015fi Nazl\u0131 Sabanc\u0131 ve k\u0131zlar\u0131 ile Kurban Bayram\u0131 tatilini Bodrum\u2019da ge\u00e7irmeyi tercih etti. Habert\u00fcrk haberine g\u00f6re, \u00f6zel hayat\u0131ndaki \u00e7alkant\u0131lara ra\u011fmen ailesiyle birlikte vakit ge\u00e7irmeyi ihmal etmeyen Sabanc\u0131, magazin objektiflerine bu kez teknelerine binmek \u00fczere botla iskeleye yakla\u015f\u0131rken yans\u0131d\u0131.<\/p>\n<p><img loading=\"lazy\" decoding=\"async\" class=\"alignnone wp-image-188208\" src=\"https:\/\/www.tgrthaber.com\/mavikadin\/wp-content\/uploads\/haber-gorselleri-fotoshop-2025-06-07T105147.340-1024x576.jpg\" alt=\"Hac\u0131 Sabanc\u0131 ailesi ile Bodrum\u2019da g\u00f6r\u00fcnt\u00fclendi! Dava sonras\u0131 ilk tatil\" width=\"1208\" height=\"680\" title=\"\" srcset=\"https:\/\/www.tgrthaber.com\/mavikadin\/wp-content\/uploads\/haber-gorselleri-fotoshop-2025-06-07T105147.340-1024x576.jpg 1024w, https:\/\/www.tgrthaber.com\/mavikadin\/wp-content\/uploads\/haber-gorselleri-fotoshop-2025-06-07T105147.340-300x169.jpg 300w, https:\/\/www.tgrthaber.com\/mavikadin\/wp-content\/uploads\/haber-gorselleri-fotoshop-2025-06-07T105147.340-768x432.jpg 768w, https:\/\/www.tgrthaber.com\/mavikadin\/wp-content\/uploads\/haber-gorselleri-fotoshop-2025-06-07T105147.340-1536x864.jpg 1536w, https:\/\/www.tgrthaber.com\/mavikadin\/wp-content\/uploads\/haber-gorselleri-fotoshop-2025-06-07T105147.340.jpg 1600w\" sizes=\"(max-width: 1208px) 100vw, 1208px\" \/><\/p>\n<hr \/>\n<p>G\u00f6zlerden uzak bir koyda demirli l\u00fcks teknelerinde tatilin tad\u0131n\u0131 \u00e7\u0131karan Sabanc\u0131 \u00e7ifti, her zamanki gibi \u015f\u0131kl\u0131klar\u0131yla dikkat \u00e7ekti. Nazl\u0131 Sabanc\u0131\u2019n\u0131n zarif tarz\u0131 ve \u00f6zenli g\u00f6r\u00fcn\u00fcm\u00fc, sosyal medya kullan\u0131c\u0131lar\u0131 aras\u0131nda da geni\u015f yank\u0131 buldu. Aileye yak\u0131n kaynaklar, \u00e7iftin tatil boyunca telefonlar\u0131n\u0131 minimumda kulland\u0131\u011f\u0131n\u0131 ve k\u0131zlar\u0131yla birlikte kaliteli zaman ge\u00e7irmeye odakland\u0131klar\u0131n\u0131 belirtti.<\/p>\n<h3><img loading=\"lazy\" decoding=\"async\" class=\"alignnone wp-image-188209\" src=\"https:\/\/www.tgrthaber.com\/mavikadin\/wp-content\/uploads\/haber-gorselleri-fotoshop-2025-06-07T105130.618-1024x576.jpg\" alt=\"Hac\u0131 Sabanc\u0131 ailesi ile Bodrum\u2019da g\u00f6r\u00fcnt\u00fclendi! Dava sonras\u0131 ilk tatil\" width=\"1208\" height=\"680\" title=\"\" srcset=\"https:\/\/www.tgrthaber.com\/mavikadin\/wp-content\/uploads\/haber-gorselleri-fotoshop-2025-06-07T105130.618-1024x576.jpg 1024w, https:\/\/www.tgrthaber.com\/mavikadin\/wp-content\/uploads\/haber-gorselleri-fotoshop-2025-06-07T105130.618-300x169.jpg 300w, https:\/\/www.tgrthaber.com\/mavikadin\/wp-content\/uploads\/haber-gorselleri-fotoshop-2025-06-07T105130.618-768x432.jpg 768w, https:\/\/www.tgrthaber.com\/mavikadin\/wp-content\/uploads\/haber-gorselleri-fotoshop-2025-06-07T105130.618-1536x864.jpg 1536w, https:\/\/www.tgrthaber.com\/mavikadin\/wp-content\/uploads\/haber-gorselleri-fotoshop-2025-06-07T105130.618.jpg 1600w\" sizes=\"(max-width: 1208px) 100vw, 1208px\" \/><\/h3>\n<hr \/>\n<h3>DAVA SONRASI \u0130LK TAT\u0130L!<\/h3>\n<p>Bu tatil, Hac\u0131 Sabanc\u0131&#8217;n\u0131n ad\u0131yla an\u0131lan ve magazin d\u00fcnyas\u0131nda geni\u015f yer bulan babal\u0131k davas\u0131 sonras\u0131 kamuoyuna verdi\u011fi ilk \u201caile birlikteli\u011fi\u201d mesaj\u0131 olarak da yorumland\u0131. Son birka\u00e7 ayd\u0131r ki\u015fisel hayat\u0131yla g\u00fcndeme gelen i\u015f insan\u0131n\u0131n, t\u00fcm bu s\u00fcrece ra\u011fmen ailesiyle olan ba\u011f\u0131n\u0131 korudu\u011fu g\u00f6zlemlendi.<\/p>\n<p><img loading=\"lazy\" decoding=\"async\" class=\"alignnone wp-image-188205\" src=\"https:\/\/www.tgrthaber.com\/mavikadin\/wp-content\/uploads\/haber-gorselleri-fotoshop-2025-06-07T105209.910-1024x576.jpg\" alt=\"Hac\u0131 Sabanc\u0131 ailesi ile Bodrum\u2019da g\u00f6r\u00fcnt\u00fclendi! Dava sonras\u0131 ilk tatil\" width=\"1208\" height=\"680\" title=\"\" srcset=\"https:\/\/www.tgrthaber.com\/mavikadin\/wp-content\/uploads\/haber-gorselleri-fotoshop-2025-06-07T105209.910-1024x576.jpg 1024w, https:\/\/www.tgrthaber.com\/mavikadin\/wp-content\/uploads\/haber-gorselleri-fotoshop-2025-06-07T105209.910-300x169.jpg 300w, https:\/\/www.tgrthaber.com\/mavikadin\/wp-content\/uploads\/haber-gorselleri-fotoshop-2025-06-07T105209.910-768x432.jpg 768w, https:\/\/www.tgrthaber.com\/mavikadin\/wp-content\/uploads\/haber-gorselleri-fotoshop-2025-06-07T105209.910-1536x864.jpg 1536w, https:\/\/www.tgrthaber.com\/mavikadin\/wp-content\/uploads\/haber-gorselleri-fotoshop-2025-06-07T105209.910.jpg 1600w\" sizes=\"(max-width: 1208px) 100vw, 1208px\" \/><\/p>\n<hr \/>\n<p>Bu y\u0131lki Bodrum tatilinin bir ba\u015fka dikkat \u00e7eken noktas\u0131 ise ailenin olduk\u00e7a sakin bir program izlemesi oldu. Genellikle g\u00f6zde mekanlarda kalabal\u0131k organizasyonlarla an\u0131lan Sabanc\u0131 \u00e7ifti, bu kez daha sade ve m\u00fctevaz\u0131 bir rota izledi. G\u00fcnd\u00fcz saatlerini teknelerinde ge\u00e7irip ak\u015fam saatlerinde k\u0131sa sahil y\u00fcr\u00fcy\u00fc\u015fleri yapmay\u0131 tercih ettikleri \u00f6\u011frenildi.<\/p>\n<p><img loading=\"lazy\" decoding=\"async\" class=\"alignnone wp-image-188210\" src=\"https:\/\/www.tgrthaber.com\/mavikadin\/wp-content\/uploads\/haber-gorselleri-fotoshop-2025-06-07T105114.541-1024x576.jpg\" alt=\"Hac\u0131 Sabanc\u0131 ailesi ile Bodrum\u2019da g\u00f6r\u00fcnt\u00fclendi! Dava sonras\u0131 ilk tatil\" width=\"1208\" height=\"680\" title=\"\" srcset=\"https:\/\/www.tgrthaber.com\/mavikadin\/wp-content\/uploads\/haber-gorselleri-fotoshop-2025-06-07T105114.541-1024x576.jpg 1024w, https:\/\/www.tgrthaber.com\/mavikadin\/wp-content\/uploads\/haber-gorselleri-fotoshop-2025-06-07T105114.541-300x169.jpg 300w, https:\/\/www.tgrthaber.com\/mavikadin\/wp-content\/uploads\/haber-gorselleri-fotoshop-2025-06-07T105114.541-768x432.jpg 768w, https:\/\/www.tgrthaber.com\/mavikadin\/wp-content\/uploads\/haber-gorselleri-fotoshop-2025-06-07T105114.541-1536x864.jpg 1536w, https:\/\/www.tgrthaber.com\/mavikadin\/wp-content\/uploads\/haber-gorselleri-fotoshop-2025-06-07T105114.541.jpg 1600w\" sizes=\"(max-width: 1208px) 100vw, 1208px\" \/><\/p>\n<hr \/>\n<p>Nazl\u0131 Sabanc\u0131\u2019n\u0131n sosyal medya hesab\u0131nda payla\u015ft\u0131\u011f\u0131 tek bir deniz manzaras\u0131 foto\u011fraf\u0131 d\u0131\u015f\u0131nda tatille ilgili herhangi bir payla\u015f\u0131m yapmamas\u0131 da \u00e7iftin bu tatili daha \u00e7ok aile i\u00e7i bir dinlenme olarak de\u011ferlendirdi\u011fini g\u00f6steriyor. \u00d6zellikle k\u00fc\u00e7\u00fck k\u0131zlar\u0131n\u0131n do\u011fayla i\u00e7 i\u00e7e zaman ge\u00e7irmesinin \u00e7ift i\u00e7in \u00f6nemli bir tercih nedeni oldu\u011fu da konu\u015fuluyor.<\/p>\n","protected":false},"excerpt":{"rendered":"<p>Babal\u0131k davas\u0131 sonras\u0131 \u00f6zel hayat\u0131yla s\u0131k\u00e7a g\u00fcndeme gelen Hac\u0131 Sabanc\u0131, Kurban Bayram\u0131 tatilini e\u015fi Nazl\u0131 Sabanc\u0131 ve k\u0131zlar\u0131 ile Bodrum\u2019da ge\u00e7irdi. L\u00fcks teknelerinde g\u00f6r\u00fcnt\u00fclenen aile, sakin ve g\u00f6zlerden uzak bir tatil tercih etti. \u0130\u015fte detaylar\u2026<\/p>\n","protected":false},"author":34,"featured_media":188206,"comment_status":"closed","ping_status":"closed","sticky":false,"template":"","format":"standard","meta":{"rank_math_lock_modified_date":false,"footnotes":""},"categories":[76],"tags":[3431,133,2218,3463],"class_list":["post-188204","post","type-post","status-publish","format-standard","has-post-thumbnail","hentry","category-magazin","tag-haci-sabanci","tag-magazin","tag-magazin-haberleri","tag-nazli-sabanci"],"_links":{"self":[{"href":"https:\/\/www.tgrthaber.com\/mavikadin\/wp-json\/wp\/v2\/posts\/188204"}],"collection":[{"href":"https:\/\/www.tgrthaber.com\/mavikadin\/wp-json\/wp\/v2\/posts"}],"about":[{"href":"https:\/\/www.tgrthaber.com\/mavikadin\/wp-json\/wp\/v2\/types\/post"}],"author":[{"embeddable":true,"href":"https:\/\/www.tgrthaber.com\/mavikadin\/wp-json\/wp\/v2\/users\/34"}],"replies":[{"embeddable":true,"href":"https:\/\/www.tgrthaber.com\/mavikadin\/wp-json\/wp\/v2\/comments?post=188204"}],"version-history":[{"count":2,"href":"https:\/\/www.tgrthaber.com\/mavikadin\/wp-json\/wp\/v2\/posts\/188204\/revisions"}],"predecessor-version":[{"id":188212,"href":"https:\/\/www.tgrthaber.com\/mavikadin\/wp-json\/wp\/v2\/posts\/188204\/revisions\/188212"}],"wp:featuredmedia":[{"embeddable":true,"href":"https:\/\/www.tgrthaber.com\/mavikadin\/wp-json\/wp\/v2\/media\/188206"}],"wp:attachment":[{"href":"https:\/\/www.tgrthaber.com\/mavikadin\/wp-json\/wp\/v2\/media?parent=188204"}],"wp:term":[{"taxonomy":"category","embeddable":true,"href":"https:\/\/www.tgrthaber.com\/mavikadin\/wp-json\/wp\/v2\/categories?post=188204"},{"taxonomy":"post_tag","embeddable":true,"href":"https:\/\/www.tgrthaber.com\/mavikadin\/wp-json\/wp\/v2\/tags?post=188204"}],"curies":[{"name":"wp","href":"https:\/\/api.w.org\/{rel}","templated":true}]}}