{"id":188220,"date":"2025-06-07T12:04:10","date_gmt":"2025-06-07T09:04:10","guid":{"rendered":"https:\/\/www.tgrthaber.com\/mavikadin\/?p=188220"},"modified":"2025-06-07T12:04:10","modified_gmt":"2025-06-07T09:04:10","slug":"teknoloji-devi-dysonin-70-milyon-dolarlik-yati-kasta","status":"publish","type":"post","link":"https:\/\/www.tgrthaber.com\/mavikadin\/teknoloji-devi-dysonin-70-milyon-dolarlik-yati-kasta\/","title":{"rendered":"Teknoloji devi Dyson&#8217;\u0131n 70 milyon dolarl\u0131k yat\u0131 Ka\u015f\u2019ta!"},"content":{"rendered":"<p>\u0130ngiliz elektronik devi Dyson\u2019\u0131n kurucusu James Dyson, l\u00fcks ya\u015fam tarz\u0131yla bu yaz sezonuna da damgas\u0131n\u0131 vurdu. Torbas\u0131z elektrikli s\u00fcp\u00fcrge ve kurutma makineleriyle tan\u0131nan milyarder i\u015f insan\u0131, bu y\u0131lki tatil rotas\u0131n\u0131 T\u00fcrkiye\u2019nin g\u00f6zde turistik beldelerinden Ka\u015f\u2019a \u00e7evirdi. Dyson\u2019\u0131n 70 milyon dolarl\u0131k tarihi yat\u0131 The Nahlin, Ka\u015f k\u0131y\u0131lar\u0131na demirleyerek sezonun ilk milyarder konu\u011fu unvan\u0131n\u0131 da beraberinde getirdi.<\/p>\n<h3>SEZONUN \u0130LK M\u0130LYARDER\u0130<\/h3>\n<p>Akdeniz k\u0131y\u0131lar\u0131nda yaz sezonunu a\u00e7an ilk milyarder olarak dikkat \u00e7eken James Dyson, 1930 yap\u0131m\u0131 yat\u0131 The Nahlin ile Ka\u015f\u2019a \u00e7\u0131karma yapt\u0131. Ge\u00e7ti\u011fimiz y\u0131l haziran ay\u0131nda Marmaris koylar\u0131n\u0131 dola\u015fan Dyson, bu y\u0131l tercihini Antalya\u2019n\u0131n Ka\u015f il\u00e7esinden yana kullanarak l\u00fcks yat\u0131yla mavi tura \u00e7\u0131kt\u0131. Ka\u015f liman\u0131nda demirleyen The Nahlin, b\u00f6lgeye renk katarken, teknoloji devi Dyson\u2019\u0131n konforu ve g\u00f6rkemi seven tatil anlay\u0131\u015f\u0131n\u0131 da bir kez daha g\u00f6zler \u00f6n\u00fcne serdi.<\/p>\n<p><img loading=\"lazy\" decoding=\"async\" class=\"alignnone size-full wp-image-188228\" src=\"https:\/\/www.tgrthaber.com\/mavikadin\/wp-content\/uploads\/2-1194.png\" alt=\"\" width=\"1280\" height=\"720\" title=\"\" srcset=\"https:\/\/www.tgrthaber.com\/mavikadin\/wp-content\/uploads\/2-1194.png 1280w, https:\/\/www.tgrthaber.com\/mavikadin\/wp-content\/uploads\/2-1194-300x169.png 300w, https:\/\/www.tgrthaber.com\/mavikadin\/wp-content\/uploads\/2-1194-1024x576.png 1024w, https:\/\/www.tgrthaber.com\/mavikadin\/wp-content\/uploads\/2-1194-768x432.png 768w\" sizes=\"(max-width: 1280px) 100vw, 1280px\" \/><\/p>\n<hr \/>\n<h3>70 M\u0130LYON DOLARLIK TAR\u0130H\u0130 G\u00dcZELL\u0130K THE NAHL\u0130N<\/h3>\n<p>James Dyson\u2019\u0131n sahibi oldu\u011fu The Nahlin, s\u0131radan bir yat olman\u0131n \u00f6tesinde adeta y\u00fczen bir tarih hazinesi olarak \u00f6ne \u00e7\u0131k\u0131yor. 1930 y\u0131l\u0131nda d\u00f6nemin en zengin kad\u0131nlar\u0131ndan Annie Henrietta Yule i\u00e7in \u0130ngiltere\u2019de \u00f6zel olarak in\u015fa edilen yat, zarafeti ve ihti\u015fam\u0131yla y\u0131llara meydan okuyor. G\u00fcn\u00fcm\u00fczde Dyson\u2019\u0131n \u00f6zel koleksiyonunda yer alan The Nahlin, klasik tasar\u0131m\u0131 ve nostaljik ruhuyla, teknoloji \u00e7a\u011f\u0131n\u0131n milyarderleri i\u00e7in e\u015fsiz bir deneyim sunuyor.<\/p>\n<p><img loading=\"lazy\" decoding=\"async\" class=\"alignnone size-full wp-image-188230\" src=\"https:\/\/www.tgrthaber.com\/mavikadin\/wp-content\/uploads\/4-964.png\" alt=\"\" width=\"1280\" height=\"720\" title=\"\" srcset=\"https:\/\/www.tgrthaber.com\/mavikadin\/wp-content\/uploads\/4-964.png 1280w, https:\/\/www.tgrthaber.com\/mavikadin\/wp-content\/uploads\/4-964-300x169.png 300w, https:\/\/www.tgrthaber.com\/mavikadin\/wp-content\/uploads\/4-964-1024x576.png 1024w, https:\/\/www.tgrthaber.com\/mavikadin\/wp-content\/uploads\/4-964-768x432.png 768w\" sizes=\"(max-width: 1280px) 100vw, 1280px\" \/><\/p>\n<hr \/>\n<h3>L\u00dcKS TUTKUSUNU T\u00dcRK\u0130YE KIYILARINDA S\u00dcRD\u00dcR\u00dcYOR<\/h3>\n<p>James Dyson\u2019\u0131n T\u00fcrkiye ilgisi ise yeni de\u011fil. Ge\u00e7ti\u011fimiz yaz Marmaris koylar\u0131nda da g\u00f6r\u00fclen Dyson, bu y\u0131l tercihini Ka\u015f\u2019tan yana kullanarak T\u00fcrkiye k\u0131y\u0131lar\u0131na olan tutkusunu peki\u015ftirmi\u015f oldu. B\u00f6lge halk\u0131n\u0131n ve turistlerin ilgisini \u00e7eken Dyson\u2019\u0131n yat\u0131, Ka\u015f\u2019ta da ilgi oda\u011f\u0131 olmay\u0131 ba\u015fard\u0131.<\/p>\n<p><img loading=\"lazy\" decoding=\"async\" class=\"alignnone size-full wp-image-188231\" src=\"https:\/\/www.tgrthaber.com\/mavikadin\/wp-content\/uploads\/5-595.png\" alt=\"\" width=\"1280\" height=\"720\" title=\"\" srcset=\"https:\/\/www.tgrthaber.com\/mavikadin\/wp-content\/uploads\/5-595.png 1280w, https:\/\/www.tgrthaber.com\/mavikadin\/wp-content\/uploads\/5-595-300x169.png 300w, https:\/\/www.tgrthaber.com\/mavikadin\/wp-content\/uploads\/5-595-1024x576.png 1024w, https:\/\/www.tgrthaber.com\/mavikadin\/wp-content\/uploads\/5-595-768x432.png 768w\" sizes=\"(max-width: 1280px) 100vw, 1280px\" \/><\/p>\n<hr \/>\n<p>James Dyson\u2019\u0131n yaz planlar\u0131n\u0131n devam\u0131nda ba\u015fka hangi rotalar\u0131 se\u00e7ece\u011fi ise merak konusu. Teknoloji d\u00fcnyas\u0131n\u0131n dev ismi, l\u00fcks yat\u0131 ve kendine has tatil anlay\u0131\u015f\u0131yla T\u00fcrkiye k\u0131y\u0131lar\u0131nda \u015fimdiden b\u00fcy\u00fck bir heyecan uyand\u0131rd\u0131.<\/p>\n","protected":false},"excerpt":{"rendered":"<p>Torbas\u0131z elektrikli s\u00fcp\u00fcrgeleriyle teknoloji d\u00fcnyas\u0131nda \u00e7\u0131\u011f\u0131r a\u00e7an \u0130ngiliz i\u015f insan\u0131 James Dyson, bu yaz l\u00fcks tutkusu ile Ka\u015f k\u0131y\u0131lar\u0131na demir att\u0131. 70 milyon dolarl\u0131k tarihi yat\u0131 The Nahlin ile Akdeniz\u2019de tatil sezonunu a\u00e7an Dyson, Ka\u015f\u2019ta ilgi oda\u011f\u0131 oldu.<\/p>\n","protected":false},"author":28,"featured_media":188227,"comment_status":"closed","ping_status":"closed","sticky":false,"template":"","format":"standard","meta":{"rank_math_lock_modified_date":false,"footnotes":""},"categories":[76],"tags":[24015,24013,24016,24014,2218],"class_list":["post-188220","post","type-post","status-publish","format-standard","has-post-thumbnail","hentry","category-magazin","tag-dyson-kurucus","tag-james-dyson","tag-james-dyson-antalya","tag-james-dyson-yat","tag-magazin-haberleri"],"_links":{"self":[{"href":"https:\/\/www.tgrthaber.com\/mavikadin\/wp-json\/wp\/v2\/posts\/188220"}],"collection":[{"href":"https:\/\/www.tgrthaber.com\/mavikadin\/wp-json\/wp\/v2\/posts"}],"about":[{"href":"https:\/\/www.tgrthaber.com\/mavikadin\/wp-json\/wp\/v2\/types\/post"}],"author":[{"embeddable":true,"href":"https:\/\/www.tgrthaber.com\/mavikadin\/wp-json\/wp\/v2\/users\/28"}],"replies":[{"embeddable":true,"href":"https:\/\/www.tgrthaber.com\/mavikadin\/wp-json\/wp\/v2\/comments?post=188220"}],"version-history":[{"count":1,"href":"https:\/\/www.tgrthaber.com\/mavikadin\/wp-json\/wp\/v2\/posts\/188220\/revisions"}],"predecessor-version":[{"id":188232,"href":"https:\/\/www.tgrthaber.com\/mavikadin\/wp-json\/wp\/v2\/posts\/188220\/revisions\/188232"}],"wp:featuredmedia":[{"embeddable":true,"href":"https:\/\/www.tgrthaber.com\/mavikadin\/wp-json\/wp\/v2\/media\/188227"}],"wp:attachment":[{"href":"https:\/\/www.tgrthaber.com\/mavikadin\/wp-json\/wp\/v2\/media?parent=188220"}],"wp:term":[{"taxonomy":"category","embeddable":true,"href":"https:\/\/www.tgrthaber.com\/mavikadin\/wp-json\/wp\/v2\/categories?post=188220"},{"taxonomy":"post_tag","embeddable":true,"href":"https:\/\/www.tgrthaber.com\/mavikadin\/wp-json\/wp\/v2\/tags?post=188220"}],"curies":[{"name":"wp","href":"https:\/\/api.w.org\/{rel}","templated":true}]}}