{"id":188322,"date":"2025-06-07T16:03:03","date_gmt":"2025-06-07T13:03:03","guid":{"rendered":"https:\/\/www.tgrthaber.com\/mavikadin\/?p=188322"},"modified":"2025-06-07T16:03:03","modified_gmt":"2025-06-07T13:03:03","slug":"demet-ozdemir-kuslugu-bitirdi-kus-oldugu-babasiyla-duygusal-anlar-yasadi","status":"publish","type":"post","link":"https:\/\/www.tgrthaber.com\/mavikadin\/demet-ozdemir-kuslugu-bitirdi-kus-oldugu-babasiyla-duygusal-anlar-yasadi\/","title":{"rendered":"Demet \u00d6zdemir k\u00fcsl\u00fc\u011f\u00fc bitirdi! K\u00fcs oldu\u011fu babas\u0131yla duygusal anlar ya\u015fad\u0131"},"content":{"rendered":"<p>\u00dcnl\u00fc oyuncu Demet \u00d6zdemir, Kurban Bayram\u0131 tatilini f\u0131rsat bilerek uzun s\u00fcredir k\u00fcs oldu\u011fu babas\u0131yla aras\u0131ndaki buzlar\u0131 eritti. Yo\u011fun set temposundan k\u0131sa bir ara veren \u00d6zdemir, memleketi \u0130zmit\u2019e giderek baba oca\u011f\u0131nda duygusal anlar ya\u015fad\u0131.<\/p>\n<h3>UZUN S\u00dcRE G\u00d6R\u00dc\u015eMED\u0130KLER\u0130 ORTAYA \u00c7IKMI\u015eTI<\/h3>\n<p>Bir d\u00f6nem babas\u0131yla aralar\u0131n\u0131n a\u00e7\u0131k oldu\u011fu bilinen Demet \u00d6zdemir, daha \u00f6nce verdi\u011fi r\u00f6portajlarda aile ili\u015fkilerine dair samimi a\u00e7\u0131klamalarda bulunmu\u015ftu. \u201cHi\u00e7bir zaman bizden nefret etti\u011fini ya da sevmedi\u011fini d\u00fc\u015f\u00fcnmedim. Sadece \u00e7ok inat\u00e7\u0131d\u0131r,\u201d diyen g\u00fczel oyuncu, son y\u0131llarda babas\u0131yla g\u00f6r\u00fc\u015fmediklerini de dile getirmi\u015fti.<\/p>\n<p><img loading=\"lazy\" decoding=\"async\" class=\"alignnone size-full wp-image-188325\" src=\"https:\/\/www.tgrthaber.com\/mavikadin\/wp-content\/uploads\/3-1177.png\" alt=\"\" width=\"1280\" height=\"720\" title=\"\" srcset=\"https:\/\/www.tgrthaber.com\/mavikadin\/wp-content\/uploads\/3-1177.png 1280w, https:\/\/www.tgrthaber.com\/mavikadin\/wp-content\/uploads\/3-1177-300x169.png 300w, https:\/\/www.tgrthaber.com\/mavikadin\/wp-content\/uploads\/3-1177-1024x576.png 1024w, https:\/\/www.tgrthaber.com\/mavikadin\/wp-content\/uploads\/3-1177-768x432.png 768w\" sizes=\"(max-width: 1280px) 100vw, 1280px\" \/><\/p>\n<hr \/>\n<h3>PAYLA\u015eIMI DUYGULANDIRDI<\/h3>\n<p>Bayram sabah\u0131 babas\u0131yla \u00e7ekildi\u011fi duygusal bir foto\u011fraf\u0131 sosyal medya hesab\u0131ndan payla\u015fan \u00d6zdemir, g\u00f6nderisine \u201cBiraz dut, biraz kiraz ve baba kuca\u011f\u0131\u201d notunu d\u00fc\u015ft\u00fc. Takip\u00e7ileri taraf\u0131ndan b\u00fcy\u00fck be\u011feni toplayan bu payla\u015f\u0131m, hem sevenlerini hem de magazin d\u00fcnyas\u0131n\u0131 duyguland\u0131rd\u0131.<\/p>\n<p><img loading=\"lazy\" decoding=\"async\" class=\"alignnone size-full wp-image-188326\" src=\"https:\/\/www.tgrthaber.com\/mavikadin\/wp-content\/uploads\/4-968.png\" alt=\"\" width=\"1280\" height=\"720\" title=\"\" srcset=\"https:\/\/www.tgrthaber.com\/mavikadin\/wp-content\/uploads\/4-968.png 1280w, https:\/\/www.tgrthaber.com\/mavikadin\/wp-content\/uploads\/4-968-300x169.png 300w, https:\/\/www.tgrthaber.com\/mavikadin\/wp-content\/uploads\/4-968-1024x576.png 1024w, https:\/\/www.tgrthaber.com\/mavikadin\/wp-content\/uploads\/4-968-768x432.png 768w\" sizes=\"(max-width: 1280px) 100vw, 1280px\" \/><\/p>\n<hr \/>\n<h3>YO\u011eUN SET TEMPOSUNA ARA<\/h3>\n<p>Kanal D ekranlar\u0131nda yay\u0131nlanan \u201cE\u015fref R\u00fcya\u201d dizisindeki rol\u00fcyle ekranlarda boy g\u00f6steren Demet \u00d6zdemir, set temposuna k\u0131sa bir mola vererek ailesiyle hasret giderdi. Gen\u00e7 ya\u015f\u0131nda ad\u0131n\u0131 dans ve oyunculuk kariyeriyle duyuran \u00d6zdemir, son d\u00f6nemde hem yer ald\u0131\u011f\u0131 projeler hem de \u00f6zel hayat\u0131yla s\u0131k s\u0131k g\u00fcndeme geliyor.<\/p>\n<p><img loading=\"lazy\" decoding=\"async\" class=\"alignnone size-full wp-image-188324\" src=\"https:\/\/www.tgrthaber.com\/mavikadin\/wp-content\/uploads\/2-1199.png\" alt=\"\" width=\"1280\" height=\"720\" title=\"\" srcset=\"https:\/\/www.tgrthaber.com\/mavikadin\/wp-content\/uploads\/2-1199.png 1280w, https:\/\/www.tgrthaber.com\/mavikadin\/wp-content\/uploads\/2-1199-300x169.png 300w, https:\/\/www.tgrthaber.com\/mavikadin\/wp-content\/uploads\/2-1199-1024x576.png 1024w, https:\/\/www.tgrthaber.com\/mavikadin\/wp-content\/uploads\/2-1199-768x432.png 768w\" sizes=\"(max-width: 1280px) 100vw, 1280px\" \/><\/p>\n<hr \/>\n<h3>DEMET \u00d6ZDEM\u0130R K\u0130MD\u0130R?<\/h3>\n<p>26 \u015eubat 1992 tarihinde Kocaeli\u2019nde d\u00fcnyaya gelen Demet \u00d6zdemir, \u00e7ocuk ya\u015flarda dansa duydu\u011fu ilgiyle sanat d\u00fcnyas\u0131na ad\u0131m att\u0131. Beng\u00fc\u2019n\u00fcn dans ekibinde yer ald\u0131ktan sonra \u201cEfes K\u0131zlar\u0131\u201d dans grubunda da performans sergileyen \u00d6zdemir, k\u0131sa s\u00fcrede oyunculuk kariyerine ge\u00e7i\u015f yapt\u0131. \u201cSana Bir S\u0131r Verece\u011fim\u201d, \u201cKurt Seyit ve \u015eura\u201d, \u201c\u00c7ilek Kokusu\u201d ve \u201cErkenci Ku\u015f\u201d gibi yap\u0131mlarla geni\u015f bir hayran kitlesi edinen oyuncu, g\u00fczelli\u011fi ve enerjisiyle ekranlar\u0131n sevilen y\u00fczlerinden biri haline geldi.<\/p>\n<p>Bayram tatilinde ya\u015fanan bu aile bulu\u015fmas\u0131, Demet \u00d6zdemir\u2019in hayat\u0131ndaki yeni bir d\u00f6nemin de habercisi olabilir. Sevenleri, \u00fcnl\u00fc oyuncunun ailesiyle aras\u0131ndaki ba\u011flar\u0131 yeniden g\u00fc\u00e7lendirmesini mutlulukla kar\u015f\u0131lad\u0131.<\/p>\n","protected":false},"excerpt":{"rendered":"<p>Demet \u00d6zdemir, uzun s\u00fcredir k\u00fcs oldu\u011fu babas\u0131yla Kurban Bayram\u0131\u2019nda bar\u0131\u015farak baba oca\u011f\u0131nda duygusal anlar ya\u015fad\u0131.<\/p>\n","protected":false},"author":28,"featured_media":188323,"comment_status":"closed","ping_status":"closed","sticky":false,"template":"","format":"standard","meta":{"rank_math_lock_modified_date":false,"footnotes":""},"categories":[76],"tags":[2570,24034,24035,21283,2218],"class_list":["post-188322","post","type-post","status-publish","format-standard","has-post-thumbnail","hentry","category-magazin","tag-demet-ozdemir","tag-demet-ozdemir-babasi","tag-demet-ozdemir-bayram","tag-demet-ozdemir-kimdir","tag-magazin-haberleri"],"_links":{"self":[{"href":"https:\/\/www.tgrthaber.com\/mavikadin\/wp-json\/wp\/v2\/posts\/188322"}],"collection":[{"href":"https:\/\/www.tgrthaber.com\/mavikadin\/wp-json\/wp\/v2\/posts"}],"about":[{"href":"https:\/\/www.tgrthaber.com\/mavikadin\/wp-json\/wp\/v2\/types\/post"}],"author":[{"embeddable":true,"href":"https:\/\/www.tgrthaber.com\/mavikadin\/wp-json\/wp\/v2\/users\/28"}],"replies":[{"embeddable":true,"href":"https:\/\/www.tgrthaber.com\/mavikadin\/wp-json\/wp\/v2\/comments?post=188322"}],"version-history":[{"count":2,"href":"https:\/\/www.tgrthaber.com\/mavikadin\/wp-json\/wp\/v2\/posts\/188322\/revisions"}],"predecessor-version":[{"id":188328,"href":"https:\/\/www.tgrthaber.com\/mavikadin\/wp-json\/wp\/v2\/posts\/188322\/revisions\/188328"}],"wp:featuredmedia":[{"embeddable":true,"href":"https:\/\/www.tgrthaber.com\/mavikadin\/wp-json\/wp\/v2\/media\/188323"}],"wp:attachment":[{"href":"https:\/\/www.tgrthaber.com\/mavikadin\/wp-json\/wp\/v2\/media?parent=188322"}],"wp:term":[{"taxonomy":"category","embeddable":true,"href":"https:\/\/www.tgrthaber.com\/mavikadin\/wp-json\/wp\/v2\/categories?post=188322"},{"taxonomy":"post_tag","embeddable":true,"href":"https:\/\/www.tgrthaber.com\/mavikadin\/wp-json\/wp\/v2\/tags?post=188322"}],"curies":[{"name":"wp","href":"https:\/\/api.w.org\/{rel}","templated":true}]}}