{"id":188329,"date":"2025-06-07T16:19:17","date_gmt":"2025-06-07T13:19:17","guid":{"rendered":"https:\/\/www.tgrthaber.com\/mavikadin\/?p=188329"},"modified":"2025-06-07T16:19:17","modified_gmt":"2025-06-07T13:19:17","slug":"muazzez-akkaya-kimdir-kac-yasinda-muazzez-akkaya-kimle-evlendi","status":"publish","type":"post","link":"https:\/\/www.tgrthaber.com\/mavikadin\/muazzez-akkaya-kimdir-kac-yasinda-muazzez-akkaya-kimle-evlendi\/","title":{"rendered":"Muazzez Akkaya kimdir ka\u00e7 ya\u015f\u0131nda? Muazzez Akkaya kimle evlendi?"},"content":{"rendered":"<p>T\u00fcrk edebiyat\u0131n\u0131n en \u00e7ok konu\u015fulan isimlerinden biri olan Muazzez Akkaya, hem Sezai Karako\u00e7\u2019un \u201cMona Roza\u201d \u015fiirine hem de Cemal S\u00fcreya\u2019n\u0131n soyad\u0131na ilham kayna\u011f\u0131 olmas\u0131yla ad\u0131n\u0131 \u00f6l\u00fcms\u00fczle\u015ftirmi\u015f bir isimdir. \u0130\u015fte Muazzez Akkaya\u2019n\u0131n hayat\u0131, ya\u015f\u0131 ve evlilik hayat\u0131na dair merak edilen t\u00fcm detaylar&#8230;<\/p>\n<h3>MUAZZEZ AKKAYA K\u0130MD\u0130R?<\/h3>\n<p>Muazzez Akkaya, 1930 y\u0131l\u0131nda Sakarya\u2019n\u0131n Geyve il\u00e7esinde d\u00fcnyaya geldi. Lise e\u011fitimini Eski\u015fehir Lisesi\u2019nde tamamlad\u0131. Gen\u00e7lik y\u0131llar\u0131nda d\u00f6nemin pop\u00fcler k\u00fclt\u00fcr\u00fcnde yer almasa da, sonradan edebiyat d\u00fcnyas\u0131n\u0131n unutulmaz isimlerinden biri haline geldi. Akkaya\u2019n\u0131n ad\u0131 \u00f6zellikle \u00fcnl\u00fc \u015fair Sezai Karako\u00e7\u2019un yazd\u0131\u011f\u0131 \u201cMona Roza\u201d \u015fiiriyle an\u0131lmaya ba\u015flad\u0131.<\/p>\n<p>\u015eiirin Karako\u00e7\u2019un Akkaya\u2019ya olan platonik a\u015fk\u0131n\u0131 anlatt\u0131\u011f\u0131 ve bu \u015fiirin T\u00fcrk edebiyat\u0131n\u0131n en romantik eserlerinden biri olarak kabul edildi\u011fi biliniyor. Ayr\u0131ca Cemal S\u00fcreya\u2019n\u0131n soyad\u0131ndaki \u201cy\u201d harfini Akkaya y\u00fcz\u00fcnden eksiltti\u011fi de edebiyat \u00e7evrelerinde s\u0131k\u00e7a dile getirilen bir detay. Bu da Akkaya\u2019n\u0131n, d\u00f6nemin iki \u00f6nemli \u015fairi \u00fczerinde derin izler b\u0131rakt\u0131\u011f\u0131n\u0131n bir g\u00f6stergesi olarak dikkat \u00e7ekiyor.<\/p>\n<p><img loading=\"lazy\" decoding=\"async\" class=\"alignnone size-full wp-image-188332\" src=\"https:\/\/www.tgrthaber.com\/mavikadin\/wp-content\/uploads\/2-1200.png\" alt=\"\" width=\"1280\" height=\"720\" title=\"\" srcset=\"https:\/\/www.tgrthaber.com\/mavikadin\/wp-content\/uploads\/2-1200.png 1280w, https:\/\/www.tgrthaber.com\/mavikadin\/wp-content\/uploads\/2-1200-300x169.png 300w, https:\/\/www.tgrthaber.com\/mavikadin\/wp-content\/uploads\/2-1200-1024x576.png 1024w, https:\/\/www.tgrthaber.com\/mavikadin\/wp-content\/uploads\/2-1200-768x432.png 768w\" sizes=\"(max-width: 1280px) 100vw, 1280px\" \/><\/p>\n<hr \/>\n<h3>KA\u00c7 YA\u015eINDA?<\/h3>\n<p>Muazzez Akkaya, 1930 y\u0131l\u0131nda do\u011fmu\u015f ve 7 Haziran 2025 tarihinde, \u0130stanbul\u2019daki evinde 95 ya\u015f\u0131nda hayata veda etmi\u015ftir. Uzun \u00f6mr\u00fc boyunca hem hukuk hem de edebiyat d\u00fcnyas\u0131nda \u00f6nemli izler b\u0131rakmay\u0131 ba\u015farm\u0131\u015ft\u0131r.<\/p>\n<p><img loading=\"lazy\" decoding=\"async\" class=\"alignnone size-full wp-image-188335\" src=\"https:\/\/www.tgrthaber.com\/mavikadin\/wp-content\/uploads\/5-597.png\" alt=\"\" width=\"1280\" height=\"720\" title=\"\" srcset=\"https:\/\/www.tgrthaber.com\/mavikadin\/wp-content\/uploads\/5-597.png 1280w, https:\/\/www.tgrthaber.com\/mavikadin\/wp-content\/uploads\/5-597-300x169.png 300w, https:\/\/www.tgrthaber.com\/mavikadin\/wp-content\/uploads\/5-597-1024x576.png 1024w, https:\/\/www.tgrthaber.com\/mavikadin\/wp-content\/uploads\/5-597-768x432.png 768w\" sizes=\"(max-width: 1280px) 100vw, 1280px\" \/><\/p>\n<hr \/>\n<h3>HANG\u0130 \u0130\u015eLERLE U\u011eRA\u015eTI?<\/h3>\n<p>Edebiyat d\u00fcnyas\u0131nda ismi Sezai Karako\u00e7 ve Cemal S\u00fcreya ile an\u0131lsa da, Muazzez Akkaya uzun y\u0131llar Hazine avukat\u0131 olarak g\u00f6rev yapm\u0131\u015ft\u0131r. Kendine ait bir hayat kurarak hem ailesi hem de mesle\u011fi ile ad\u0131ndan s\u00f6z ettiren Akkaya, T\u00fcrk hukuk camias\u0131nda da \u00e7al\u0131\u015fkanl\u0131\u011f\u0131 ve disipliniyle tan\u0131nan bir isimdi.<\/p>\n<p><img loading=\"lazy\" decoding=\"async\" class=\"alignnone size-full wp-image-188333\" src=\"https:\/\/www.tgrthaber.com\/mavikadin\/wp-content\/uploads\/3-1178.png\" alt=\"\" width=\"1280\" height=\"720\" title=\"\" srcset=\"https:\/\/www.tgrthaber.com\/mavikadin\/wp-content\/uploads\/3-1178.png 1280w, https:\/\/www.tgrthaber.com\/mavikadin\/wp-content\/uploads\/3-1178-300x169.png 300w, https:\/\/www.tgrthaber.com\/mavikadin\/wp-content\/uploads\/3-1178-1024x576.png 1024w, https:\/\/www.tgrthaber.com\/mavikadin\/wp-content\/uploads\/3-1178-768x432.png 768w\" sizes=\"(max-width: 1280px) 100vw, 1280px\" \/><\/p>\n<hr \/>\n<h3>MUAZZEZ AKKAYA K\u0130MLE EVLEND\u0130?<\/h3>\n<p>Muazzez Akkaya, 7 Kas\u0131m 1958 tarihinde Orhan Giray ile d\u00fcnya evine girdi. Bu evlilikten \u00fc\u00e7 \u00e7ocuklar\u0131 d\u00fcnyaya geldi. Uzun y\u0131llar s\u00fcren mutlu bir evlilik hayat\u0131 ya\u015fayan Akkaya, hem ailesi hem de yak\u0131n \u00e7evresi taraf\u0131ndan sevilen ve sayg\u0131 duyulan bir anne ve e\u015f olarak tan\u0131nd\u0131.<\/p>\n<p><img loading=\"lazy\" decoding=\"async\" class=\"alignnone size-full wp-image-188336\" src=\"https:\/\/www.tgrthaber.com\/mavikadin\/wp-content\/uploads\/6-282.png\" alt=\"\" width=\"1280\" height=\"720\" title=\"\" srcset=\"https:\/\/www.tgrthaber.com\/mavikadin\/wp-content\/uploads\/6-282.png 1280w, https:\/\/www.tgrthaber.com\/mavikadin\/wp-content\/uploads\/6-282-300x169.png 300w, https:\/\/www.tgrthaber.com\/mavikadin\/wp-content\/uploads\/6-282-1024x576.png 1024w, https:\/\/www.tgrthaber.com\/mavikadin\/wp-content\/uploads\/6-282-768x432.png 768w\" sizes=\"(max-width: 1280px) 100vw, 1280px\" \/><\/p>\n<hr \/>\n<h3>EDEB\u0130YAT D\u00dcNYASINDAK\u0130 YER\u0130<\/h3>\n<p>Muazzez Akkaya, Sezai Karako\u00e7\u2019un kaleme ald\u0131\u011f\u0131 ve d\u00f6nemin en pop\u00fcler a\u015fk \u015fiirlerinden biri olan \u201cMona Roza\u201dya ilham verdi\u011fi gerek\u00e7esiyle edebiyat tarihine ad\u0131n\u0131 yazd\u0131rd\u0131. Karako\u00e7\u2019un platonik a\u015fk\u0131na konu olan Akkaya, \u015fiirin gizemli y\u00fcz\u00fc olarak dillerden d\u00fc\u015fmedi. Ayn\u0131 d\u00f6nemde Cemal S\u00fcreya\u2019n\u0131n da soyad\u0131ndaki bir harfi Akkaya y\u00fcz\u00fcnden eksiltmesi, onun \u015fairlerin kalbinde ve zihinlerinde nas\u0131l iz b\u0131rakt\u0131\u011f\u0131n\u0131 g\u00f6steriyor.<\/p>\n","protected":false},"excerpt":{"rendered":"<p>Muazzez Akkaya, T\u00fcrk edebiyat\u0131nda Sezai Karako\u00e7\u2019un \u201cMona Roza\u201d \u015fiirine ilham veren isim olarak tan\u0131n\u0131yor. Peki Muazzez Akkaya kimdir, ka\u00e7 ya\u015f\u0131nda ve kiminle evlendi? \u0130\u015fte detaylar&#8230;<\/p>\n","protected":false},"author":28,"featured_media":188331,"comment_status":"closed","ping_status":"closed","sticky":false,"template":"","format":"standard","meta":{"rank_math_lock_modified_date":false,"footnotes":""},"categories":[491],"tags":[3374,24036,24038,24037,24039],"class_list":["post-188329","post","type-post","status-publish","format-standard","has-post-thumbnail","hentry","category-biyografi","tag-biyografi","tag-muazzez-akkaya","tag-muazzez-akkaya-kac-yasinda","tag-muazzez-akkaya-kimdir","tag-muazzez-akkaya-kiminle-evli"],"_links":{"self":[{"href":"https:\/\/www.tgrthaber.com\/mavikadin\/wp-json\/wp\/v2\/posts\/188329"}],"collection":[{"href":"https:\/\/www.tgrthaber.com\/mavikadin\/wp-json\/wp\/v2\/posts"}],"about":[{"href":"https:\/\/www.tgrthaber.com\/mavikadin\/wp-json\/wp\/v2\/types\/post"}],"author":[{"embeddable":true,"href":"https:\/\/www.tgrthaber.com\/mavikadin\/wp-json\/wp\/v2\/users\/28"}],"replies":[{"embeddable":true,"href":"https:\/\/www.tgrthaber.com\/mavikadin\/wp-json\/wp\/v2\/comments?post=188329"}],"version-history":[{"count":2,"href":"https:\/\/www.tgrthaber.com\/mavikadin\/wp-json\/wp\/v2\/posts\/188329\/revisions"}],"predecessor-version":[{"id":188338,"href":"https:\/\/www.tgrthaber.com\/mavikadin\/wp-json\/wp\/v2\/posts\/188329\/revisions\/188338"}],"wp:featuredmedia":[{"embeddable":true,"href":"https:\/\/www.tgrthaber.com\/mavikadin\/wp-json\/wp\/v2\/media\/188331"}],"wp:attachment":[{"href":"https:\/\/www.tgrthaber.com\/mavikadin\/wp-json\/wp\/v2\/media?parent=188329"}],"wp:term":[{"taxonomy":"category","embeddable":true,"href":"https:\/\/www.tgrthaber.com\/mavikadin\/wp-json\/wp\/v2\/categories?post=188329"},{"taxonomy":"post_tag","embeddable":true,"href":"https:\/\/www.tgrthaber.com\/mavikadin\/wp-json\/wp\/v2\/tags?post=188329"}],"curies":[{"name":"wp","href":"https:\/\/api.w.org\/{rel}","templated":true}]}}