{"id":188371,"date":"2025-06-07T19:22:02","date_gmt":"2025-06-07T16:22:02","guid":{"rendered":"https:\/\/www.tgrthaber.com\/mavikadin\/?p=188371"},"modified":"2025-06-07T19:22:03","modified_gmt":"2025-06-07T16:22:03","slug":"yogun-bakimdaki-nihal-candana-moral-dopingi-hastane-ararken-hande-yener-yetisti","status":"publish","type":"post","link":"https:\/\/www.tgrthaber.com\/mavikadin\/yogun-bakimdaki-nihal-candana-moral-dopingi-hastane-ararken-hande-yener-yetisti\/","title":{"rendered":"Yo\u011fun bak\u0131mdaki Nihal Candan\u2019a moral dopingi! Hastane ararken Hande Yener yeti\u015fti"},"content":{"rendered":"<p>Yeme bozuklu\u011fu nedeniyle durumu a\u011f\u0131rla\u015fan ve yo\u011fun bak\u0131ma kald\u0131r\u0131lan sosyal medya fenomeni Nihal Candan, hayati bir s\u0131navdan ge\u00e7erken, s\u00fcrpriz bir destek \u00fcnl\u00fc \u015fark\u0131c\u0131 Hande Yener\u2019den geldi. Candan&#8217;\u0131n ailesi hastane aray\u0131\u015f\u0131ndayken devreye giren Yener, sadece yer bulmakla kalmad\u0131, g\u00f6r\u00fcnt\u00fcl\u00fc arama yaparak gen\u00e7 isme moral vermeyi de ihmal etmedi. Ya\u015fanan bu geli\u015fme, hem sosyal medyada hem de magazin d\u00fcnyas\u0131nda geni\u015f yank\u0131 uyand\u0131rd\u0131. T\u00fcm detaylar haberimizde&#8230;<\/p>\n<h3>29 BU\u00c7UK K\u0130LOYA KADAR D\u00dc\u015eT\u00dc!<\/h3>\n<p>Doland\u0131r\u0131c\u0131l\u0131k su\u00e7lamas\u0131yla tutukland\u0131ktan sonra sa\u011fl\u0131k durumu giderek k\u00f6t\u00fcle\u015fen sosyal medya fenomeni Nihal Candan, yo\u011fun bak\u0131mda tedavi alt\u0131na al\u0131nd\u0131.<\/p>\n<p><img loading=\"lazy\" decoding=\"async\" class=\"alignnone wp-image-188373\" src=\"https:\/\/www.tgrthaber.com\/mavikadin\/wp-content\/uploads\/Ekran-goruntusu-2025-06-07-190151-300x172.png\" alt=\"\" width=\"1208\" height=\"692\" title=\"\" srcset=\"https:\/\/www.tgrthaber.com\/mavikadin\/wp-content\/uploads\/Ekran-goruntusu-2025-06-07-190151-300x172.png 300w, https:\/\/www.tgrthaber.com\/mavikadin\/wp-content\/uploads\/Ekran-goruntusu-2025-06-07-190151.png 499w\" sizes=\"(max-width: 1208px) 100vw, 1208px\" \/><\/p>\n<hr \/>\n<p>Bu zorlu s\u00fcre\u00e7te Candan&#8217;\u0131n yard\u0131m\u0131na, \u00fcnl\u00fc \u015fark\u0131c\u0131 Hande Yener ko\u015ftu. Yener, sadece hastane bulunmas\u0131 a\u015famas\u0131nda de\u011fil, ayn\u0131 zamanda moral deste\u011fiyle de devreye girdi.<\/p>\n<p><img loading=\"lazy\" decoding=\"async\" class=\"alignnone wp-image-188374\" src=\"https:\/\/www.tgrthaber.com\/mavikadin\/wp-content\/uploads\/Ekran-goruntusu-2025-06-07-190300-300x169.png\" alt=\"\" width=\"1208\" height=\"680\" title=\"\" srcset=\"https:\/\/www.tgrthaber.com\/mavikadin\/wp-content\/uploads\/Ekran-goruntusu-2025-06-07-190300-300x169.png 300w, https:\/\/www.tgrthaber.com\/mavikadin\/wp-content\/uploads\/Ekran-goruntusu-2025-06-07-190300.png 501w\" sizes=\"(max-width: 1208px) 100vw, 1208px\" \/><\/p>\n<hr \/>\n<p>Candan, cezaevi s\u00fcrecinde ya\u015fad\u0131\u011f\u0131 yeme bozuklu\u011fu nedeniyle 29.5 kiloya kadar d\u00fc\u015ft\u00fc. Tahliyesinin ard\u0131ndan fenala\u015fan gen\u00e7 fenomen, Zincirlikuyu\u2019daki \u00f6zel bir hastanenin yo\u011fun bak\u0131m servisine kald\u0131r\u0131ld\u0131. Edinilen bilgilere g\u00f6re Candan&#8217;\u0131n kalbi iki kez durdu, ya\u015famsal fonksiyonlar\u0131nda ciddi risk olu\u015ftu.<\/p>\n<p><img loading=\"lazy\" decoding=\"async\" class=\"alignnone wp-image-188376\" src=\"https:\/\/www.tgrthaber.com\/mavikadin\/wp-content\/uploads\/Adsiz-tasarim-2-32-300x169.png\" alt=\"\" width=\"1208\" height=\"680\" title=\"\" srcset=\"https:\/\/www.tgrthaber.com\/mavikadin\/wp-content\/uploads\/Adsiz-tasarim-2-32-300x169.png 300w, https:\/\/www.tgrthaber.com\/mavikadin\/wp-content\/uploads\/Adsiz-tasarim-2-32-1024x576.png 1024w, https:\/\/www.tgrthaber.com\/mavikadin\/wp-content\/uploads\/Adsiz-tasarim-2-32-768x432.png 768w, https:\/\/www.tgrthaber.com\/mavikadin\/wp-content\/uploads\/Adsiz-tasarim-2-32-1536x864.png 1536w, https:\/\/www.tgrthaber.com\/mavikadin\/wp-content\/uploads\/Adsiz-tasarim-2-32.png 1920w\" sizes=\"(max-width: 1208px) 100vw, 1208px\" \/><\/p>\n<hr \/>\n<h3>HASTANE ARARKEN HANDE YENER YET\u0130\u015eT\u0130<\/h3>\n<p>Zor bir s\u00fcre\u00e7ten ge\u00e7en Candan ailesi, hastane aray\u0131\u015f\u0131nda zorluk ya\u015farken yard\u0131m eli Hande Yener&#8217;den geldi. \u00dcnl\u00fc sanat\u00e7\u0131, aileyle ileti\u015fime ge\u00e7erek \u00f6zel bir hastanenin bulunmas\u0131na destek oldu.<\/p>\n<p>Sadece bununla da kalmad\u0131. Hande Yener hastane s\u00fcreci boyunca da yak\u0131n temas kurmaya devam etti.<\/p>\n<p><img loading=\"lazy\" decoding=\"async\" class=\"alignnone wp-image-188377\" src=\"https:\/\/www.tgrthaber.com\/mavikadin\/wp-content\/uploads\/Adsiz-tasarim-3-32-300x169.png\" alt=\"\" width=\"1208\" height=\"680\" title=\"\" srcset=\"https:\/\/www.tgrthaber.com\/mavikadin\/wp-content\/uploads\/Adsiz-tasarim-3-32-300x169.png 300w, https:\/\/www.tgrthaber.com\/mavikadin\/wp-content\/uploads\/Adsiz-tasarim-3-32-1024x576.png 1024w, https:\/\/www.tgrthaber.com\/mavikadin\/wp-content\/uploads\/Adsiz-tasarim-3-32-768x432.png 768w, https:\/\/www.tgrthaber.com\/mavikadin\/wp-content\/uploads\/Adsiz-tasarim-3-32-1536x864.png 1536w, https:\/\/www.tgrthaber.com\/mavikadin\/wp-content\/uploads\/Adsiz-tasarim-3-32.png 1920w\" sizes=\"(max-width: 1208px) 100vw, 1208px\" \/><\/p>\n<hr \/>\n<h3>N\u0130HAL CANDAN&#8217;A MORAL DOP\u0130NG\u0130 HANDE YENER&#8217;DEN GELD\u0130<\/h3>\n<p>Hande Yener, Nihal Candan&#8217;\u0131n yo\u011fun bak\u0131mda oldu\u011fu d\u00f6nemde g\u00f6r\u00fcnt\u00fcl\u00fc arama yoluyla gen\u00e7 isme ula\u015farak moral verdi. Candan\u2019\u0131n sa\u011fl\u0131k durumunun ciddiyeti g\u00f6z \u00f6n\u00fcne al\u0131nd\u0131\u011f\u0131nda, bu g\u00f6r\u00fc\u015fme ailesi ve sevenleri i\u00e7in duygusal bir an olarak kay\u0131tlara ge\u00e7ti. Yener\u2019in deste\u011fi, Candan ailesi taraf\u0131ndan da b\u00fcy\u00fck bir takdirle kar\u015f\u0131land\u0131.<\/p>\n<p>Candan\u2019\u0131n tedavisi halen yo\u011fun bak\u0131m \u00fcnitesinde devam ediyor. Aileden gelen bilgilere g\u00f6re organ yetmezli\u011fi riski s\u00fcr\u00fcyor ve sa\u011fl\u0131k durumu yak\u0131ndan takip ediliyor.<\/p>\n","protected":false},"excerpt":{"rendered":"<p>Yo\u011fun bak\u0131mda tedavi g\u00f6ren Nihal Candan i\u00e7in hastane aray\u0131\u015f\u0131na destek olan Hande Yener, s\u00fcrece bizzat dahil oldu. Gen\u00e7 fenomeni g\u00f6r\u00fcnt\u00fcl\u00fc arayarak yan\u0131nda oldu\u011funu hissettiren Yener\u2019in bu jesti dikkat \u00e7ekti. \u0130\u015fte detaylar&#8230;<\/p>\n","protected":false},"author":35,"featured_media":188372,"comment_status":"closed","ping_status":"closed","sticky":false,"template":"","format":"standard","meta":{"rank_math_lock_modified_date":false,"footnotes":""},"categories":[76],"tags":[4889,133,8476,24046,24047],"class_list":["post-188371","post","type-post","status-publish","format-standard","has-post-thumbnail","hentry","category-magazin","tag-hande-yener","tag-magazin","tag-nihal-candan","tag-nihal-candan-destek","tag-nihal-candan-durumu"],"_links":{"self":[{"href":"https:\/\/www.tgrthaber.com\/mavikadin\/wp-json\/wp\/v2\/posts\/188371"}],"collection":[{"href":"https:\/\/www.tgrthaber.com\/mavikadin\/wp-json\/wp\/v2\/posts"}],"about":[{"href":"https:\/\/www.tgrthaber.com\/mavikadin\/wp-json\/wp\/v2\/types\/post"}],"author":[{"embeddable":true,"href":"https:\/\/www.tgrthaber.com\/mavikadin\/wp-json\/wp\/v2\/users\/35"}],"replies":[{"embeddable":true,"href":"https:\/\/www.tgrthaber.com\/mavikadin\/wp-json\/wp\/v2\/comments?post=188371"}],"version-history":[{"count":1,"href":"https:\/\/www.tgrthaber.com\/mavikadin\/wp-json\/wp\/v2\/posts\/188371\/revisions"}],"predecessor-version":[{"id":188378,"href":"https:\/\/www.tgrthaber.com\/mavikadin\/wp-json\/wp\/v2\/posts\/188371\/revisions\/188378"}],"wp:featuredmedia":[{"embeddable":true,"href":"https:\/\/www.tgrthaber.com\/mavikadin\/wp-json\/wp\/v2\/media\/188372"}],"wp:attachment":[{"href":"https:\/\/www.tgrthaber.com\/mavikadin\/wp-json\/wp\/v2\/media?parent=188371"}],"wp:term":[{"taxonomy":"category","embeddable":true,"href":"https:\/\/www.tgrthaber.com\/mavikadin\/wp-json\/wp\/v2\/categories?post=188371"},{"taxonomy":"post_tag","embeddable":true,"href":"https:\/\/www.tgrthaber.com\/mavikadin\/wp-json\/wp\/v2\/tags?post=188371"}],"curies":[{"name":"wp","href":"https:\/\/api.w.org\/{rel}","templated":true}]}}