{"id":188380,"date":"2025-06-07T20:07:13","date_gmt":"2025-06-07T17:07:13","guid":{"rendered":"https:\/\/www.tgrthaber.com\/mavikadin\/?p=188380"},"modified":"2025-06-07T20:07:13","modified_gmt":"2025-06-07T17:07:13","slug":"necati-aricidan-simale-yurek-yakan-paylasim-gorenler-gozyaslarini-tutamadi","status":"publish","type":"post","link":"https:\/\/www.tgrthaber.com\/mavikadin\/necati-aricidan-simale-yurek-yakan-paylasim-gorenler-gozyaslarini-tutamadi\/","title":{"rendered":"Necati Ar\u0131c\u0131\u2019dan \u015eimal\u2019e y\u00fcrek yakan payla\u015f\u0131m! G\u00f6renler g\u00f6zya\u015flar\u0131n\u0131 tutamad\u0131"},"content":{"rendered":"<p>\u015eimal&#8217;in vefat\u0131ndan bu yana sosyal medya payla\u015f\u0131mlar\u0131yla dikkat \u00e7eken Necati Ar\u0131c\u0131, bu kez duygusal y\u00fck\u00fc a\u011f\u0131r bir g\u00f6nderiyle takip\u00e7ilerini derinden etkiledi. Daha \u00f6nce defalarca \u015eimal&#8217;e olan \u00f6zlemini dile getiren Ar\u0131c\u0131, bu kez payla\u015ft\u0131\u011f\u0131 kareye ekledi\u011fi anlaml\u0131 sat\u0131rlarla resmen y\u00fcrek yakt\u0131. &#8220;\u00c7ok \u00f6zl\u00fcyorum seni Simo\u015fum&#8221; notuyla yapt\u0131\u011f\u0131 payla\u015f\u0131m, k\u0131sa s\u00fcrede duygusal yorumlarla doldu. Ar\u0131c\u0131\u2019n\u0131n i\u00e7ten ifadeleri, kayb\u0131n ard\u0131ndan ge\u00e7en zamana ra\u011fmen duygular\u0131n\u0131n ne denli taze oldu\u011funu bir kez daha ortaya koydu. \u0130\u015fte Necati Ar\u0131c\u0131\u2019dan \u015eimal\u2019e g\u00f6renleri a\u011flatan o son payla\u015f\u0131m\u2026<\/p>\n<h3>GE\u00c7M\u0130\u015e PAYLA\u015eIMLARIYLA DA D\u0130KKAT \u00c7EKM\u0130\u015eT\u0130<\/h3>\n<p>\u015eark\u0131c\u0131 \u015eimal&#8217;in hayat\u0131n\u0131 kaybetmesinin ard\u0131ndan Necati Ar\u0131c\u0131, ya\u015fad\u0131\u011f\u0131 ac\u0131y\u0131 zaman zaman sosyal medya \u00fczerinden dile getirdi. Daha \u00f6nce yapt\u0131\u011f\u0131 payla\u015f\u0131mlarda \u015eimal\u2019e olan sevgisini ve \u00f6zlemini ifade eden Ar\u0131c\u0131, s\u0131k s\u0131k birlikte \u00e7ekilmi\u015f karelerini yay\u0131mlayarak duygular\u0131n\u0131 takip\u00e7ileriyle payla\u015ft\u0131.<\/p>\n<p><img loading=\"lazy\" decoding=\"async\" class=\"alignnone wp-image-188385\" src=\"https:\/\/www.tgrthaber.com\/mavikadin\/wp-content\/uploads\/Simal-hastaneye-kaldirildi-esi-Necati-Aricidan-korkutan-aciklama-geldi-Ciddi-bir-nobet-gecirdi--300x169.webp\" alt=\"\" width=\"1208\" height=\"680\" title=\"\" srcset=\"https:\/\/www.tgrthaber.com\/mavikadin\/wp-content\/uploads\/Simal-hastaneye-kaldirildi-esi-Necati-Aricidan-korkutan-aciklama-geldi-Ciddi-bir-nobet-gecirdi--300x169.webp 300w, https:\/\/www.tgrthaber.com\/mavikadin\/wp-content\/uploads\/Simal-hastaneye-kaldirildi-esi-Necati-Aricidan-korkutan-aciklama-geldi-Ciddi-bir-nobet-gecirdi--1024x576.webp 1024w, https:\/\/www.tgrthaber.com\/mavikadin\/wp-content\/uploads\/Simal-hastaneye-kaldirildi-esi-Necati-Aricidan-korkutan-aciklama-geldi-Ciddi-bir-nobet-gecirdi--768x432.webp 768w, https:\/\/www.tgrthaber.com\/mavikadin\/wp-content\/uploads\/Simal-hastaneye-kaldirildi-esi-Necati-Aricidan-korkutan-aciklama-geldi-Ciddi-bir-nobet-gecirdi--1536x864.webp 1536w, https:\/\/www.tgrthaber.com\/mavikadin\/wp-content\/uploads\/Simal-hastaneye-kaldirildi-esi-Necati-Aricidan-korkutan-aciklama-geldi-Ciddi-bir-nobet-gecirdi-.webp 1600w\" sizes=\"(max-width: 1208px) 100vw, 1208px\" \/><\/p>\n<hr \/>\n<p>Ayn\u0131 zamanda, \u015eimal\u2019in ard\u0131ndan gelen bu duygusal i\u00e7erikler, sanat camias\u0131ndan da b\u00fcy\u00fck destek g\u00f6rm\u00fc\u015f ve bir\u00e7ok \u00fcnl\u00fc isim, Ar\u0131c\u0131\u2019n\u0131n payla\u015f\u0131mlar\u0131na yorum yaparak yan\u0131nda olduklar\u0131n\u0131 ifade etmi\u015fti.<\/p>\n<p><img loading=\"lazy\" decoding=\"async\" class=\"alignnone wp-image-188387\" src=\"https:\/\/www.tgrthaber.com\/mavikadin\/wp-content\/uploads\/simal-jpg_5340979-300x177.webp\" alt=\"\" width=\"1208\" height=\"715\" title=\"\" srcset=\"https:\/\/www.tgrthaber.com\/mavikadin\/wp-content\/uploads\/simal-jpg_5340979-300x177.webp 300w, https:\/\/www.tgrthaber.com\/mavikadin\/wp-content\/uploads\/simal-jpg_5340979.webp 617w\" sizes=\"(max-width: 1208px) 100vw, 1208px\" \/><\/p>\n<hr \/>\n<h3>NECAT\u0130 ARICI&#8217;DAN \u015e\u0130MAL&#8217;E Y\u00dcREK YAKAN PAYLA\u015eIM!<\/h3>\n<p>Her payla\u015f\u0131m\u0131nda \u015eimal&#8217;e duydu\u011fu \u00f6zlemi dile getiren Necati Ar\u0131c\u0131, bu kez birlikte \u00e7ekilmi\u015f bir kareyi takip\u00e7ileriyle payla\u015ft\u0131. Foto\u011frafta ikilinin samimi bir an\u0131 yer al\u0131rken, g\u00f6nderiye ekledi\u011fi k\u0131sa not duygusal etkisiyle \u00f6ne \u00e7\u0131kt\u0131.<\/p>\n<p>Ar\u0131c\u0131, \u201cHi\u00e7 \u00e7\u0131km\u0131yorsun akl\u0131mdan, sanki bir yerden \u00e7\u0131k\u0131p geleceksin gibi bekliyorum seni&#8230; \u00c7ok \u00f6zl\u00fcyorum seni Simo\u015fum\u201d s\u00f6zleriyle, tarifsiz bir \u00f6zlemi dile getirdi.<\/p>\n<p><img loading=\"lazy\" decoding=\"async\" class=\"alignnone wp-image-188382\" src=\"https:\/\/www.tgrthaber.com\/mavikadin\/wp-content\/uploads\/Adsiz-tasarim-4-31-300x169.png\" alt=\"\" width=\"1208\" height=\"680\" title=\"\" srcset=\"https:\/\/www.tgrthaber.com\/mavikadin\/wp-content\/uploads\/Adsiz-tasarim-4-31-300x169.png 300w, https:\/\/www.tgrthaber.com\/mavikadin\/wp-content\/uploads\/Adsiz-tasarim-4-31-1024x576.png 1024w, https:\/\/www.tgrthaber.com\/mavikadin\/wp-content\/uploads\/Adsiz-tasarim-4-31-768x432.png 768w, https:\/\/www.tgrthaber.com\/mavikadin\/wp-content\/uploads\/Adsiz-tasarim-4-31-1536x864.png 1536w, https:\/\/www.tgrthaber.com\/mavikadin\/wp-content\/uploads\/Adsiz-tasarim-4-31.png 1920w\" sizes=\"(max-width: 1208px) 100vw, 1208px\" \/><\/p>\n<hr \/>\n<p>Ar\u0131c\u0131\u2019n\u0131n \u201cTarifi olmayan bir ac\u0131 ya\u015f\u0131yorum\u201d ifadesiyle tamamlad\u0131\u011f\u0131 bu payla\u015f\u0131m, k\u0131sa s\u00fcrede yo\u011fun ilgi g\u00f6rd\u00fc.<\/p>\n<p><img loading=\"lazy\" decoding=\"async\" class=\"alignnone wp-image-188383\" src=\"https:\/\/www.tgrthaber.com\/mavikadin\/wp-content\/uploads\/681b31749f080fe239525f27-300x169.webp\" alt=\"\" width=\"1208\" height=\"680\" title=\"\" srcset=\"https:\/\/www.tgrthaber.com\/mavikadin\/wp-content\/uploads\/681b31749f080fe239525f27-300x169.webp 300w, https:\/\/www.tgrthaber.com\/mavikadin\/wp-content\/uploads\/681b31749f080fe239525f27.webp 750w\" sizes=\"(max-width: 1208px) 100vw, 1208px\" \/><\/p>\n<hr \/>\n<h3>TAK\u0130P\u00c7\u0130LER\u0130 DUYGULARINA ORTAK OLDU<\/h3>\n<p>Necati Ar\u0131c\u0131\u2019n\u0131n bu payla\u015f\u0131m\u0131, sosyal medyada b\u00fcy\u00fck yank\u0131 uyand\u0131rd\u0131. \u201cSeni anl\u0131yoruz\u201d, \u201c\u015eimal hep bizimle\u201d, \u201cG\u00f6zya\u015flar\u0131m\u0131 tutamad\u0131m\u201d gibi yorumlar, Ar\u0131c\u0131\u2019n\u0131n ac\u0131s\u0131n\u0131 payla\u015fan takip\u00e7ilerin yo\u011fun deste\u011fini g\u00f6sterdi.<\/p>\n<p><img loading=\"lazy\" decoding=\"async\" class=\"alignnone wp-image-188384\" src=\"https:\/\/www.tgrthaber.com\/mavikadin\/wp-content\/uploads\/i-1-21-300x169.webp\" alt=\"\" width=\"1208\" height=\"680\" title=\"\" srcset=\"https:\/\/www.tgrthaber.com\/mavikadin\/wp-content\/uploads\/i-1-21-300x169.webp 300w, https:\/\/www.tgrthaber.com\/mavikadin\/wp-content\/uploads\/i-1-21.webp 480w\" sizes=\"(max-width: 1208px) 100vw, 1208px\" \/><\/p>\n<hr \/>\n<h3>NECAT\u0130 ARICI K\u0130MD\u0130R?<\/h3>\n<p>Necati Ar\u0131c\u0131, uzun y\u0131llard\u0131r m\u00fczik d\u00fcnyas\u0131nda sesiyle ve duru\u015fuyla tan\u0131nan \u015eimal\u2019in hayat arkada\u015f\u0131 olarak tan\u0131nd\u0131. \u015eimal\u2019in 2021 y\u0131l\u0131nda meme kanseri te\u015fhisi almas\u0131n\u0131n ard\u0131ndan, Ar\u0131c\u0131 da onunla birlikte bu zorlu s\u00fcrece ad\u0131m att\u0131. Her daim \u015eimal&#8217;in bu s\u00fcre\u00e7te yan\u0131nda oldu.<\/p>\n<p>Sosyal medya \u00fczerinden yapt\u0131\u011f\u0131 samimi ve duygu dolu payla\u015f\u0131mlarla, sadece \u015eimal\u2019in de\u011fil, binlerce insan\u0131n kalbine dokundu. \u00d6zellikle \u015eimal\u2019in sa\u011fl\u0131k durumu ile ilgili geli\u015fmeleri sevenleriyle payla\u015fmas\u0131 ve deste\u011fini hi\u00e7bir zaman esirgememesiyle takdir toplad\u0131.<\/p>\n","protected":false},"excerpt":{"rendered":"<p>\u015eark\u0131c\u0131 \u015eimal\u2019in vefat\u0131n\u0131n ard\u0131ndan ac\u0131s\u0131n\u0131 sat\u0131rlara d\u00f6ken Necati Ar\u0131c\u0131, y\u00fcrek yakan payla\u015f\u0131mlar\u0131na bir yenisini daha ekledi. \u201cSimo\u015fum\u201d notuyla yapt\u0131\u011f\u0131 bu son payla\u015f\u0131m\u0131 g\u00f6renler ise g\u00f6zya\u015flar\u0131n\u0131 tutamad\u0131. \u0130\u015fte Necati Ar\u0131c\u0131\u2019dan \u015eimal\u2019e \u00f6zlem dolu sat\u0131rlarla yapt\u0131\u011f\u0131 o son payla\u015f\u0131m\u2026<\/p>\n","protected":false},"author":35,"featured_media":188381,"comment_status":"closed","ping_status":"closed","sticky":false,"template":"","format":"standard","meta":{"rank_math_lock_modified_date":false,"footnotes":""},"categories":[76],"tags":[133,20573,23619,544],"class_list":["post-188380","post","type-post","status-publish","format-standard","has-post-thumbnail","hentry","category-magazin","tag-magazin","tag-necati-arici","tag-necati-arici-paylasimi","tag-simal"],"_links":{"self":[{"href":"https:\/\/www.tgrthaber.com\/mavikadin\/wp-json\/wp\/v2\/posts\/188380"}],"collection":[{"href":"https:\/\/www.tgrthaber.com\/mavikadin\/wp-json\/wp\/v2\/posts"}],"about":[{"href":"https:\/\/www.tgrthaber.com\/mavikadin\/wp-json\/wp\/v2\/types\/post"}],"author":[{"embeddable":true,"href":"https:\/\/www.tgrthaber.com\/mavikadin\/wp-json\/wp\/v2\/users\/35"}],"replies":[{"embeddable":true,"href":"https:\/\/www.tgrthaber.com\/mavikadin\/wp-json\/wp\/v2\/comments?post=188380"}],"version-history":[{"count":2,"href":"https:\/\/www.tgrthaber.com\/mavikadin\/wp-json\/wp\/v2\/posts\/188380\/revisions"}],"predecessor-version":[{"id":188390,"href":"https:\/\/www.tgrthaber.com\/mavikadin\/wp-json\/wp\/v2\/posts\/188380\/revisions\/188390"}],"wp:featuredmedia":[{"embeddable":true,"href":"https:\/\/www.tgrthaber.com\/mavikadin\/wp-json\/wp\/v2\/media\/188381"}],"wp:attachment":[{"href":"https:\/\/www.tgrthaber.com\/mavikadin\/wp-json\/wp\/v2\/media?parent=188380"}],"wp:term":[{"taxonomy":"category","embeddable":true,"href":"https:\/\/www.tgrthaber.com\/mavikadin\/wp-json\/wp\/v2\/categories?post=188380"},{"taxonomy":"post_tag","embeddable":true,"href":"https:\/\/www.tgrthaber.com\/mavikadin\/wp-json\/wp\/v2\/tags?post=188380"}],"curies":[{"name":"wp","href":"https:\/\/api.w.org\/{rel}","templated":true}]}}